{"id":2375,"date":"2015-07-02T00:02:33","date_gmt":"2015-07-01T22:02:33","guid":{"rendered":"http:\/\/www.ohrlund.se\/blogg\/?p=2375"},"modified":"2015-07-02T00:02:33","modified_gmt":"2015-07-01T22:02:33","slug":"over-en-ol-i-almedalen","status":"publish","type":"post","link":"https:\/\/www.ohrlund.se\/blogg\/over-en-ol-i-almedalen\/","title":{"rendered":"\u00d6ver en \u00f6l i Almedalen"},"content":{"rendered":"<p><span style=\"text-decoration: underline;\"><strong>Scenen:<\/strong><\/span> En krog i Visby en ljummen sommarkv\u00e4ll. Medverkande:<\/p>\n<p><strong>H\u00f6gt uppsatt politiker A (man, r\u00f6dgr\u00f6na r\u00f6ran)<\/strong><\/p>\n<p><strong>H\u00f6gt uppsatt politiker B (kvinna, alliansr\u00f6ran).<\/strong><\/p>\n<p>A: \u201dSk\u00e5l p\u00e5 dig, sk\u00f6nt att vara h\u00e4r.\u201d<\/p>\n<p>B: \u201dSk\u00e5l! Rena semestern, tycker jag. H\u00e4r slipper man ju ta upp de riktiga problemen och kan svamla runt lite, bara.\u201d<\/p>\n<p>A: \u201dMen det har inte Jimmie fattat. Han tror att det \u00e4r p\u00e5 riktigt.\u201d<\/p>\n<p>B: \u201dJa, stackars sate. Men han blir v\u00e4l snart utbr\u00e4nd igen.\u201d<\/p>\n<p>A: \u201dMan kan ju alltid hoppas.\u00a0Men du, det \u00e4r ju ett j\u00e4vla liv i tidningarna om vad alla nyanl\u00e4nda st\u00e4ller till med. Inte bra, inte bra.\u201d<\/p>\n<p>B: \u201dErt fel, det \u00e4r ju ni som skyfflar in dem i parti och minut. Hur vore det att ha en <em>plan<\/em>?\u201d<\/p>\n<p>A: \u201dPlan och plan, det \u00e4r ju l\u00e4tt att s\u00e4ga. Och f\u00f6rresten \u00e4r alltihop Feffes fel. Var det inte han som sa att vi skulle \u00f6ppna v\u00e5ra hj\u00e4rtan, kanske?\u201d<\/p>\n<p>B: (fnissar) \u201dHj\u00e4rtan ja, men inte sv\u00e4ngd\u00f6rrar stora som Gotland. F\u00f6rresten gjorde han det d\u00e4r bara f\u00f6r att j\u00e4vlas med er innan han skulle avg\u00e5. En liten avskedspresent, liksom.\u201d<\/p>\n<p>A: \u201dJo, tack f\u00f6r den! Och vad g\u00f6r han nuf\u00f6rtiden?\u201d<\/p>\n<p>B: \u201dDejtar en brud, fnattar omkring en Fiat 500 och skriver bok.\u201d<\/p>\n<p>A: \u201dBok? <em>Feffe?<\/em> P\u00e5 allvar? Vad\u00e5 f\u00f6r bok?\u201d<\/p>\n<p>B: \u201dDet ryktas att titeln \u00e4r <em>50 shades of lies<\/em>, n\u00e5t politiskt erotiskt, liksom.\u201d<\/p>\n<p>A: \u201dHuvva, l\u00e5ter r\u00e4tt \u00e4ckligt.\u201d<\/p>\n<p>B: \u201dMen sluta hyckla, vi \u00e4r alla politiker.\u201d<\/p>\n<p>A: \u201dR\u00e4tt. Sk\u00e5l. Men du, den d\u00e4r aktuella debatten om gruppv\u00e5ldt\u00e4kter \u00e4r ju r\u00e4tt jobbig.\u201d<\/p>\n<p>B: \u201d\u00c4h, den bl\u00e5ser \u00f6ver, det kommer n\u00e5gon ny skit snart, typ en grekkris till. Det \u00e4r v\u00e4l v\u00e4rre med att n\u00e5gon listig j\u00e4vel har kommit p\u00e5 att vi inte bygger en tiondel s\u00e5 m\u00e5nga bost\u00e4der som beh\u00f6vs.\u201d<\/p>\n<p>A: \u201dDet hade inte beh\u00f6vts s\u00e5 m\u00e5nga om inte Feffe sagt att vi skulle \u00f6ppna v\u00e5ra hj\u00e4rtan. Men vafan, de kan v\u00e4l bo hos varandra s\u00e5 l\u00e4nge, det \u00e4r de ju vana vid. J\u00e4vla gn\u00e4ll, \u00e4r vad det \u00e4r. F\u00f6rresten ska jag flytta snart.\u201d<\/p>\n<p>B: \u201dSkaru? Kul! Vart och varf\u00f6r?\u201d<\/p>\n<p>A: \u201dTr\u00f6tt p\u00e5 att vara folklig, h\u00e4h\u00e4, s\u00e5 det blir innerstan nu. \u00d6stermalm. Blir n\u00e4stan granne med Jonas. Kan v\u00e4nstern s\u00e5 kan v\u00e4l jag, h\u00e4h\u00e4. Hittade en trea f\u00f6r sju\u00e5nhalvmiljon, vilket j\u00e4vla kap.<\/p>\n<p>B: &#8221;Renoveringsobjekt?&#8221;<\/p>\n<p>A: &#8221;Inte riktigt. En del m\u00e5ste ju fixas, k\u00f6k och badrum och s\u00e5. Men det l\u00e5nar jag till, det kostar ju inget. Och s\u00e5 k\u00f6r jag svart med hantverkarna, det \u00e4r mitt lilla ROT-avdrag, h\u00e4h\u00e4. Lyan blir skitfin, om\u00a0n\u00e5gra \u00e5r \u00e4r den uppe i tolv, kanske fjorton.\u201d<\/p>\n<p>B: \u201dPensionsf\u00f6rs\u00e4kring, liksom. Schysst.\u201d<\/p>\n<p>A: \u201dLiksom. Ska vi ha en \u00f6l till?\u201d<\/p>\n<p>B: \u201dMinst. Men du, visst \u00e4r det tjatigt att p\u00f6beln blandar ihop vall\u00f6ften med riktiga l\u00f6ften? Och att de anser sig ha r\u00e4tt att tycka s\u00e5 j\u00e4vla mycket. Det \u00e4r ju vi som f\u00e5r slita \u00e5t dem.\u201d<\/p>\n<p>A: \u201dPr\u00e4xist. Tur att vi fick l\u00f6neh\u00f6jning nu. Folk skulle ju bara veta hur mycket vi jobbar. Ingen fyrtiotimmarsvecka h\u00e4r inte.\u201d<\/p>\n<p>B: \u201dN\u00e4, jag har inte kommit upp i trettio p\u00e5 l\u00e4nge, hehe. Har ju lite att pyssla med p\u00e5 sidan, vettu, jag k\u00f6r lite konsult och s\u00e5.\u201d<\/p>\n<p>A: \u201d\u00c5h fan, h\u00e4ftigt. L\u00f6nar det sig?\u201d<\/p>\n<p>B: \u201dSkojar du? Jag tar tjuge papp f\u00f6r att snacka i en timme. Och mest skit, d\u00e5, hehe. Funderar faktiskt p\u00e5 att l\u00e4gga av politiken snart. Jag kan ju g\u00e5 med full pension och bara konsulta lite ist\u00e4llet. Slipper ju h\u00f6ra allt tjafs d\u00e5. F\u00e5r v\u00e4l skriva en bok ist\u00e4llet \u2013 <em>Fifty shades of bullshit<\/em>. Lika bra att dra innan Jimmie \u00e4r uppe i tjufem procent och det l\u00e4r v\u00e4l g\u00e5 fort med er politik.\u201d<\/p>\n<p>A: \u201dHahaha, ingen dum id\u00e9. Men du, f\u00f6rresten <em>(stirrar nu lystet p\u00e5 B:s nylonkl\u00e4dda l\u00e5r under den korta kjolen)<\/em>, ska vi inte g\u00e5 \u00f6ver till mitt hotell och ta en drink p\u00e5 rummet? Vi kanske kan n\u00e5 en liten juni\u00f6verenskommelse, h\u00e4h\u00e4.\u201d<\/p>\n<p>B: \u201dBlock\u00f6verskridande samarbete, menar du? OK, vi g\u00f6r en kompromiss d\u00e5. Om jag g\u00e5r med p\u00e5 det s\u00e5 f\u00e5r du g\u00f6ra jobbet.\u201d<\/p>\n<p>A: \u201dJa, nu ska vi v\u00e4l inte g\u00f6ra l\u00e5ngb\u00e4nk av det h\u00e4r. Drick upp s\u00e5 tar jag notan och s\u00e5 g\u00e5r vi.\u201d<\/p>\n<p>B: \u201dDet kallar jag korta beslutsv\u00e4gar. Synd att du \u00e4r i fel parti. Men jag kan v\u00e4l inte bli smittad av en enda natt. Kom nu \u2026 \u201d<\/p>\n<p><strong>En vanlig kv\u00e4ll i Almedalen, allts\u00e5. Kom nu ih\u00e5g att hela den h\u00e4r historien \u00e4r p\u00e5hittad.<\/strong><\/p>\n<p><strong>Eller \u2026?<\/strong><\/p>\n<p>&nbsp;<\/p>\n<div id=\"wp_fb_like_button\" style=\"margin:5px 0;float:none;height:100px;\"><script src=\"http:\/\/connect.facebook.net\/en_US\/all.js#xfbml=1\"><\/script><fb:like href=\"https:\/\/www.ohrlund.se\/blogg\/over-en-ol-i-almedalen\/\" send=\"true\" layout=\"standard\" width=\"450\" show_faces=\"true\" font=\"arial\" action=\"like\" colorscheme=\"light\"><\/fb:like><\/div>","protected":false},"excerpt":{"rendered":"<p>Scenen: En krog i Visby en ljummen sommarkv\u00e4ll. Medverkande: H\u00f6gt uppsatt politiker A (man, r\u00f6dgr\u00f6na r\u00f6ran) H\u00f6gt uppsatt politiker B (kvinna, alliansr\u00f6ran). A: \u201dSk\u00e5l p\u00e5 dig, sk\u00f6nt att vara h\u00e4r.\u201d B: \u201dSk\u00e5l! Rena semestern, tycker jag. H\u00e4r slipper man ju &hellip; <a href=\"https:\/\/www.ohrlund.se\/blogg\/over-en-ol-i-almedalen\/\">Forts\u00e4tt l\u00e4sa <span class=\"meta-nav\">&rarr;<\/span><\/a><\/p>\n","protected":false},"author":2,"featured_media":0,"comment_status":"open","ping_status":"open","sticky":false,"template":"","format":"standard","meta":{"_jetpack_memberships_contains_paid_content":false,"footnotes":""},"categories":[1],"tags":[],"class_list":["post-2375","post","type-post","status-publish","format-standard","hentry","category-okategoriserade"],"jetpack_featured_media_url":"","jetpack_sharing_enabled":true,"post_mailing_queue_ids":[],"_links":{"self":[{"href":"https:\/\/www.ohrlund.se\/blogg\/wp-json\/wp\/v2\/posts\/2375","targetHints":{"allow":["GET"]}}],"collection":[{"href":"https:\/\/www.ohrlund.se\/blogg\/wp-json\/wp\/v2\/posts"}],"about":[{"href":"https:\/\/www.ohrlund.se\/blogg\/wp-json\/wp\/v2\/types\/post"}],"author":[{"embeddable":true,"href":"https:\/\/www.ohrlund.se\/blogg\/wp-json\/wp\/v2\/users\/2"}],"replies":[{"embeddable":true,"href":"https:\/\/www.ohrlund.se\/blogg\/wp-json\/wp\/v2\/comments?post=2375"}],"version-history":[{"count":5,"href":"https:\/\/www.ohrlund.se\/blogg\/wp-json\/wp\/v2\/posts\/2375\/revisions"}],"predecessor-version":[{"id":2380,"href":"https:\/\/www.ohrlund.se\/blogg\/wp-json\/wp\/v2\/posts\/2375\/revisions\/2380"}],"wp:attachment":[{"href":"https:\/\/www.ohrlund.se\/blogg\/wp-json\/wp\/v2\/media?parent=2375"}],"wp:term":[{"taxonomy":"category","embeddable":true,"href":"https:\/\/www.ohrlund.se\/blogg\/wp-json\/wp\/v2\/categories?post=2375"},{"taxonomy":"post_tag","embeddable":true,"href":"https:\/\/www.ohrlund.se\/blogg\/wp-json\/wp\/v2\/tags?post=2375"}],"curies":[{"name":"wp","href":"https:\/\/api.w.org\/{rel}","templated":true}]}}