{"id":2381,"date":"2015-07-02T20:12:40","date_gmt":"2015-07-02T18:12:40","guid":{"rendered":"http:\/\/www.ohrlund.se\/blogg\/?p=2381"},"modified":"2015-07-02T20:12:40","modified_gmt":"2015-07-02T18:12:40","slug":"nar-blev-det-fult-att-tycka-om-sitt-land","status":"publish","type":"post","link":"https:\/\/www.ohrlund.se\/blogg\/nar-blev-det-fult-att-tycka-om-sitt-land\/","title":{"rendered":"N\u00e4r blev det fult att tycka om sitt land..?"},"content":{"rendered":"<p><strong>Jag sitter bara fyrtio\u00e5tta mil<\/strong> fr\u00e5n USA:s absolut sydligaste punkt (varifr\u00e5n det faktiskt bara \u00e4r ett rej\u00e4lt stenkast till Castros Kuba) och tittar i kalendern.<\/p>\n<p><strong>Snart dags.<\/strong><\/p>\n<p><a href=\"https:\/\/www.ohrlund.se\/blogg\/wp-content\/uploads\/2015\/07\/Happy-4th-of-July.jpg\"><img loading=\"lazy\" decoding=\"async\" class=\"alignleft size-full wp-image-2387\" src=\"https:\/\/www.ohrlund.se\/blogg\/wp-content\/uploads\/2015\/07\/Happy-4th-of-July.jpg\" alt=\"Happy-4th-of-July\" width=\"850\" height=\"315\" srcset=\"https:\/\/www.ohrlund.se\/blogg\/wp-content\/uploads\/2015\/07\/Happy-4th-of-July.jpg 850w, https:\/\/www.ohrlund.se\/blogg\/wp-content\/uploads\/2015\/07\/Happy-4th-of-July-300x111.jpg 300w, https:\/\/www.ohrlund.se\/blogg\/wp-content\/uploads\/2015\/07\/Happy-4th-of-July-500x185.jpg 500w\" sizes=\"auto, (max-width: 850px) 100vw, 850px\" \/><\/a><\/p>\n<p><strong>Hantverkaren<\/strong> som nyss var h\u00e4r (amerikan) sa att han hoppades slippa jobba i morgon f\u00f6r att han ville f\u00f6rbereda sig. Hantverkarna som var h\u00e4r i g\u00e5r (kubaner) sa att de \u00e4r stolta amerikaner och att de ska fira p\u00e5 l\u00f6rdag.<\/p>\n<p><strong>Jag ser redan<\/strong> den amerikanska flaggan p\u00e5 fler bilar och motorcyklar \u00e4n jag sett under de senaste veckorna. Aff\u00e4rerna fylls med patriotprylar &#8211; tallrikar, dekaler, hattar, t-shirts, v\u00e4skor, banderoller, marschaller, pennor, servetter, dukar, muggar, plastglas, ballonger och gudvetvad &#8211; med stars-and-stripes-m\u00f6nster. Man kan tycka precis vad man vill om detta kommersiella fyrverkeri, men jag\u00a0blir barnsligt f\u00f6rtjust av att se de vackra f\u00e4rgerna.<\/p>\n<p><img loading=\"lazy\" decoding=\"async\" class=\"alignleft  wp-image-2383\" src=\"https:\/\/www.ohrlund.se\/blogg\/wp-content\/uploads\/2015\/07\/Happy-4th-3.jpg\" alt=\"Happy 4th 3\" width=\"195\" height=\"195\" srcset=\"https:\/\/www.ohrlund.se\/blogg\/wp-content\/uploads\/2015\/07\/Happy-4th-3.jpg 550w, https:\/\/www.ohrlund.se\/blogg\/wp-content\/uploads\/2015\/07\/Happy-4th-3-150x150.jpg 150w, https:\/\/www.ohrlund.se\/blogg\/wp-content\/uploads\/2015\/07\/Happy-4th-3-300x300.jpg 300w\" sizes=\"auto, (max-width: 195px) 100vw, 195px\" \/><\/p>\n<p><img loading=\"lazy\" decoding=\"async\" class=\"alignleft  wp-image-2382\" src=\"https:\/\/www.ohrlund.se\/blogg\/wp-content\/uploads\/2015\/07\/Happy-4th-2.jpg\" alt=\"Happy 4th 2\" width=\"187\" height=\"187\" srcset=\"https:\/\/www.ohrlund.se\/blogg\/wp-content\/uploads\/2015\/07\/Happy-4th-2.jpg 900w, https:\/\/www.ohrlund.se\/blogg\/wp-content\/uploads\/2015\/07\/Happy-4th-2-150x150.jpg 150w, https:\/\/www.ohrlund.se\/blogg\/wp-content\/uploads\/2015\/07\/Happy-4th-2-300x300.jpg 300w\" sizes=\"auto, (max-width: 187px) 100vw, 187px\" \/><\/p>\n<p>&nbsp;<\/p>\n<p>&nbsp;<\/p>\n<p>&nbsp;<\/p>\n<p>&nbsp;<\/p>\n<p>&nbsp;<\/p>\n<p><strong>Det handlar om<\/strong> en m\u00f6jlighet att fira, om gemenskap, om festst\u00e4mning.<\/p>\n<p><strong>Men ocks\u00e5 &#8211; viktigast av allt &#8211; om stolthet<\/strong> \u00f6ver att vara amerikan. Stolthet \u00f6ver sitt land.\u00a0Det d\u00e4r som vi har tappat en stor del av, f\u00f6rutom n\u00e4r Sverige vinner i fotboll eller hockey. D\u00e5 \u00e4r det ok att tjoa och vifta med flaggan, samlas i Kungstr\u00e4dg\u00e5rden eller p\u00e5 Sergels Torg f\u00f6r att hylla hj\u00e4ltarna (vilket \u00e4r r\u00e4tt och bra).<\/p>\n<p><strong>Men inte annars.<\/strong><\/p>\n<p><strong>De invandrare<\/strong> jag tr\u00e4ffar h\u00e4r \u00e4r om\u00e5ttligt stolta \u00f6ver att ha klarat de 100 viktiga fr\u00e5gor som de m\u00e5ste kunna besvara om de vill f\u00e5 medborgarskap: Vem var den f\u00f6rste presidenten? Vad inneb\u00e4r konstitutionen? Vad betyder religionsfrihet? Och s\u00e5 vidare.<\/p>\n<p><strong>Mina invandrarv\u00e4nner i Sverige<\/strong> \u00e4r mer stolta \u00f6ver att vara svenskar, \u00e4n n\u00e5gon svensk jag k\u00e4nner. De m\u00e5nga taxichauff\u00f6rer &#8211; fr\u00e5n Iran, Irak, Kurdistan, Eritrea, Grekland, Libanon, Litauen &#8211; jag \u00e5ker med fr\u00e5gar varf\u00f6r vi inte \u00e4r stolta \u00f6ver v\u00e5rt land, varf\u00f6r vi inte viftar med flaggor, varf\u00f6r vi inte f\u00f6rsvarar v\u00e5ra lagar b\u00e4ttre mot dem som kommer till oss och bryter mot dem?<\/p>\n<p><strong>Jag har inget svar. Och jag k\u00e4nner mig dum.<\/strong><\/p>\n<p><img loading=\"lazy\" decoding=\"async\" class=\"alignleft  wp-image-2384\" src=\"https:\/\/www.ohrlund.se\/blogg\/wp-content\/uploads\/2015\/07\/Happy-4th-4.jpg\" alt=\"Happy 4th 4\" width=\"294\" height=\"199\" \/><\/p>\n<p><a href=\"https:\/\/www.ohrlund.se\/blogg\/wp-content\/uploads\/2015\/07\/Happy-4th-6.jpg\"><img loading=\"lazy\" decoding=\"async\" class=\"alignleft  wp-image-2386\" src=\"https:\/\/www.ohrlund.se\/blogg\/wp-content\/uploads\/2015\/07\/Happy-4th-6.jpg\" alt=\"Happy 4th 6\" width=\"176\" height=\"196\" \/><\/a><\/p>\n<p>&nbsp;<\/p>\n<p>&nbsp;<\/p>\n<p>&nbsp;<\/p>\n<p><em>Patriotism. N\u00e4r blev det fult i Sverige?<\/em><\/p>\n<p><strong>\u00d6msom bedr\u00f6vad,<\/strong> \u00f6msom ilsken och \u00f6msom kr\u00e4kf\u00e4rdig l\u00e4ser jag den ena h\u00e5rresande historien efter den andra i svenska tidningar. Om hur nationals\u00e5ngen inte f\u00e5r sjungas p\u00e5 skolavslutningen. Om hur den svenska flaggan inte f\u00e5r hissas. Om hur taxichauff\u00f6rer p\u00e5 Arlanda inte f\u00e5r ha den svenska flaggan, eller n\u00e5gon annan svensk symbol, i bakrutan medan chauff\u00f6rer fr\u00e5n andra l\u00e4nder g\u00e4rna f\u00e5r klistra upp sina flaggor.<\/p>\n<p><strong>F\u00f6r n\u00e5gon kan ju bli <em>kr\u00e4nkt<\/em>.\u00a0<\/strong>Det v\u00e4rsta som kan h\u00e4nda i Sverige &#8211; v\u00e4rre \u00e4n restskatt, ebola och terrord\u00e5d.<\/p>\n<p><strong>Danskarna \u00e4r,<\/strong> med all r\u00e4tt, om\u00e5ttligt stolta \u00f6ver sitt land och sin flagga. Norrm\u00e4nnen g\u00e5r man ur huse och tjoar natten l\u00e5ng den 17 maj och h\u00e4r kommer hela himlen att explodera den 4 juli.<\/p>\n<p><img loading=\"lazy\" decoding=\"async\" class=\"alignleft size-full wp-image-2385\" src=\"https:\/\/www.ohrlund.se\/blogg\/wp-content\/uploads\/2015\/07\/Happy-4th-5.jpg\" alt=\"Happy 4th 5\" width=\"851\" height=\"315\" srcset=\"https:\/\/www.ohrlund.se\/blogg\/wp-content\/uploads\/2015\/07\/Happy-4th-5.jpg 851w, https:\/\/www.ohrlund.se\/blogg\/wp-content\/uploads\/2015\/07\/Happy-4th-5-300x111.jpg 300w, https:\/\/www.ohrlund.se\/blogg\/wp-content\/uploads\/2015\/07\/Happy-4th-5-500x185.jpg 500w\" sizes=\"auto, (max-width: 851px) 100vw, 851px\" \/><\/p>\n<p>&nbsp;<\/p>\n<p><strong>Var tog <em>v\u00e5r<\/em><\/strong> patriotism v\u00e4gen? N\u00e4r blev det fult att vara en stolt svensk?<\/p>\n<p><strong>Jag \u00e4r stolt \u00f6ver att vara svensk.<\/strong> Jag \u00e4r ocks\u00e5 tacksam och glad \u00f6ver att f\u00e5 vara h\u00e4r i mitt andra hemland p\u00e5 \u00e5rets kanske viktigaste dag.<\/p>\n<p><strong>Och nej &#8211; jag sk\u00e4ms inte<\/strong> f\u00f6r n\u00e5gotdera. Fr\u00e5gor p\u00e5 det?<\/p>\n<p><a href=\"https:\/\/www.ohrlund.se\/blogg\/wp-content\/uploads\/2015\/07\/svenska-flaggan.jpg\"><img loading=\"lazy\" decoding=\"async\" class=\"alignleft  wp-image-2389\" src=\"https:\/\/www.ohrlund.se\/blogg\/wp-content\/uploads\/2015\/07\/svenska-flaggan.jpg\" alt=\"svenska flaggan\" width=\"537\" height=\"419\" \/><\/a><\/p>\n<p><a href=\"https:\/\/www.ohrlund.se\/blogg\/wp-content\/uploads\/2015\/07\/american-eagle.jpg\"><img loading=\"lazy\" decoding=\"async\" class=\"alignleft  wp-image-2388\" src=\"https:\/\/www.ohrlund.se\/blogg\/wp-content\/uploads\/2015\/07\/american-eagle.jpg\" alt=\"american eagle\" width=\"552\" height=\"340\" \/><\/a><\/p>\n<div id=\"wp_fb_like_button\" style=\"margin:5px 0;float:none;height:100px;\"><script src=\"http:\/\/connect.facebook.net\/en_US\/all.js#xfbml=1\"><\/script><fb:like href=\"https:\/\/www.ohrlund.se\/blogg\/nar-blev-det-fult-att-tycka-om-sitt-land\/\" send=\"true\" layout=\"standard\" width=\"450\" show_faces=\"true\" font=\"arial\" action=\"like\" colorscheme=\"light\"><\/fb:like><\/div>","protected":false},"excerpt":{"rendered":"<p>Jag sitter bara fyrtio\u00e5tta mil fr\u00e5n USA:s absolut sydligaste punkt (varifr\u00e5n det faktiskt bara \u00e4r ett rej\u00e4lt stenkast till Castros Kuba) och tittar i kalendern. Snart dags. Hantverkaren som nyss var h\u00e4r (amerikan) sa att han hoppades slippa jobba i &hellip; <a href=\"https:\/\/www.ohrlund.se\/blogg\/nar-blev-det-fult-att-tycka-om-sitt-land\/\">Forts\u00e4tt l\u00e4sa <span class=\"meta-nav\">&rarr;<\/span><\/a><\/p>\n","protected":false},"author":2,"featured_media":0,"comment_status":"open","ping_status":"open","sticky":false,"template":"","format":"standard","meta":{"_jetpack_memberships_contains_paid_content":false,"footnotes":""},"categories":[1],"tags":[],"class_list":["post-2381","post","type-post","status-publish","format-standard","hentry","category-okategoriserade"],"jetpack_featured_media_url":"","jetpack_sharing_enabled":true,"post_mailing_queue_ids":[],"_links":{"self":[{"href":"https:\/\/www.ohrlund.se\/blogg\/wp-json\/wp\/v2\/posts\/2381","targetHints":{"allow":["GET"]}}],"collection":[{"href":"https:\/\/www.ohrlund.se\/blogg\/wp-json\/wp\/v2\/posts"}],"about":[{"href":"https:\/\/www.ohrlund.se\/blogg\/wp-json\/wp\/v2\/types\/post"}],"author":[{"embeddable":true,"href":"https:\/\/www.ohrlund.se\/blogg\/wp-json\/wp\/v2\/users\/2"}],"replies":[{"embeddable":true,"href":"https:\/\/www.ohrlund.se\/blogg\/wp-json\/wp\/v2\/comments?post=2381"}],"version-history":[{"count":2,"href":"https:\/\/www.ohrlund.se\/blogg\/wp-json\/wp\/v2\/posts\/2381\/revisions"}],"predecessor-version":[{"id":2391,"href":"https:\/\/www.ohrlund.se\/blogg\/wp-json\/wp\/v2\/posts\/2381\/revisions\/2391"}],"wp:attachment":[{"href":"https:\/\/www.ohrlund.se\/blogg\/wp-json\/wp\/v2\/media?parent=2381"}],"wp:term":[{"taxonomy":"category","embeddable":true,"href":"https:\/\/www.ohrlund.se\/blogg\/wp-json\/wp\/v2\/categories?post=2381"},{"taxonomy":"post_tag","embeddable":true,"href":"https:\/\/www.ohrlund.se\/blogg\/wp-json\/wp\/v2\/tags?post=2381"}],"curies":[{"name":"wp","href":"https:\/\/api.w.org\/{rel}","templated":true}]}}