{"id":2417,"date":"2015-08-01T19:05:26","date_gmt":"2015-08-01T17:05:26","guid":{"rendered":"http:\/\/www.ohrlund.se\/blogg\/?p=2417"},"modified":"2015-08-01T19:05:26","modified_gmt":"2015-08-01T17:05:26","slug":"funderingar-fran-en-hemresande","status":"publish","type":"post","link":"https:\/\/www.ohrlund.se\/blogg\/funderingar-fran-en-hemresande\/","title":{"rendered":"Funderingar fr\u00e5n en hemresande"},"content":{"rendered":"<p><strong>Sitter och v\u00e4ntar p\u00e5<\/strong> att k\u00f6ra till flygplatsen f\u00f6r att resa hem efter en sk\u00f6n sommar med underbart v\u00e4der i mitt \u00e4lskade Florida. Under tiden h\u00e4r har jag som vanligt nyfiket pratat om allting med massor av m\u00e4nniskor \u2013 kontorsfolk, sopgubbar, poliser, servitriser, butiksexpediter, ingenj\u00f6rer, hantverkare, taxichauff\u00f6rer, entrepren\u00f6rer. Jag har fr\u00e5gat vad de k\u00e4nner, vad de \u00e4r r\u00e4dda f\u00f6r, vad de tror om valutg\u00e5ngen n\u00e4sta \u00e5r.<\/p>\n<p><strong>Samtliga, utan undantag,<\/strong> \u00e4r negativa till den enorma illegala invandring som skett och som den amerikanska makteliten sett mellan fingrarna med. Siffrorna varierar men det talas om att upp till 30 miljoner illegala invandrare kommit in i landet under de senaste \u00e5ren \u2013 mestadels latinamerikaner men ocks\u00e5 en del m\u00e4nniskor fr\u00e5n Afrika.<\/p>\n<p><strong>Presidentkandidaten och miljard\u00e4ren Donald Trump<\/strong> har inte varit f\u00f6rsiktig med orden. Han menar att exempelvis Mexico \u201dexporterar\u201d huvudsakligen kriminella och v\u00e5ldt\u00e4ktsm\u00e4n, som kommer till USA f\u00f6r att leva p\u00e5 socialbidrag. Trump \u00e4r synnerligen popul\u00e4r i opinionsm\u00e4tningarna men det \u00e4r l\u00e5ng tid kvar till valet och m\u00e5nga menar att Hillary Clinton kommer att ta hem segern.<\/p>\n<p><strong>Ryska Lana,<\/strong> som jobbar som expedit p\u00e5 kl\u00e4davdelningen i Harley Davidson-butiken <em>Six bends<\/em>, menar att valresultatet inte spelar n\u00e5gon roll f\u00f6r henne:<\/p>\n<p><em>\u201dJag lyckades f\u00e5 ut mina barn fr\u00e5n Ryssland och kom hit f\u00f6r sexton \u00e5r sedan. Putin och vad han g\u00f6r skr\u00e4mmer mig enormt och oavsett vad som h\u00e4nder h\u00e4r s\u00e5 \u00e4r det b\u00e4ttre att leva i USA.\u201d<\/em><\/p>\n<p><strong>Lika positiv \u00e4r inte min v\u00e4n, detektiven Mark.<\/strong> Han ser dystert p\u00e5 framtiden, anser att Florida \u00e4r hotat av b\u00e5de f\u00f6r h\u00f6ga skatter och f\u00f6r m\u00e5nga invandrare. Hans nya plan \u00e4r att fly till bergen i Tennesse, bygga ett vedeldat, tv\u00e5v\u00e5nings tr\u00e4hus ute i naturen, k\u00f6pa 20 acres mark och bygga en egen skjutbana samt skaffa kossor eller h\u00e4star:<\/p>\n<p><em>\u201dOm tv\u00e5 \u00e5r kommer man inte att kunna vistas i Orlando och det blir inte mycket b\u00e4ttre h\u00e4r p\u00e5 v\u00e4stkusten. Jag sticker innan det sm\u00e4ller.\u201d<\/em><\/p>\n<p><strong>\u00c4ven om ekonomin<\/strong> nu \u00e4r oerh\u00f6rt stark j\u00e4mf\u00f6rt med under krisen \u2013 Floridas arbetsl\u00f6shet har minskat och det byggs s\u00e5 det knakar medan fastighetspriserna stiger kraftigt \u2013 s\u00e5 finns det f\u00f6rst\u00e5s m\u00e4nniskor som \u00e4r oroliga f\u00f6r ekonomin. Men \u2013 \u00e4nd\u00e5 st\u00e5r det problemet i skuggan av invandringen.<\/p>\n<p><strong>F\u00f6r bara en stund sedan<\/strong> l\u00e4ste jag att EU beg\u00e4rt en utredning av vad m\u00e4nniskor i Europa tycker om den enorma invandring \u2013 l\u00e4s huvudsakligen flyktingstr\u00f6m \u2013 som skett i sen tid. Under \u00e5rets f\u00f6rsta fem m\u00e5nader n\u00e5dde 153\u00a0000 migranter fram till EU:s gr\u00e4nser.<\/p>\n<p><strong>I genomsnitt 56 procent<\/strong> av EU-medborgarna \u00e4r negativa till invandring fr\u00e5n l\u00e4nder utanf\u00f6r EU.<\/p>\n<p><strong>I Sverige<\/strong> \u00e4r 66 procent positiva.<\/p>\n<p><strong>I Tjeckien<\/strong> \u00e4r 81 procent negativa.<\/p>\n<p><strong>Varken ekonomi<\/strong> eller migration \u00e4r n\u00e5gon l\u00e4tt n\u00f6t.<\/p>\n<p><strong>Jag \u00e4r positiv till invandring<\/strong> s\u00e5 l\u00e4nge det finns m\u00f6jligheter att erbjuda invandrarna arbete, bost\u00e4der och ett v\u00e4rdigt liv.<\/p>\n<p><strong>Jag \u00e4r positiv till flyktingmottagning<\/strong> s\u00e5 l\u00e4nge det finns a) en <em>plan<\/em> b) realistiska m\u00f6jligheter att integrera flyktingarna i samh\u00e4llet c) bost\u00e4der d) utbildning och arbete.<\/p>\n<p><strong>Resten f\u00e5r du r\u00e4kna ut sj\u00e4lv.<\/strong><\/p>\n<p><strong>Dessutom<\/strong> anser jag fortfarande \u2013 oavsett hur m\u00e5nga som viftar med det n\u00f6tta och uttjatade rasistkortet \u2013 att <em>alla<\/em> som vistas i Sverige ska f\u00f6lja svensk lag och att varken traditioner, kultur eller religion p\u00e5 n\u00e5got s\u00e4tt f\u00e5r anv\u00e4ndas som urs\u00e4kt f\u00f6r kvinnof\u00f6rtryck eller brottslighet.<\/p>\n<p><strong>Nu reser jag hem<\/strong> till det land jag ocks\u00e5 \u00e4lskar.<\/p>\n<p><strong>Men som beh\u00f6ver<\/strong> en helt ny och stark politisk ledning, oavsett f\u00e4rg, som kan se den nya v\u00e4rldens problem med \u00f6ppna \u00f6gon.<\/p>\n<p><strong>Och agera.<\/strong><\/p>\n<div id=\"wp_fb_like_button\" style=\"margin:5px 0;float:none;height:100px;\"><script src=\"http:\/\/connect.facebook.net\/en_US\/all.js#xfbml=1\"><\/script><fb:like href=\"https:\/\/www.ohrlund.se\/blogg\/funderingar-fran-en-hemresande\/\" send=\"true\" layout=\"standard\" width=\"450\" show_faces=\"true\" font=\"arial\" action=\"like\" colorscheme=\"light\"><\/fb:like><\/div>","protected":false},"excerpt":{"rendered":"<p>Sitter och v\u00e4ntar p\u00e5 att k\u00f6ra till flygplatsen f\u00f6r att resa hem efter en sk\u00f6n sommar med underbart v\u00e4der i mitt \u00e4lskade Florida. Under tiden h\u00e4r har jag som vanligt nyfiket pratat om allting med massor av m\u00e4nniskor \u2013 kontorsfolk, &hellip; <a href=\"https:\/\/www.ohrlund.se\/blogg\/funderingar-fran-en-hemresande\/\">Forts\u00e4tt l\u00e4sa <span class=\"meta-nav\">&rarr;<\/span><\/a><\/p>\n","protected":false},"author":2,"featured_media":0,"comment_status":"open","ping_status":"open","sticky":false,"template":"","format":"standard","meta":{"_jetpack_memberships_contains_paid_content":false,"footnotes":""},"categories":[1],"tags":[],"class_list":["post-2417","post","type-post","status-publish","format-standard","hentry","category-okategoriserade"],"jetpack_featured_media_url":"","jetpack_sharing_enabled":true,"post_mailing_queue_ids":[],"_links":{"self":[{"href":"https:\/\/www.ohrlund.se\/blogg\/wp-json\/wp\/v2\/posts\/2417","targetHints":{"allow":["GET"]}}],"collection":[{"href":"https:\/\/www.ohrlund.se\/blogg\/wp-json\/wp\/v2\/posts"}],"about":[{"href":"https:\/\/www.ohrlund.se\/blogg\/wp-json\/wp\/v2\/types\/post"}],"author":[{"embeddable":true,"href":"https:\/\/www.ohrlund.se\/blogg\/wp-json\/wp\/v2\/users\/2"}],"replies":[{"embeddable":true,"href":"https:\/\/www.ohrlund.se\/blogg\/wp-json\/wp\/v2\/comments?post=2417"}],"version-history":[{"count":2,"href":"https:\/\/www.ohrlund.se\/blogg\/wp-json\/wp\/v2\/posts\/2417\/revisions"}],"predecessor-version":[{"id":2419,"href":"https:\/\/www.ohrlund.se\/blogg\/wp-json\/wp\/v2\/posts\/2417\/revisions\/2419"}],"wp:attachment":[{"href":"https:\/\/www.ohrlund.se\/blogg\/wp-json\/wp\/v2\/media?parent=2417"}],"wp:term":[{"taxonomy":"category","embeddable":true,"href":"https:\/\/www.ohrlund.se\/blogg\/wp-json\/wp\/v2\/categories?post=2417"},{"taxonomy":"post_tag","embeddable":true,"href":"https:\/\/www.ohrlund.se\/blogg\/wp-json\/wp\/v2\/tags?post=2417"}],"curies":[{"name":"wp","href":"https:\/\/api.w.org\/{rel}","templated":true}]}}