{"id":2428,"date":"2015-08-14T01:57:34","date_gmt":"2015-08-13T23:57:34","guid":{"rendered":"http:\/\/www.ohrlund.se\/blogg\/?p=2428"},"modified":"2015-08-14T01:57:34","modified_gmt":"2015-08-13T23:57:34","slug":"hedra-vara-snutar","status":"publish","type":"post","link":"https:\/\/www.ohrlund.se\/blogg\/hedra-vara-snutar\/","title":{"rendered":"Hedra v\u00e5ra snutar!"},"content":{"rendered":"<p><strong>Ja, jag kallar dem snutar.<\/strong> Det f\u00e5r de leva med och de flesta av de m\u00e5nga poliserna i min v\u00e4nkrets tycker att det \u00e4r lika okej, som mina amerikanska polisv\u00e4nner som alltid kallar sig sj\u00e4lva <em>cops<\/em>.<\/p>\n<p><strong>Till saken:<\/strong> F\u00e5 saker har gjort mig s\u00e5 f\u00f6rbannad som Aftonbladets <em>Kerstin Weigls<\/em> imbecilla uttalanden i Aftonbladet den 12 augusti. Jag citerar n\u00e5gra stycken (om du sj\u00e4lv har st\u00e5lmage s\u00e5 kan du sedan l\u00e4sa hela den bedr\u00f6vliga drapan sj\u00e4lv, jag bifogar l\u00e4nken l\u00e4ngst ner):<\/p>\n<p><em><strong>\u201dK\u00e4nslopjunket har hittat in i polisv\u00e4sendet. Efter att ha \u00e5terfunnit Lisa Holm \u00add\u00f6dad skrev\u00a0<a href=\"http:\/\/www.aftonbladet.se\/tagg\/da55bbac-00a0-406f-bd69-09ae35a23ba4\/2166a816b8\/\">polisen<\/a>\u00a0sj\u00e4lva p\u00e5 Facebook om k\u00e4nslorna. \u201dEn stor v\u00e4ltr\u00e4nad man vars rygg det st\u00e5r Polis p\u00e5 sitter och skakar och gr\u00e5ter bakom ett uthus.\u00a0Beh\u00f6vdes det?\u201d<\/strong><\/em><\/p>\n<p>Och:<\/p>\n<p><em>\u201d<strong>V\u00e5r upplevda trygghet skapas av strama \u00e4mbetsm\u00e4n som \u00adtalar med sm\u00e5 exakta bokst\u00e4ver,\u201d<\/strong><\/em><\/p>\n<p>Och:<\/p>\n<p><em><strong>\u201dPoliser \u00e4r m\u00e4nniskor. Men det \u00e4r inte deras k\u00e4nslor vi beh\u00f6ver.\u201d<\/strong><\/em><\/p>\n<p><strong>Jo, Kerstin,<\/strong> det \u00e4r just det vi beh\u00f6ver. Men det f\u00f6rst\u00e5r du inte.<\/p>\n<p><strong>L\u00e5t mig f\u00f6rklara<\/strong> bakgrunden till min uppr\u00f6rdhet:<\/p>\n<p><strong>Jag \u00e4r en stark polisv\u00e4n<\/strong> (och jod\u00e5, jag \u00e4r v\u00e4l medveten om att det finns puckon inom polisen &#8211; \u00a0jag har sj\u00e4lv blivit gripen av n\u00e5gra &#8211; det finns det i alla f\u00f6retag med \u00f6ver 20\u00a0000 anst\u00e4llda). Under mina 40 \u00e5r som journalist har jag gjort fler \u201dride-along\u201d:s \u00e4n n\u00e5gon annan jag k\u00e4nner = suttit med skotts\u00e4ker v\u00e4st i frams\u00e4tet p\u00e5 en polisbil under ett l\u00e5ngt, svettigt och v\u00e5ldsamt pass.<\/p>\n<p><strong>I Sverige.<\/strong> I Tyskland. I Brasilien. I andra l\u00e4nder. Inte minst i slumomr\u00e5den i USA:s olika delstater.<\/p>\n<p><strong>Jag har sett storvuxna<\/strong> amerikanska poliser med t\u00e5rar i \u00f6gonen n\u00e4r de burit ut barn utan pyjamas ur crackghetton mitt i natten. Jag har sett dem stryka ihop \u00f6gonlocken p\u00e5 m\u00e4nniskor som nyss blivit ihj\u00e4lskjutna, och be en b\u00f6n. Jag har sett dem sl\u00e5ss, hota, tr\u00f6sta, b\u00e4ra och r\u00e4dda liv.<\/p>\n<p><strong>Jag har sett tyska poliser<\/strong> ta v\u00e4nligt hand om nazistskrikande, pissfulla, blodiga, norska turister. Jag har sett svenska poliser bli nerslagna, hotade, slagna och f\u00e5 sina uniformer besudlade med piss, blod och spyor. En av dem blev strypt s\u00e5 h\u00e5rt av en 150-kilosman att han var sjukskriven i sex m\u00e5nader. N\u00e4r jag f\u00f6r fj\u00e4rde g\u00e5ngen blivit kallad som vittne till r\u00e4tteg\u00e5ng lades hela m\u00e5let ner p\u00e5 grund av mannens psykiska sjukdom. Men polisens halsskador fanns kvar som ett minne av den d\u00e4r kv\u00e4llen i tunnelbanan.<\/p>\n<p><strong>Jag har \u00e5kt med<\/strong> svenska sj\u00f6poliser som tvingas dra upp ruttna lik efter m\u00e4nniskor som tagit livet av sig \u00e5tta m\u00e5nader tidigare. Pratat med deras kolleger som f\u00e5tt plocka upp delar av sj\u00e4lvmordsoffer p\u00e5 t\u00e5gsp\u00e5r i ena minuten och krama lokf\u00f6raren i n\u00e4sta. Jag har sett dem ta hand om v\u00e5ldtagna flickor, s\u00f6nderslagna tanter och gr\u00e5tande fyllon, sett dem kv\u00e4ll efter kv\u00e4ll m\u00f6ta sm\u00e5 barn i svensk mis\u00e4r som inte borde finnas.<\/p>\n<p><strong>F\u00f6r skitl\u00f6ner.<\/strong><\/p>\n<p><strong>Jag har suttit p\u00e5 Polish\u00f6gskolan<\/strong> och sett l\u00f6gnaktiga filmer med vackra bilder av helikoptrar och polisbilar i vackert motljus, filmer som ska locka aspiranter. Aldrig en bild av en tr\u00f6tt polis som tvingas brotta ner en crackgalning med kniv eller m\u00f6ta en desperat m\u00e4nniska med laddad pistol.<\/p>\n<p><strong>Trots detta<\/strong> s\u00f6ker m\u00e5nga tusen till de f\u00e5 hundra platserna p\u00e5 skolan varje \u00e5r.<\/p>\n<p><em><strong>Skydda, hj\u00e4lpa, st\u00e4lla tillr\u00e4tta.<\/strong><\/em><\/p>\n<p><strong>F\u00f6r mig \u00e4r det ofattbart<\/strong> att n\u00e5gon vill ge sig in i det d\u00e4r f\u00f6r 23\u00a0000 i m\u00e5naden. En lokf\u00f6rares startl\u00f6n \u00e4r 10\u00a0000 kronor h\u00f6gre.<\/p>\n<p><strong>N\u00e4r jag skrev dokument\u00e4rboken \u201dBrott i Sverige\u201d<\/strong> \u00e5kte jag runt i landet och pratade med en rad poliser som varit med och utrett n\u00e5gra av landets hemskaste brott, bland annat diskoteksbranden i G\u00f6teborg och dubbelmordet av tv\u00e5 unga flickor p\u00e5 Hallands\u00e5sen. Jag m\u00f6ttes av erfarna utredare vars r\u00f6ster br\u00f6ts n\u00e4r de pratade om ungdomar vars liv avslutats alldeles f\u00f6r tidigt. K\u00e4nslorna blev inte mindre av att poliserna sj\u00e4lva ofta hade barn i samma \u00e5lder som de barn och ungdomar som d\u00f6tt. Poliserna hade ocks\u00e5 d\u00e5ligt samvete mot sina egna barn f\u00f6r att de frivilligt hade arbetat sjukt m\u00e5nga \u00f6vertidstimmar under utredningen, f\u00f6r att l\u00f6sa brotten och ge offrens syskon och f\u00f6r\u00e4ldrar ett svar p\u00e5 de f\u00f6rf\u00e4rliga fr\u00e5getecknen som hopat sig.<\/p>\n<p><em><strong>S\u00e5 poliser ska inte ha k\u00e4nslor, Kerstin Wiegl? Hur i helvete t\u00e4nker du?<\/strong><\/em><\/p>\n<p><strong>N\u00e4r jag ber\u00e4ttar<\/strong> f\u00f6r mina amerikanska polisv\u00e4nner om hur svenska poliser f\u00f6rv\u00e4ntas upptr\u00e4da (och till vilka l\u00f6ner) i skarpt l\u00e4ge, s\u00e5 suckar de och undrar varf\u00f6r n\u00e5gon vill vara polis i Sverige.<\/p>\n<p><strong>Jag kommer d\u00e5 att t\u00e4nka p\u00e5<\/strong> dem som till sist sk\u00f6t ihj\u00e4l Fadimes bror <em>Mesut Sahindal<\/em> 2014. Mesut var ingen duvunge \u2013 under \u00e5ren hade han \u00e5talats f\u00f6r tillgrepp av fortskaffningsmedel, olaga tv\u00e5ng, f\u00f6rberedelse till r\u00e5n och vapenbrott, olaga hot igen, f\u00f6rs\u00f6k till utpressning, grovt narkotikabrott, vapenbrott, rattfylleri. Vid en r\u00e4tteg\u00e5ng skrek han till Fadime: \u201dJag ska d\u00f6da dig, din j\u00e4vla fitta, din j\u00e4vla hora. Din tid kommer snart. Det slutar inte h\u00e4r!&#8221;\u201d<\/p>\n<p><strong>N\u00e5gra veckor senare<\/strong> misshandlade han henne p\u00e5 torget i Uppsala, drog henne i h\u00e5ret, skallade henne och kn\u00e4ade henne i ansiktet. Mesut hade ocks\u00e5 f\u00f6rs\u00f6kt skjuta den svenska flickv\u00e4n han hade barn med och tr\u00e4ffat henne i axeln.<\/p>\n<p><strong>N\u00e4r han v\u00e4l<\/strong> kom ut ur f\u00e4ngelset hotade han f\u00f6rst sin mamma och lillasyster innan han \u00e5kte vidare och hotade sin skjutna flickv\u00e4n. Han \u00e5terv\u00e4nde till mammans bostad och n\u00e4r polisen v\u00e4l kom dit, kom han ut med en kniv i varje hand.<\/p>\n<p><strong>T\u00e4nk dig nu f\u00f6ljande:<\/strong><\/p>\n<p><strong>Det \u00e4r natt.<\/strong><\/p>\n<p><strong>Du \u00e4r polis och har aldrig skjutit n\u00e5gon.<\/strong><\/p>\n<p><strong>Mot dig kommer en erk\u00e4nt kriminell galning snabbt med en kniv i varje hand.<\/strong><\/p>\n<p><strong>Han eller du. Dina kolleger. M\u00e4nniskoliv. Det handlar om sekunder.<\/strong><\/p>\n<p><strong>Poliserna p\u00e5 plats lyckades med det ofattbara.<\/strong> De skrek varningar, sk\u00f6t varningsskott i luften och anv\u00e4nde pepparspray innan de sk\u00f6t mot ben och f\u00f6tter och lyckades tr\u00e4ffa d\u00e4r (har du n\u00e5gonsin f\u00f6rs\u00f6kt skjuta en varelse som r\u00f6r sig, i foten?!!)!<\/p>\n<p><strong>Mesut fortsatte fram\u00e5t, viftandes med knivar i h\u00e4nderna.<\/strong> Patrullen sk\u00f6t igen, mot kroppen, och Mesut dog.<\/p>\n<p><strong>F\u00f6r mig \u00e4r detta ett praktexempel<\/strong> p\u00e5 hur duktiga svenska poliser mot alla odds f\u00f6ljer de ibland till synes mycket m\u00e4rkliga instruktioner som finns, innan de ger d\u00f6dande verkanseld.<\/p>\n<p><strong>Tack f\u00f6r att ni finns.<\/strong><\/p>\n<p><strong>Tack f\u00f6r att ni inte \u00e4r mordgalna d\u00e5rar som \u00e4lskar att skjuta f\u00f6rst och fr\u00e5ga sen.<\/strong><\/p>\n<p><strong>Tack f\u00f6r att ni orkar.<\/strong><\/p>\n<p><strong>Och \u2013 tack f\u00f6r att ni har k\u00e4nslor. \u00c4r m\u00e4nniskor.<\/strong><\/p>\n<p><strong>Trots att Kerstin Weigl<\/strong> inte f\u00f6rst\u00e5r.<\/p>\n<p><strong>Nu till n\u00e4sta tragedi:<\/strong> Varje g\u00e5ng jag skriver ett inl\u00e4gg om svenska poliser, f\u00e5r jag en storm av mail och privata mess fr\u00e5n just \u2013 svenska poliser.<\/p>\n<p><strong>Det \u00e4r trevligt. Men inneh\u00e5llet i dem \u00e4r f\u00f6rf\u00e4rligt.<\/strong><\/p>\n<p><strong>Alla vittnar de om<\/strong> hur de \u00e4r missf\u00f6rst\u00e5dda, ensamma, tr\u00f6tta, r\u00e4dda f\u00f6r hot och f\u00f6r att bli kallade nazister och rasister och fan och hans mormor, som tack f\u00f6r att de sk\u00f6ter det jobb de blivit kommenderade till.<\/p>\n<p><strong>Och det v\u00e4rsta av allt \u2013 att de inte k\u00e4nner st\u00f6d uppifr\u00e5n. Att de inte f\u00e5r backning av sina chefer.<\/strong><\/p>\n<p><strong>Vad \u2013 i \u2013helvete \u2013 \u00e4r \u2013 det \u2013 jag \u2013 l\u00e4ser?<\/strong><\/p>\n<p><strong>Vilket f\u00f6retag,<\/strong> vilken organisation skulle f\u00f6rv\u00e4ntas fungera om inte cheferna backar upp sina underlydande?<\/p>\n<p><strong>Naturligtvis<\/strong> handlar allt om de vanliga svenska sjukdomssymptomen: Politik, politisk korrekthet, chefernas r\u00e4dsla f\u00f6r att f\u00e5 sparken om de skulle r\u00e5ka s\u00e4ga fel.<\/p>\n<p><strong>Och d\u00e5 \u00e4r vi j\u00e4vligt illa ute.<\/strong><\/p>\n<p><strong>Jag kommer v\u00e4l ih\u00e5g<\/strong> det v\u00e4rsta exemplet p\u00e5 l\u00e4nge:<\/p>\n<p><strong>I juli 2014 jagade<\/strong> tv\u00e5 omr\u00e5despoliser n\u00e5gra m\u00e4n p\u00e5 motorcykel och bil f\u00f6r att kontrollera dem. F\u00e4rden gick in i det invandrart\u00e4ta omr\u00e5det Kopparg\u00e5rden, d\u00e4r en av poliserna fortsatte f\u00f6rf\u00f6ljandet till fots. Han omringades snabbt av en uppretad skara p\u00e5 50 \u2013 70 m\u00e4n som h\u00e5nade honom, spottade p\u00e5 honom och hotade honom till livet. Polismannen drog sitt vapen och ropade p\u00e5 f\u00f6rst\u00e4rkning \u2013 men \u00f6vergavs av polisledningen!<\/p>\n<p><strong>Jag citerar<\/strong> <em>Maria K\u00e5llbergs<\/em> artikel i sk\u00e5nska Kv\u00e4llsPosten:<\/p>\n<p><em><strong>\u201dTio polispatruller kallades omedelbart till platsen, men fick order att stanna p\u00e5 en plats precis utanf\u00f6r omr\u00e5det. I 25 minuter var den ensamme polismannen utsatt f\u00f6r hoten innan kollegan i polisbilen kunde ansluta s\u00e5 att de gemensamt kunde lugna ner mobben och komma d\u00e4rifr\u00e5n. Under halva den tiden stod patrullerna passiva bara en liten bit d\u00e4rifr\u00e5n.<\/strong><\/em><\/p>\n<p><strong>E<em>nligt k\u00e4llor till Helsingborgs Dagblad var det f\u00f6r att polisledningen i Landskrona ville undvika upplopp. Den bed\u00f6mningen delas av ledningen internt. Men officiellt ges ingen f\u00f6rklaring till varf\u00f6r patrullerna inte fick unds\u00e4tta sin kollega.<\/em><\/strong><\/p>\n<p><em><strong>De utsatta omr\u00e5despoliserna var verksamma i Kopparg\u00e5rden. Flera personer d\u00e4r \u00e4r tungt kriminella med kopplingar till organiserad brottslighet. Kritiska r\u00f6ster menar att beslutet att inte g\u00e5 in i omr\u00e5det visat dem att det g\u00e5r att driva polisen fr\u00e5n omr\u00e5det.<\/strong><\/em><\/p>\n<p><em><strong>Satsningen p\u00e5 omr\u00e5despoliser i Kopparg\u00e5rden inleddes i oktober i fjol och var det andra projektet f\u00f6r att f\u00e5 ner brottsligheten d\u00e4r. Den f\u00f6rsta, &#8221;Operation Nordkap&#8221;, lades ner i f\u00f6rtid\u2026 Dagen efter h\u00e4ndelsen presenterade polisledningen en handlingsplan f\u00f6r OUG:s fortsatta arbete. Det gick ut p\u00e5 att de kriminella skulle bjudas in till samtal om utvecklingen i omr\u00e5det. Omr\u00e5despoliserna uppfattade det som kontraproduktivt och rent felaktigt.<\/strong><\/em><\/p>\n<p><em><strong>Poliserna menade att det var mer effektivt med en f\u00f6rst\u00e4rkt n\u00e4rvaro och lagf\u00f6ring av brottslingar, i enlighet med de erfarenheter kollegor i liknande verksamheter har gjort. Som svar p\u00e5 OUG:s kritik lade polisledningen i Landskrona ner hela omr\u00e5desprojektet.\u201d<\/strong><\/em><\/p>\n<p><strong>Amen.<\/strong><\/p>\n<p><strong>Hade du,<\/strong> <strong>som arbetar i privat f\u00f6retagsamhet,<\/strong> med h\u00f6gre l\u00f6n \u00e4n 23\u00a0000 kronor och utan att riskera livet varje dag, accepterat syltryggar till chefer som inte backar upp dig och verksamheten?<\/p>\n<p><strong>Skulle inte tro det.<\/strong><\/p>\n<p><strong>V\u00e5ra svenska snutar<\/strong>\u00a0&#8211; \u00e5tminstone de ute p\u00e5 gator och torg &#8211; arbetar till stor del under svinaktiga f\u00f6rh\u00e5llanden och om de ska orka vidare kr\u00e4vs det att vi st\u00e5r upp, \u00e4r tacksamma f\u00f6r att de vill ta i skiten, och visar att vi st\u00f6ttar dem.<\/p>\n<p><strong>F\u00f6r deras chefer g\u00f6r det inte.<\/strong><\/p>\n<p><strong>Inte v\u00e5ra skitn\u00f6diga politiker heller.<\/strong><\/p>\n<p><strong>Sk\u00e4ms!<\/strong><\/p>\n<p>H\u00e4r \u00e4r Kerstin Wiegls sk\u00e4msartikel i sin helhet:<\/p>\n<p><a href=\"http:\/\/www.aftonbladet.se\/nyheter\/kolumnister\/kerstinweigl\/article21242750.ab\">http:\/\/www.aftonbladet.se\/nyheter\/kolumnister\/kerstinweigl\/article21242750.ab<\/a><\/p>\n<p>Och h\u00e4r \u00e4r n\u00e5gra om h\u00e4ndelsen i Landskrona:<\/p>\n<p>http:\/\/www.expressen.se\/kvallsposten\/polis-lamnades-ensam&#8211;med-en-hotfull-mobb\/<\/p>\n<p>http:\/\/www.hd.se\/lokalt\/landskrona\/2014\/07\/27\/kriminella-far-fritt-spelrum-i-koppargarden\/<\/p>\n<p>&nbsp;<\/p>\n<p>&nbsp;<\/p>\n<div id=\"wp_fb_like_button\" style=\"margin:5px 0;float:none;height:100px;\"><script src=\"http:\/\/connect.facebook.net\/en_US\/all.js#xfbml=1\"><\/script><fb:like href=\"https:\/\/www.ohrlund.se\/blogg\/hedra-vara-snutar\/\" send=\"true\" layout=\"standard\" width=\"450\" show_faces=\"true\" font=\"arial\" action=\"like\" colorscheme=\"light\"><\/fb:like><\/div>","protected":false},"excerpt":{"rendered":"<p>Ja, jag kallar dem snutar. Det f\u00e5r de leva med och de flesta av de m\u00e5nga poliserna i min v\u00e4nkrets tycker att det \u00e4r lika okej, som mina amerikanska polisv\u00e4nner som alltid kallar sig sj\u00e4lva cops. Till saken: F\u00e5 saker &hellip; <a href=\"https:\/\/www.ohrlund.se\/blogg\/hedra-vara-snutar\/\">Forts\u00e4tt l\u00e4sa <span class=\"meta-nav\">&rarr;<\/span><\/a><\/p>\n","protected":false},"author":2,"featured_media":0,"comment_status":"open","ping_status":"open","sticky":false,"template":"","format":"standard","meta":{"_jetpack_memberships_contains_paid_content":false,"footnotes":""},"categories":[1],"tags":[],"class_list":["post-2428","post","type-post","status-publish","format-standard","hentry","category-okategoriserade"],"jetpack_featured_media_url":"","jetpack_sharing_enabled":true,"post_mailing_queue_ids":[],"_links":{"self":[{"href":"https:\/\/www.ohrlund.se\/blogg\/wp-json\/wp\/v2\/posts\/2428","targetHints":{"allow":["GET"]}}],"collection":[{"href":"https:\/\/www.ohrlund.se\/blogg\/wp-json\/wp\/v2\/posts"}],"about":[{"href":"https:\/\/www.ohrlund.se\/blogg\/wp-json\/wp\/v2\/types\/post"}],"author":[{"embeddable":true,"href":"https:\/\/www.ohrlund.se\/blogg\/wp-json\/wp\/v2\/users\/2"}],"replies":[{"embeddable":true,"href":"https:\/\/www.ohrlund.se\/blogg\/wp-json\/wp\/v2\/comments?post=2428"}],"version-history":[{"count":2,"href":"https:\/\/www.ohrlund.se\/blogg\/wp-json\/wp\/v2\/posts\/2428\/revisions"}],"predecessor-version":[{"id":2430,"href":"https:\/\/www.ohrlund.se\/blogg\/wp-json\/wp\/v2\/posts\/2428\/revisions\/2430"}],"wp:attachment":[{"href":"https:\/\/www.ohrlund.se\/blogg\/wp-json\/wp\/v2\/media?parent=2428"}],"wp:term":[{"taxonomy":"category","embeddable":true,"href":"https:\/\/www.ohrlund.se\/blogg\/wp-json\/wp\/v2\/categories?post=2428"},{"taxonomy":"post_tag","embeddable":true,"href":"https:\/\/www.ohrlund.se\/blogg\/wp-json\/wp\/v2\/tags?post=2428"}],"curies":[{"name":"wp","href":"https:\/\/api.w.org\/{rel}","templated":true}]}}