{"id":2453,"date":"2015-09-02T16:34:01","date_gmt":"2015-09-02T14:34:01","guid":{"rendered":"http:\/\/www.ohrlund.se\/blogg\/?p=2453"},"modified":"2015-09-02T16:34:01","modified_gmt":"2015-09-02T14:34:01","slug":"svar-pa-era-fragor-o","status":"publish","type":"post","link":"https:\/\/www.ohrlund.se\/blogg\/svar-pa-era-fragor-o\/","title":{"rendered":"Svar p\u00e5 era fr\u00e5gor! :o)"},"content":{"rendered":"<p>P\u00e5 min Facebooksida &#8221;Dag \u00d6hrlund F\u00f6rfattare&#8221; inbj\u00f6d jag alla l\u00e4sare att st\u00e4lla 20 fr\u00e5gor till mig om vad som helst. Det blev betydligt fler och jag svarar p\u00e5 n\u00e4stan alla h\u00e4r:<\/p>\n<p><strong><a href=\"https:\/\/www.facebook.com\/martin.larsen.3382?fref=ufi\">Martin Larsen<\/a>\u00a0<\/strong>N\u00e4r kommer Nic tillbaka? G\u00e4rna en historia som tar oss tillbaka lite i Nics liv. S\u00e5 man f\u00e5r l\u00e4ra k\u00e4nna honom b\u00e4ttre. Om n\u00e5gra \u00e5r kommer det garanterat bli en film och gl\u00f6m d\u00e5 inte vart ni h\u00f6rde det f\u00f6rst<br \/>\nVi vill inte ha en ny Hamilton, mer en man av folket. Som det intryck man f\u00e5r i f\u00f6rsta boken. Du skriver b\u00e4st Solo.<\/p>\n<p><strong>Tack, Martin, jag gillar Nic skarpt och vill g\u00e4rna skriva mer om honom, men just nu jobbar jag p\u00e5 en annan serie som f\u00f6rlaget har best\u00e4llt.<\/strong><\/p>\n<p><a href=\"https:\/\/www.facebook.com\/monica.gelin.9?fref=ufi\"><strong>Monica Gelin<\/strong><\/a>\u00a0Skulle du kunna t\u00e4nka dig att starta ett helt nytt politiskt parti i Sverige och vad skulle det i s\u00e5 fall heta? Jag \u00e4r \u00f6vertygad om att du skulle komma in i riksdagen direkt. Tack f\u00f6r att du v\u00e5gar dela saker p\u00e5 din blog och f\u00f6r att du v\u00e5gar g\u00e5 emot str\u00f6mmen.<\/p>\n<p><strong>Det \u00e4r frestande men \u2013 nej. Jag vill inte sluta som en bitter man som sl\u00e5r huvudet blodigt mot pk-v\u00e4ggar. Och det \u00e4r mycket roligare att skriva b\u00f6cker!<\/strong><\/p>\n<p><a href=\"https:\/\/www.facebook.com\/teresia.lagnefors?fref=ufi\"><strong>Teresia Lagnefors<\/strong><\/a>\u00a0Jag undrar om n\u00e5gonsin polisen kommer vinna \u00f6ver Silverbielke, jag blir galen p\u00e5 att han alltid vinner, hade \u00f6nskat att f\u00e5 l\u00e4sa n\u00e4r det g\u00e5r emot Silverbielke helt&#8230;Smiley smile<\/p>\n<p><strong>I n\u00e4sta bok drabbas han av rej\u00e4la problem, det lovar jag dig! :o)<\/strong><\/p>\n<p><a href=\"https:\/\/www.facebook.com\/ingela.mobjer?fref=ufi\"><strong>Ingela Mobjer<\/strong><\/a>\u00a0Ibland f\u00e5r jag en k\u00e4nsla av att det bor en liten Silfverbielke i f\u00f6rfattarna och att ni ocks\u00e5 v\u00e4ver in lite av era egna tankar om samh\u00e4llsproblem osv i b\u00f6ckerna &#8230;.\u00a0\u00a0Kan det vara s\u00e5 ?<\/p>\n<p><strong>Jo, jag tror att det alltid finns \u00e5tminstone en liten bit av ens tankar i det man skriver.<\/strong><\/p>\n<p><a href=\"https:\/\/www.facebook.com\/sara.lydell?fref=ufi\"><strong>Sara Lydell<\/strong><\/a>\u00a0Tycker du att det spelar n\u00e5gon roll hur man tar del av dina alster- l\u00e4sa vs lyssna?<br \/>\nVinst \/ f\u00f6rlust f\u00f6r l\u00e4saren\/ lyssnaren?<br \/>\nN\u00e4r jag l\u00e4ser h\u00f6r jag n\u00e4stan Stefan \u00e4nd\u00e5 mellan raderna<\/p>\n<p><strong>Stefan \u00e4r kung n\u00e4r det g\u00e4ller inl\u00e4sning, inget snack om saken. Men en del vill l\u00e4sa b\u00f6cker, andra e-b\u00f6cker och en del vill lyssna. Var och en m\u00e5ste hitta sitt s\u00e4tt att njuta b\u00e4st av historien.<\/strong><\/p>\n<p><a href=\"https:\/\/www.facebook.com\/profile.php?id=100007243608323&amp;fref=ufi\"><strong>Silverbj\u00e4lke Blogg<\/strong><\/a>\u00a0Silvferbielke \u00e4r en \u00e4lksv\u00e4rd figur, Kunde du ana hans popularitet n\u00e4r du satt och skulle g\u00f6ra f\u00f6rsta boken? Eller hade du redan d\u00e5 planerat mer \u00e4n en uppf\u00f6ljare. Som kreat\u00f6r av karakt\u00e4rer m\u00e5ste det ju vara st\u00f6rt om\u00f6jligt att innan veta hur den tas emot. Vad var din st\u00f6rsta oro inf\u00f6r lanseringen av honom som karakt\u00e4r?<\/p>\n<p><strong>Nej, fr\u00e5n b\u00f6rjan var det meningen att det skulle bli en bok och vi hade d\u00e5 ingen aning om vilken boll vi satte i rullning.<\/strong><\/p>\n<p><a href=\"https:\/\/www.facebook.com\/jocke.furenius?fref=ufi\"><strong>Jocke Furenius<\/strong><\/a>\u00a0Har du f\u00e5tt n\u00e5n f\u00f6rfr\u00e5gan p\u00e5 att filmatisera Colt\/Sieferbielke och hur st\u00e4ller du dig till det?<\/p>\n<p><strong>Jag suckar av tr\u00f6tthet. \u00c5tta \u00e5rs diskussioner med filmbolag men hittills bara mycket snack och ingen verkstad fr\u00e5n deras sida.<\/strong><\/p>\n<p><a href=\"https:\/\/www.facebook.com\/robert.andersson.315865?fref=ufi\"><strong>Robert Andersson<\/strong><\/a>\u00a0Varf\u00f6r \u00e4r det s\u00e5 mycket m\u00e5nad kvar i slutet p\u00e5 l\u00f6nen???<\/p>\n<p><strong>F\u00f6r att m\u00e5naderna \u00e4r alldeles f\u00f6r l\u00e5nga. Februari \u00e4r b\u00e4st.<\/strong><\/p>\n<p><a href=\"https:\/\/www.facebook.com\/karin.e.gronvall?fref=ufi\"><strong>Karin Eberhardt Gr\u00f6nvall<\/strong><\/a>\u00a0OK -\u00e4r det verkligen helt fritt fram ? I s\u00e5 fall undrar jag vem av dig och Butler som f\u00f6rst kom p\u00e5 karat\u00e4ren Silverbielke? Har ni utvecklat jonom tillsammans eller \u00e4r n\u00e5gon av er &#8221;mer skyldig&#8221;? Man kanske inte g\u00e5r fr\u00e5ga en f\u00f6rfattarduo s\u00e5nt, men har du sagt det s\u00e5&#8230;..<\/p>\n<p><strong>Dan Buthler hade fr\u00e5n b\u00f6rjan en id\u00e9 om att man skulle l\u00e5ta tre svenska seriem\u00f6rdare tr\u00e4ffas. Jag tyckte inte att det var trov\u00e4rdigt s\u00e5 vi kokade ner det till en och har vartefter utvecklat karakt\u00e4ren tillsammans.<\/strong><\/p>\n<p><a href=\"https:\/\/www.facebook.com\/siklo?fref=ufi\"><strong>Robert Siklo<\/strong><\/a>\u00a0Om du inte varit f\u00f6rfattare, vad hade du absolut inte jobbat med?<\/p>\n<p><strong>Kirurg eller veterin\u00e4r. Jag beundrar dem som \u00e4r det men jag hade inte kunnat operera. Jag beundrar ocks\u00e5 hantverkare eftersom jag \u00e4r oteknisk och klantig.<\/strong><\/p>\n<p><a href=\"https:\/\/www.facebook.com\/niclas.johansson.520?fref=ufi\"><strong>Niclas Johansson<\/strong><\/a>\u00a0Kommer Silfverbielke fr\u00e5n n\u00e5gon verklig inspiration eller \u00e4r han rent fiktiv? Man har tr\u00e4ffat en och annan Christopher light men ingen s\u00e5 fullfj\u00e4drad som honom\u00a0Smiley smile<\/p>\n<p><strong>Jag f\u00e5r inspiration h\u00e4r och d\u00e4r. Psykopaterna finns omkring oss. \u00d6verallt.<\/strong><\/p>\n<p><a href=\"https:\/\/www.facebook.com\/Strega8?fref=ufi\"><strong>Mari Ellar<\/strong><\/a>\u00a0\u00c4r det du eller medf\u00f6rfattaren som envisas med att l\u00e5ta karakt\u00e4ren Silfverbielke utveckla sin n\u00e5got minst sagt sjuka kvinnosyn fem romaner l\u00e5ngt? Han \u00e4r, som personlighet, onekligen ganska intressant &#8211; men det hade kunnat gestaltas genom betydligt f\u00e4rre (obehagligt) detaljerade beskrivningar.<\/p>\n<p><strong>Silfverbielkes kvinnosyn och sexliv har egentligen inget med sex att g\u00f6ra utan \u00e4r bara tecken p\u00e5 en enda sida hos honom \u2013 makthungern.<\/strong><\/p>\n<p><a href=\"https:\/\/www.facebook.com\/christerlinden?fref=ufi\"><strong>Christer Lind\u00e9n<\/strong><\/a>\u00a0Vad var det i livet som gjorde att du ville bli f\u00f6rfattare och har du alltid haft historier i huvudet di funderat p\u00e5?<\/p>\n<p><strong>Efter 40 \u00e5r som journalist och en del skrivna fackb\u00f6cker, ville jag ber\u00e4tta l\u00e4ngre historier.<\/strong><\/p>\n<p><a href=\"https:\/\/www.facebook.com\/peder.jonsson.9?fref=ufi\"><strong>Peder Jonsson<\/strong><\/a>\u00a0Skulle s\u00e5 g\u00e4rna se en forts\u00e4ttning p\u00e5 jordens v\u00e4ktare !! 1:a va s\u00e5 j\u00e4vla bra !!<\/p>\n<p><strong>Tack, men tyv\u00e4rr finns inga s\u00e5dana planer.<\/strong><\/p>\n<p><a href=\"https:\/\/www.facebook.com\/Daniel.Flatlander.Nilsson?fref=ufi\"><strong>Daniel Skjeggedal<\/strong><\/a>\u00a0Blir det en uppf\u00f6ljare till boken &#8221;brott i Sverige&#8221;?<br \/>\nUtan tvekan en av dom mest interessanta b\u00f6ckerna p\u00e5 l\u00e4nge!<\/p>\n<p><strong>Den skulle jag g\u00e4rna skriva men det tog flera \u00e5r att g\u00f6ra den f\u00f6rsta och nu \u00e4r jag upptagen av andra projekt.<\/strong><\/p>\n<p><a href=\"https:\/\/www.facebook.com\/mats.keyet?fref=ufi\"><strong>Mats Keyet<\/strong><\/a>\u00a0Jag tycker att svar inte s\u00e5 s\u00e4llan tar livet av intressanta fr\u00e5gor. N\u00e5gra av Nessers b\u00f6cker har t ex tr\u00e5kiga slut f\u00f6r att han h\u00e4ngt p\u00e5 svar som inte &#8211; som jag ser det &#8211; beh\u00f6vts, som begraver ber\u00e4ttelsen. K\u00e4nner du att du beh\u00f6ver besvara alla fr\u00e5gor du st\u00e4ller i dina b\u00f6cker, eller kan du l\u00e5ta en del f\u00e5 forts\u00e4tta sv\u00e4va i l\u00e4sarens huvud?<\/p>\n<p><strong>Nej, jag \u00e4lskar att avsluta b\u00f6cker med cliffhangers, vilket dock g\u00f6r vissa l\u00e4sare irriterade. :o)<\/strong><\/p>\n<p><a href=\"https:\/\/www.facebook.com\/TellusTheGuru?fref=ufi\"><strong>Anders Johansson<\/strong><\/a>\u00a0Kommer en forts. av Charlie K. ?\u00a0Smiley smile<\/p>\n<p><strong>Se svar ovan, jag hoppas men vet inte.<\/strong><\/p>\n<p><a href=\"https:\/\/www.facebook.com\/thomas.egelin?fref=ufi\"><strong>Thomas Egelin<\/strong><\/a>\u00a0Hur kommer det sig du valde Ljungby f\u00f6r Silfverbielkes hus? Ren slump? Jag bodde d\u00e4r framtill jag var 20 \u00e5r.<\/p>\n<p><strong>Det var praktiskt. Silfverbielke ville ha n\u00e4ra till b\u00e5de Malm\u00f6, K\u00f6penhamn och Stockholm. Samtidigt ville han k\u00f6pa ett avsides hus p\u00e5 en mindre ort.<\/strong><\/p>\n<p><a href=\"https:\/\/www.facebook.com\/teresia.lagnefors?fref=ufi\"><strong>Teresia Lagnefors<\/strong><\/a>\u00a0Jag skulle s\u00e5 g\u00e4rna l\u00e4sa en bok d\u00e4r &#8221;karma hits Silverbielke with a chair really hard&#8221;, och d\u00e4r \u00e4ntligen polisen skulle vinna!\u00a0Smiley smile<\/p>\n<p><strong>K\u00f6p n\u00e4sta bok! ;o)<\/strong><\/p>\n<p><a href=\"https:\/\/www.facebook.com\/bokmalen?fref=ufi\"><strong>Jenny Magnusson<\/strong><\/a>\u00a0\u00c4r det sv\u00e5rare eller enklare att skriva noveller \u00e4n romaner?<\/p>\n<p><strong>Jag tycker att det \u00e4r sv\u00e5rare att skriva noveller. Du m\u00e5ste f\u00f6rmedla en riktigt bra historia, men i h\u00e5rt komprimerad form p\u00e5 ganska litet utrymme. Men det \u00e4r kul och v\u00e4rldens utmaning.<\/strong><\/p>\n<p><a href=\"https:\/\/www.facebook.com\/erika.sorengard?fref=ufi\"><strong>Erika S\u00f6reng\u00e5rd<\/strong><\/a>\u00a0Hur m\u00e5nga g\u00e5nger m\u00e5ste man tjata innan du skriver en ny bok om Nic!!? &#x1f605;&#x1f605;&#x1f605;&#x1f605;&#x1f605;<\/p>\n<p><strong>Se svar ovan.<\/strong><\/p>\n<p><a href=\"https:\/\/www.facebook.com\/hanna.kronblad?fref=ufi\"><strong>Hanna Kronblad<\/strong><\/a>\u00a0Om du fick v\u00e4lja dina topp tre b\u00e4sta skrivtips, vilka skulle det i s\u00e5dana fall vara?\u00a0Smiley smile<\/p>\n<p><strong>G\u00f6r en detaljerad plan\/synopsis. F\u00f6rs\u00f6k hitta din egen ber\u00e4ttarr\u00f6st. Ta skrivandet p\u00e5 allvar = disciplin = skriv varje dag.<\/strong><\/p>\n<p><a href=\"https:\/\/www.facebook.com\/lars.thunell.9?fref=ufi\"><strong>Lars Thunell<\/strong><\/a>\u00a0Vilken salva anv\u00e4nder du n\u00e4r du f\u00e5r skrivkl\u00e5da?<\/p>\n<p><strong>Suddsalva. Fy p\u00e5 dig, Lasse! ;o)<\/strong><\/p>\n<p><a href=\"https:\/\/www.facebook.com\/profile.php?id=100000645585148&amp;fref=ufi\"><strong>Anette Holmgren<\/strong><\/a>\u00a0Skulle du kunna t\u00e4nka dig att skriva bok\/b\u00f6cker med n\u00e5gon f\u00f6r dig och resten av v\u00e4rlden ok\u00e4nd?<\/p>\n<p><strong>Dan Buthler var ok\u00e4nd f\u00f6r b\u00e5de mig och stora delar av v\u00e4rlden n\u00e4r vi b\u00f6rjade. :o)<\/strong><\/p>\n<p><a href=\"https:\/\/www.facebook.com\/maria.berger1969?fref=ufi\"><strong>Maria Berger<\/strong><\/a>\u00a0N\u00e5gon\/n\u00e5gra filmatiseringar om Christofer? Vilka kandidater skulle vara m\u00f6jliga till huvudrollen?<\/p>\n<p><strong>Se svar ovan om film. T\u00e4nker inte p\u00e5 s\u00e5nt l\u00e4ngre.<\/strong><\/p>\n<p><a href=\"https:\/\/www.facebook.com\/johanna.millqvist.7?fref=ufi\"><strong>Johanna Millqvist<\/strong><\/a>\u00a0Jaaaa vad h\u00e4nder med Tristan?&#8230;.<\/p>\n<p><strong>En tr\u00e5kig historia. Ingen vet riktigt \u2026<\/strong><\/p>\n<p><a href=\"https:\/\/www.facebook.com\/matte.andersson?fref=ufi\"><strong>Matte Andersson<\/strong><\/a>\u00a0F\u00e5r jag bjuda dig p\u00e5 lunch n\u00e5gon g\u00e5ng?<\/p>\n<p><strong>Absolut! :o)<\/strong><\/p>\n<p><a href=\"https:\/\/www.facebook.com\/jannicke.jernstrom?fref=ufi\"><strong>Jannicke Jernstr\u00f6m<\/strong><\/a>\u00a0Hur l\u00e4gger ni upp arbetet n\u00e4r ni skriver om tex min favvo Silverbielke???? Mvh Jannicke<\/p>\n<p><strong>Vi utvecklar id\u00e9n tillsammans, sedan skriver jag.<\/strong><\/p>\n<p><a href=\"https:\/\/www.facebook.com\/jeanette.bergenstav?fref=ufi\"><strong>Jeanette Bergenstav<\/strong><\/a>\u00a0Hur p\u00e5b\u00f6rjar du ett manus? Research\/id\u00e9samlande\/synopsis etc.<\/p>\n<p><strong>Noggrann research, noggrann synopsis, sedan skriva, skriva, skriva.<\/strong><\/p>\n<p><strong><a href=\"https:\/\/www.facebook.com\/mia.sjoblom.1?fref=ufi\">Mia Marie Sj\u00f6blom<\/a>\u00a0<\/strong>Om Silfverbielke skulle filmatiseras &#8211; vem, enligt dig, skulle f\u00e5 den \u00e4ran att spela honom?<\/p>\n<p><strong>Se svar ovan.<\/strong><\/p>\n<p><a href=\"https:\/\/www.facebook.com\/naknokelb?fref=ufi\"><strong>Daniel Gurra Gustafsson<\/strong><\/a>\u00a0G\u00f6r film av detta !! Joel Kinnaman som silfverbielke\u00a0\u00a0dom har ju gjort filmer p\u00e5 kvinnan i rummet och 2 till av den f\u00f6rfattaren och dom \u00e4r ju s\u00e5 d\u00e5liga<\/p>\n<p><strong>Se svar ovan.<\/strong><\/p>\n<p><a href=\"https:\/\/www.facebook.com\/roger.persson.754?fref=ufi\"><strong>Roger Persson<\/strong><\/a>\u00a0Skriver du p\u00e5 n\u00e4tterna eller dagarna?<\/p>\n<p><strong>Det \u00e4r olika. Beror p\u00e5 hur min trasiga kropp fungerar.<\/strong><\/p>\n<p><a href=\"https:\/\/www.facebook.com\/alexander.nemeth?fref=ufi\"><strong>Alexander Nemeth<\/strong><\/a>\u00a0Skulle du kunna t\u00e4nka dig att skriva sci-fi eller fantasy? Mest med tanke p\u00e5 de framg\u00e5ngar dessa genrer verkar ha just nu.<\/p>\n<p><strong>Nej. Det intresserar mig inte och det \u00e4r b\u00e4ttre att de som \u00e4r duktiga p\u00e5 det skriver i de \u00e4mnena.<\/strong><\/p>\n<p><a href=\"https:\/\/www.facebook.com\/mathias.brattberg?fref=ufi\"><strong>Mathias Brattberg<\/strong><\/a>\u00a0N\u00e4r f\u00e5r man se dig i Tv4:s morgonsoffa?<\/p>\n<p><strong>N\u00e4r de vill ha mig. Jag var hos Malou f\u00f6r inte s\u00e5 l\u00e4nge sedan.<\/strong><\/p>\n<p><a href=\"https:\/\/www.facebook.com\/anette.visti?fref=ufi\"><strong>Nette Underbar Och \u00c4lskad<\/strong><\/a>\u00a0Vilken resturang f\u00e5r vi inte missa i Fort Myers ?<\/p>\n<p><strong>Outback. Och i Cape Coral: Iguana Mia (mexikansk, fantastisk), Bonefish grill (fisk och k\u00f6tt), Red\u00b4s (skaldjur, fisk), Panera Bread (underbara mackor och soppor), Kumo (japanskt), Olive Garden (italienskt)<\/strong><\/p>\n<div id=\"wp_fb_like_button\" style=\"margin:5px 0;float:none;height:100px;\"><script src=\"http:\/\/connect.facebook.net\/en_US\/all.js#xfbml=1\"><\/script><fb:like href=\"https:\/\/www.ohrlund.se\/blogg\/svar-pa-era-fragor-o\/\" send=\"true\" layout=\"standard\" width=\"450\" show_faces=\"true\" font=\"arial\" action=\"like\" colorscheme=\"light\"><\/fb:like><\/div>","protected":false},"excerpt":{"rendered":"<p>P\u00e5 min Facebooksida &#8221;Dag \u00d6hrlund F\u00f6rfattare&#8221; inbj\u00f6d jag alla l\u00e4sare att st\u00e4lla 20 fr\u00e5gor till mig om vad som helst. Det blev betydligt fler och jag svarar p\u00e5 n\u00e4stan alla h\u00e4r: Martin Larsen\u00a0N\u00e4r kommer Nic tillbaka? G\u00e4rna en historia som &hellip; <a href=\"https:\/\/www.ohrlund.se\/blogg\/svar-pa-era-fragor-o\/\">Forts\u00e4tt l\u00e4sa <span class=\"meta-nav\">&rarr;<\/span><\/a><\/p>\n","protected":false},"author":2,"featured_media":0,"comment_status":"open","ping_status":"open","sticky":false,"template":"","format":"standard","meta":{"_jetpack_memberships_contains_paid_content":false,"footnotes":""},"categories":[1],"tags":[],"class_list":["post-2453","post","type-post","status-publish","format-standard","hentry","category-okategoriserade"],"jetpack_featured_media_url":"","jetpack_sharing_enabled":true,"post_mailing_queue_ids":[],"_links":{"self":[{"href":"https:\/\/www.ohrlund.se\/blogg\/wp-json\/wp\/v2\/posts\/2453","targetHints":{"allow":["GET"]}}],"collection":[{"href":"https:\/\/www.ohrlund.se\/blogg\/wp-json\/wp\/v2\/posts"}],"about":[{"href":"https:\/\/www.ohrlund.se\/blogg\/wp-json\/wp\/v2\/types\/post"}],"author":[{"embeddable":true,"href":"https:\/\/www.ohrlund.se\/blogg\/wp-json\/wp\/v2\/users\/2"}],"replies":[{"embeddable":true,"href":"https:\/\/www.ohrlund.se\/blogg\/wp-json\/wp\/v2\/comments?post=2453"}],"version-history":[{"count":2,"href":"https:\/\/www.ohrlund.se\/blogg\/wp-json\/wp\/v2\/posts\/2453\/revisions"}],"predecessor-version":[{"id":2455,"href":"https:\/\/www.ohrlund.se\/blogg\/wp-json\/wp\/v2\/posts\/2453\/revisions\/2455"}],"wp:attachment":[{"href":"https:\/\/www.ohrlund.se\/blogg\/wp-json\/wp\/v2\/media?parent=2453"}],"wp:term":[{"taxonomy":"category","embeddable":true,"href":"https:\/\/www.ohrlund.se\/blogg\/wp-json\/wp\/v2\/categories?post=2453"},{"taxonomy":"post_tag","embeddable":true,"href":"https:\/\/www.ohrlund.se\/blogg\/wp-json\/wp\/v2\/tags?post=2453"}],"curies":[{"name":"wp","href":"https:\/\/api.w.org\/{rel}","templated":true}]}}