{"id":3371,"date":"2016-10-11T19:04:04","date_gmt":"2016-10-11T17:04:04","guid":{"rendered":"http:\/\/www.ohrlund.se\/blogg\/?p=3371"},"modified":"2016-10-11T19:04:04","modified_gmt":"2016-10-11T17:04:04","slug":"forfattarfunderingar-del-7-en-typisk-mellandag","status":"publish","type":"post","link":"https:\/\/www.ohrlund.se\/blogg\/forfattarfunderingar-del-7-en-typisk-mellandag\/","title":{"rendered":"F\u00f6rfattarfunderingar, del 7: En typisk mellandag"},"content":{"rendered":"<p><em><strong>&#8221;En typisk mellandag&#8221;<\/strong><\/em>, sa en g\u00e5ng en k\u00e4nd idrottsstj\u00e4rna n\u00e4r han inte presterade n\u00e5gra lysande resultat. I dag var det en s\u00e5dan dag. Eller &#8211; var det det?<\/p>\n<p><strong>Jag skrev sent i natt<\/strong> och vaknade sent i dag. Uppt\u00e4ckte pl\u00f6tsligt i kalendern att jag skulle prata inf\u00f6r n\u00e5gra hundra bokhandlare samlade i Sergelkomplexet i Stockholms city. Drack kaffe, klappade hunden, drack mer kaffe och styrde mot huvudstaden i god tid f\u00f6r den sv\u00e5raste uppgiften &#8211; att hitta en parkeringsplats.<\/p>\n<p><strong>Bokhandlarna<\/strong> fr\u00e5n de tre kedjorna &#8211; Akademibokhandeln, JB-gruppen och Ugglan, samlas n\u00e5gra g\u00e5nger om \u00e5ret h\u00e4r och var f\u00f6r att lyssna p\u00e5 vilka nyheter f\u00f6rlagen t\u00e4nker komma med. Om man har tur f\u00e5r man som f\u00f6rfattare komma med f\u00f6r att ber\u00e4tta om sina b\u00f6cker och sitt f\u00f6rfattarskap, och jag har f\u00e5tt f\u00f6rm\u00e5nen att vara med gl\u00e4djande m\u00e5nga g\u00e5nger.<\/p>\n<p><strong>Myten om den ensamme f\u00f6rfattaren<\/strong> som full av st\u00e4ndig \u00e5ngest sitter p\u00e5 sin kammare if\u00f6rd halsduk och basker, med ett glas billigt r\u00f6dvin i handen och ett stearinljus p\u00e5 bordet, \u00e4r l\u00e5ngt ifr\u00e5n sann. Det ensamma i yrket st\u00e4mmer visserligen, men inget mer. Den som vill n\u00e5 ut med sina b\u00f6cker m\u00e5ste numera vara \u00e4ven marknadsf\u00f6rare, s\u00e4ljare, f\u00f6redragsh\u00e5llare och inneha ett hyfsat m\u00e5tt av social kompetens. Att \u00e5ka p\u00e5 signeringar och att tr\u00e4ffa bokhandlare ing\u00e5r i jobbet och \u00e4r, tycker jag, en av de roligaste delarna som finns. Bokhandlarna \u00e4r v\u00e5ra viktiga ambassad\u00f6rer och dessutom \u00e4r de f\u00f6rbannat trevliga. Detsamma g\u00e4ller er l\u00e4sare som jag f\u00e5r gl\u00e4djen att tr\u00e4ffa under signeringarna.<\/p>\n<p><strong>Det d\u00e4r med signeringar, ja.<\/strong> M\u00e5nga av er messar och fr\u00e5gar varf\u00f6r jag aldrig kommer till just den eller den orten. Svaret \u00e4r tr\u00e5kigt nog pengar. En signeringsturn\u00e9 kostar massor. Man ska resa med flyg, t\u00e5g eller bil, bo p\u00e5 hotell och \u00e4ta p\u00e5 restaurang. Tusenlapparna flyger som tse-tseflugor i luften och ytterst f\u00e5 \u00e4r de f\u00f6rfattare som under signeringar kan s\u00e4lja s\u00e5 m\u00e5nga b\u00f6cker att det betalar resan (jag tillh\u00f6r inte dem). Det \u00e4r allts\u00e5 inte av nonchalans man f\u00f6rs\u00f6ker dra ner p\u00e5 antalet signeringar, utan av rent ekonomiska sk\u00e4l. Ingen gillar att <em>betala<\/em> f\u00f6r att f\u00e5 ut b\u00f6ckerna.<\/p>\n<p><strong>Sex minuter p\u00e5 scenen, kanske sju.<\/strong> Jag ber\u00e4ttar f\u00f6r de 250 bokhandlarna att n\u00e4sta bok om den nu s\u00e5 \u00e4lskade kommissarien <strong>Ewert Oswald Truut<\/strong> &#8211; <em><strong>&#8221;Tryggare kan ingen vara&#8221;<\/strong> <\/em>&#8211; kommer ut i b\u00f6rjan av n\u00e4sta \u00e5r. Och att &#8211; om allt g\u00e5r v\u00e4l &#8211; det ocks\u00e5 kommer ytterligare en roman om den missf\u00f6rst\u00e5dde romantikern <strong>Christopher Silfverbielke.\u00a0<\/strong>Med detta \u00e4r bokhandlarna n\u00f6jda och glada och jag kan \u00e5terv\u00e4nda till f\u00f6rortslivet.<\/p>\n<p><strong>I datorn v\u00e4ntar ett mail<\/strong> fr\u00e5n den s\u00e5 beg\u00e5vade formgivaren <strong>Sofia Scheutz<\/strong> som gjorde omslaget till den aktuella boken om Ewert Truut:<\/p>\n<p><a href=\"https:\/\/www.ohrlund.se\/blogg\/wp-content\/uploads\/2016\/10\/D\u00e4r-inga-\u00f6gon-ser.jpg\"><img loading=\"lazy\" decoding=\"async\" class=\"alignnone size-medium wp-image-3372\" src=\"https:\/\/www.ohrlund.se\/blogg\/wp-content\/uploads\/2016\/10\/D\u00e4r-inga-\u00f6gon-ser-193x300.jpg\" alt=\"\u2022LindoCo_\u00d6hrlund_138x214_Katalog_28.1.16.indd\" width=\"193\" height=\"300\" srcset=\"https:\/\/www.ohrlund.se\/blogg\/wp-content\/uploads\/2016\/10\/D\u00e4r-inga-\u00f6gon-ser-193x300.jpg 193w, https:\/\/www.ohrlund.se\/blogg\/wp-content\/uploads\/2016\/10\/D\u00e4r-inga-\u00f6gon-ser-768x1191.jpg 768w, https:\/\/www.ohrlund.se\/blogg\/wp-content\/uploads\/2016\/10\/D\u00e4r-inga-\u00f6gon-ser-660x1024.jpg 660w, https:\/\/www.ohrlund.se\/blogg\/wp-content\/uploads\/2016\/10\/D\u00e4r-inga-\u00f6gon-ser.jpg 1630w\" sizes=\"auto, (max-width: 193px) 100vw, 193px\" \/><\/a><\/p>\n<p><strong>Nu har Sofia gjort nya storverk<\/strong> och jag \u00e4r j\u00e4tten\u00f6jd med omslaget till den kommande boken. Vi diskuterar detaljer, f\u00e4rger, bildstorlekar och annat sm\u00e5tt och gott som \u00e4r viktigt. Vi \u00e4r r\u00f6rande \u00f6verens om det mesta vilket k\u00e4nns bra eftersom det h\u00e4r \u00e4r en viktig del av processen.<\/p>\n<p><strong>S\u00e5 kommer livet emellan igen.<\/strong>\u00a0Bilen ska in p\u00e5 verkstad, r\u00e4kningar ska betalas, jag beh\u00f6ver en elektriker och n\u00e4r jag promenerar <strong>Carl Sigvard \u00d6hrHund<\/strong> kommer en galen k\u00e4ring p\u00e5 cykel p\u00e5 trottoaren och h\u00e5ller p\u00e5 att k\u00f6ra p\u00e5 oss. Jag meddelar med best\u00e4md och h\u00f6gljudd poesi vad jag tycker om henne, cykeln och beteendet. Carl Sigvard f\u00f6rs\u00f6ker hugga henne i benet och i efterhand \u00e5ngrar jag att jag hindrade honom (han \u00e4r fortfarande sur).<\/p>\n<p><a href=\"https:\/\/www.ohrlund.se\/blogg\/wp-content\/uploads\/2016\/10\/DSC_0635.jpg\"><img loading=\"lazy\" decoding=\"async\" class=\"alignnone size-medium wp-image-3373\" src=\"https:\/\/www.ohrlund.se\/blogg\/wp-content\/uploads\/2016\/10\/DSC_0635-300x199.jpg\" alt=\"dsc_0635\" width=\"300\" height=\"199\" srcset=\"https:\/\/www.ohrlund.se\/blogg\/wp-content\/uploads\/2016\/10\/DSC_0635-300x199.jpg 300w, https:\/\/www.ohrlund.se\/blogg\/wp-content\/uploads\/2016\/10\/DSC_0635-768x510.jpg 768w, https:\/\/www.ohrlund.se\/blogg\/wp-content\/uploads\/2016\/10\/DSC_0635-1024x680.jpg 1024w, https:\/\/www.ohrlund.se\/blogg\/wp-content\/uploads\/2016\/10\/DSC_0635-452x300.jpg 452w\" sizes=\"auto, (max-width: 300px) 100vw, 300px\" \/><\/a><\/p>\n<p><strong>En typisk mellandag.<\/strong> Yngsta dottern, v\u00e5r eminenta kock, meddelar att det blir kycklingwraps i afton. Mums.<\/p>\n<p><strong>Jag kanske<\/strong> skulle ta ett glas vin (eller tv\u00e5) som omv\u00e4xling. Det g\u00e4ller ju att leva upp till f\u00f6rfattarmyten. ;o)<\/p>\n<p>&nbsp;<\/p>\n<p>&nbsp;<\/p>\n<p>&nbsp;<\/p>\n<div id=\"wp_fb_like_button\" style=\"margin:5px 0;float:none;height:100px;\"><script src=\"http:\/\/connect.facebook.net\/en_US\/all.js#xfbml=1\"><\/script><fb:like href=\"https:\/\/www.ohrlund.se\/blogg\/forfattarfunderingar-del-7-en-typisk-mellandag\/\" send=\"true\" layout=\"standard\" width=\"450\" show_faces=\"true\" font=\"arial\" action=\"like\" colorscheme=\"light\"><\/fb:like><\/div>","protected":false},"excerpt":{"rendered":"<p>&#8221;En typisk mellandag&#8221;, sa en g\u00e5ng en k\u00e4nd idrottsstj\u00e4rna n\u00e4r han inte presterade n\u00e5gra lysande resultat. I dag var det en s\u00e5dan dag. Eller &#8211; var det det? Jag skrev sent i natt och vaknade sent i dag. Uppt\u00e4ckte pl\u00f6tsligt &hellip; <a href=\"https:\/\/www.ohrlund.se\/blogg\/forfattarfunderingar-del-7-en-typisk-mellandag\/\">Forts\u00e4tt l\u00e4sa <span class=\"meta-nav\">&rarr;<\/span><\/a><\/p>\n","protected":false},"author":2,"featured_media":0,"comment_status":"open","ping_status":"open","sticky":false,"template":"","format":"standard","meta":{"_jetpack_memberships_contains_paid_content":false,"footnotes":""},"categories":[1],"tags":[],"class_list":["post-3371","post","type-post","status-publish","format-standard","hentry","category-okategoriserade"],"jetpack_featured_media_url":"","jetpack_sharing_enabled":true,"post_mailing_queue_ids":[],"_links":{"self":[{"href":"https:\/\/www.ohrlund.se\/blogg\/wp-json\/wp\/v2\/posts\/3371","targetHints":{"allow":["GET"]}}],"collection":[{"href":"https:\/\/www.ohrlund.se\/blogg\/wp-json\/wp\/v2\/posts"}],"about":[{"href":"https:\/\/www.ohrlund.se\/blogg\/wp-json\/wp\/v2\/types\/post"}],"author":[{"embeddable":true,"href":"https:\/\/www.ohrlund.se\/blogg\/wp-json\/wp\/v2\/users\/2"}],"replies":[{"embeddable":true,"href":"https:\/\/www.ohrlund.se\/blogg\/wp-json\/wp\/v2\/comments?post=3371"}],"version-history":[{"count":2,"href":"https:\/\/www.ohrlund.se\/blogg\/wp-json\/wp\/v2\/posts\/3371\/revisions"}],"predecessor-version":[{"id":3375,"href":"https:\/\/www.ohrlund.se\/blogg\/wp-json\/wp\/v2\/posts\/3371\/revisions\/3375"}],"wp:attachment":[{"href":"https:\/\/www.ohrlund.se\/blogg\/wp-json\/wp\/v2\/media?parent=3371"}],"wp:term":[{"taxonomy":"category","embeddable":true,"href":"https:\/\/www.ohrlund.se\/blogg\/wp-json\/wp\/v2\/categories?post=3371"},{"taxonomy":"post_tag","embeddable":true,"href":"https:\/\/www.ohrlund.se\/blogg\/wp-json\/wp\/v2\/tags?post=3371"}],"curies":[{"name":"wp","href":"https:\/\/api.w.org\/{rel}","templated":true}]}}