{"id":3410,"date":"2016-11-14T01:50:14","date_gmt":"2016-11-13T23:50:14","guid":{"rendered":"http:\/\/www.ohrlund.se\/blogg\/?p=3410"},"modified":"2016-11-14T01:50:14","modified_gmt":"2016-11-13T23:50:14","slug":"forfattarfunderingar-del-8-gillare-ni-ar-min-andra-familj","status":"publish","type":"post","link":"https:\/\/www.ohrlund.se\/blogg\/forfattarfunderingar-del-8-gillare-ni-ar-min-andra-familj\/","title":{"rendered":"F\u00f6rfattarfunderingar, del 8: Gillare &#8211; ni \u00e4r min andra familj"},"content":{"rendered":"<p><strong>J\u00e4mf\u00f6relsen mellan livet<\/strong> som f\u00f6rfattare f\u00f6rr och nu \u00e4r synnerligen intressant. F\u00f6rr, d\u00e5, f\u00f6r l\u00e4nge sedan, v\u00e5ndades f\u00f6rfattaren \u00f6ver sitt manus och l\u00e4mnade slutligen in en pappersbunt till f\u00f6rlaget som utvecklade det vidare och s\u00e5g till att det s\u00e5 sm\u00e5ningom blev en bok, alltmedan f\u00f6rfattaren satt hemma p\u00e5 kammaren och funderade \u00f6ver n\u00e4sta storverk.<\/p>\n<p><strong>I dag<\/strong> handlar det om <em>multitasking<\/em>. Den f\u00f6rfattare &#8211; bortsett ifr\u00e5n de femtio mest k\u00e4nda &#8211; som inte vill vara b\u00e5de id\u00e9kl\u00e4ckare, f\u00f6rfattare, pr-konsult, f\u00f6rhandlare, reklamtextf\u00f6rfattare, mediahora, ekonom, analytiker, fotomodell och lite till kommer att f\u00e5 det v\u00e4ldigt sv\u00e5rt att marknadsf\u00f6ra och f\u00e5 ut sin bok i den stenh\u00e5rda konkurrens som r\u00e5der. Det finns som sagt ett f\u00e5tal &#8211; kanske femtio, sextio eller sjuttio &#8211; f\u00f6rfattare som kan leva gott p\u00e5 sina b\u00f6cker medan m\u00e5nga tusen k\u00e4mpar och sliter med br\u00f6djobb p\u00e5 dagarna f\u00f6r att \u00e4gna kv\u00e4llar, n\u00e4tter och helger \u00e5t skrivandet i hopp om att f\u00f6rr eller senare sl\u00e5 igenom.<\/p>\n<p><strong>Det d\u00e4r med marknadsf\u00f6ring \u00e4r sv\u00e5rt.<\/strong> F\u00f6rr i v\u00e4rlden annonserade f\u00f6rlagen i de stora tidningarna att det hade kommit ut en ny bok. L\u00e4sarna s\u00e5g annonsen och k\u00f6pte f\u00f6rhoppningsvis boken. Den enda andra brett spridda underh\u00e5llningen bestod av radio, tv\u00e5 tv-kanaler och inget mer. I dag konkurrerar f\u00f6rfattaren med hundratals radio och tv-kanaler, ett gigantiskt internet, tusentals l\u00e4tt\u00e5tkomliga filmer, dataspel, chattar och &#8211; Facebook.<\/p>\n<p><strong>Men Facebook \u00e4r inte bara konkurrens<\/strong> utan ocks\u00e5 ett fantastiskt st\u00e4lle f\u00f6r en f\u00f6rfattare. FB \u00e4r inte bara ett utm\u00e4rkt st\u00e4lle att annonsera sina nyheter p\u00e5 utan ocks\u00e5 en k\u00e4lla till ofattbart stor kunskap.<\/p>\n<p><strong>N\u00e4r jag startade min f\u00f6rfattarsida<\/strong> fick jag ganska snabbt n\u00e5gra hundra gillare. I dag n\u00e4rmar jag mig tjugoen tusen! Tjugoen tusen tjejer, killar, kvinnor och m\u00e4n som tycker om det jag skriver och hejar p\u00e5 mig. Tjugoen tusen som jag delar stora delar av mitt liv med. Men ocks\u00e5 tjugoen tusen som vid varje tillf\u00e4lle \u00e4r en fantastisk tillg\u00e5ng n\u00e4r jag beh\u00f6ver researcha och f\u00e5 reda p\u00e5 fakta om n\u00e5got f\u00f6r en bok.<\/p>\n<p><strong>Under de senaste \u00e5ren<\/strong> har jag bett om hj\u00e4lp fr\u00e5n lastbilschauff\u00f6rer, dykare, l\u00e4kare, flygkaptener, teletekniker, ingenj\u00f6rer, sjuksk\u00f6terskor, tunnelbanef\u00f6rare, fallsk\u00e4rmsinstrukt\u00f6rer, taxi\u00e5kare, helikopterpiloter, radiospecialister, poliser, flygv\u00e4rdinnor, gruppsex\u00e4lskare, m\u00e4klare, motorcyklister, bilmekaniker, fackf\u00f6reningsrepresentanter, psykologer, vapen- och spr\u00e4ng\u00e4mnesexperter och m\u00e5nga, m\u00e5nga andra. S\u00e5 fort jag har g\u00e5tt ut och bett om hj\u00e4lp s\u00e5 har det omedelbart rasslat till i den privata inkorgen och gillare har st\u00e5tt p\u00e5 k\u00f6 f\u00f6r att hj\u00e4lpa till &#8211; underbart! Och naturligtvis kommer alla som bidrar med fakta in p\u00e5 tacklistan i boken.<\/p>\n<p><strong>Mina gillare har blivit som en andra familj.<\/strong> Jag \u00e4lskar att kommunicera med er och jag \u00e4r tacksam f\u00f6r att ni finns. N\u00e5gra av er har genom \u00e5ren blivit goda v\u00e4nner som jag umg\u00e5s med \u00e4ven privat och s\u00e4kert blir det fler.<\/p>\n<p><strong>Tack f\u00f6r att ni finns<\/strong>, delar med er av er humor och kunskap, och f\u00f6r att ni l\u00e4ser det jag skriver!<\/p>\n<p>&nbsp;<\/p>\n<div id=\"wp_fb_like_button\" style=\"margin:5px 0;float:none;height:100px;\"><script src=\"http:\/\/connect.facebook.net\/en_US\/all.js#xfbml=1\"><\/script><fb:like href=\"https:\/\/www.ohrlund.se\/blogg\/forfattarfunderingar-del-8-gillare-ni-ar-min-andra-familj\/\" send=\"true\" layout=\"standard\" width=\"450\" show_faces=\"true\" font=\"arial\" action=\"like\" colorscheme=\"light\"><\/fb:like><\/div>","protected":false},"excerpt":{"rendered":"<p>J\u00e4mf\u00f6relsen mellan livet som f\u00f6rfattare f\u00f6rr och nu \u00e4r synnerligen intressant. F\u00f6rr, d\u00e5, f\u00f6r l\u00e4nge sedan, v\u00e5ndades f\u00f6rfattaren \u00f6ver sitt manus och l\u00e4mnade slutligen in en pappersbunt till f\u00f6rlaget som utvecklade det vidare och s\u00e5g till att det s\u00e5 sm\u00e5ningom &hellip; <a href=\"https:\/\/www.ohrlund.se\/blogg\/forfattarfunderingar-del-8-gillare-ni-ar-min-andra-familj\/\">Forts\u00e4tt l\u00e4sa <span class=\"meta-nav\">&rarr;<\/span><\/a><\/p>\n","protected":false},"author":2,"featured_media":0,"comment_status":"closed","ping_status":"open","sticky":false,"template":"","format":"standard","meta":{"_jetpack_memberships_contains_paid_content":false,"footnotes":""},"categories":[1],"tags":[],"class_list":["post-3410","post","type-post","status-publish","format-standard","hentry","category-okategoriserade"],"jetpack_featured_media_url":"","jetpack_sharing_enabled":true,"post_mailing_queue_ids":[],"_links":{"self":[{"href":"https:\/\/www.ohrlund.se\/blogg\/wp-json\/wp\/v2\/posts\/3410","targetHints":{"allow":["GET"]}}],"collection":[{"href":"https:\/\/www.ohrlund.se\/blogg\/wp-json\/wp\/v2\/posts"}],"about":[{"href":"https:\/\/www.ohrlund.se\/blogg\/wp-json\/wp\/v2\/types\/post"}],"author":[{"embeddable":true,"href":"https:\/\/www.ohrlund.se\/blogg\/wp-json\/wp\/v2\/users\/2"}],"replies":[{"embeddable":true,"href":"https:\/\/www.ohrlund.se\/blogg\/wp-json\/wp\/v2\/comments?post=3410"}],"version-history":[{"count":1,"href":"https:\/\/www.ohrlund.se\/blogg\/wp-json\/wp\/v2\/posts\/3410\/revisions"}],"predecessor-version":[{"id":3411,"href":"https:\/\/www.ohrlund.se\/blogg\/wp-json\/wp\/v2\/posts\/3410\/revisions\/3411"}],"wp:attachment":[{"href":"https:\/\/www.ohrlund.se\/blogg\/wp-json\/wp\/v2\/media?parent=3410"}],"wp:term":[{"taxonomy":"category","embeddable":true,"href":"https:\/\/www.ohrlund.se\/blogg\/wp-json\/wp\/v2\/categories?post=3410"},{"taxonomy":"post_tag","embeddable":true,"href":"https:\/\/www.ohrlund.se\/blogg\/wp-json\/wp\/v2\/tags?post=3410"}],"curies":[{"name":"wp","href":"https:\/\/api.w.org\/{rel}","templated":true}]}}