{"id":3456,"date":"2016-12-11T21:35:16","date_gmt":"2016-12-11T19:35:16","guid":{"rendered":"http:\/\/www.ohrlund.se\/blogg\/?p=3456"},"modified":"2016-12-11T21:35:16","modified_gmt":"2016-12-11T19:35:16","slug":"en-hjalpande-hand","status":"publish","type":"post","link":"https:\/\/www.ohrlund.se\/blogg\/en-hjalpande-hand\/","title":{"rendered":"En hj\u00e4lpande hand"},"content":{"rendered":"<p><strong>F\u00f6r m\u00e5nga \u00e5r sedan<\/strong> tillbringade jag julafton p\u00e5 ett h\u00e4rb\u00e4rge med att g\u00f6ra reportage om de utslagnas och ensammas jul.<\/p>\n<p><strong>Jag l\u00e4rde mig mycket den dagen och kv\u00e4llen.<\/strong>\u00a0Lyssnade p\u00e5 historier som fick mig att f\u00f6rst\u00e5 att gr\u00e4nsen mellan ett lyckligt liv med arbete och familj till att sitta p\u00e5 parkb\u00e4nken med en skv\u00e4tt vodka kvar, ofta kan best\u00e5 av en skilsm\u00e4ssa och en upps\u00e4gning. Sent p\u00e5 kv\u00e4llen kunde jag \u00e4nd\u00e5 \u00e5terv\u00e4nda till mina f\u00f6r\u00e4ldrar d\u00e4r ljus, v\u00e4rme, k\u00e4rlek, mat och dryck v\u00e4ntade. F\u00f6r att jag var priviligierad.<\/p>\n<p><strong>Det \u00e4r jag fortfarande.<\/strong> Det \u00e4r ocks\u00e5 min omgivning. Oaktat att det finns m\u00e4nniskor som klagar, s\u00e5 k\u00e4nner jag inte en enda som inte har tak \u00f6ver huvudet, v\u00e4rme och mat f\u00f6r dagen.<\/p>\n<p><strong>Som priviligierad<\/strong> vill jag g\u00e4rna f\u00f6rs\u00f6ka dra ett litet str\u00e5 till stacken n\u00e4r det g\u00e4ller att hj\u00e4lpa och att str\u00e4va efter en b\u00e4ttre v\u00e4rld. Under \u00e5rens lopp har jag dels deltagit i volont\u00e4rsarbete, dels st\u00f6ttat olika organisationer med ekonomiska bidrag. Du kanske k\u00e4nner till att b\u00e5de jag som ensamf\u00f6rfattare och tillsammans med Dan Buthler dels har gjort omfattande aktioner till f\u00f6rm\u00e5n f\u00f6r Barncancerfonden, dels auktionerat ut f\u00e4rdiga manus till f\u00f6rm\u00e5n f\u00f6r Barncancerfonden, Situation Stockholm, L\u00e4kare Utan Gr\u00e4nser, offren f\u00f6r tsunamin p\u00e5 Filippinerna och nu senast UNHCR (f\u00f6r barnen i kriget i Syrien). Privat st\u00f6der jag L\u00e4kare Utan Gr\u00e4nser, Fr\u00e4lsningsarm\u00e9n, Sollentuna Kvinnojour och Missing People.<\/p>\n<p><strong>Det senaste projektet<\/strong> jag nu deltar i \u00e4r att n\u00e5 en rad svenska beh\u00f6vande familjer i ekonomisk n\u00f6d f\u00f6r att b\u00e5de vuxna och barn ska f\u00e5 en anst\u00e4ndig jul. I globaliseringens v\u00e4rld d\u00e4r vi dagligen ser f\u00f6rf\u00e4rliga bilder av krig, sjukdomar, sv\u00e4lt och annat el\u00e4nde i l\u00e4nder l\u00e5ngt bort \u00e4r det l\u00e4tt att gl\u00f6mma vad som sker p\u00e5 v\u00e5ra egna gator. I v\u00e4lf\u00e4rdslandet Sverige finns det julen 2016 alltf\u00f6r m\u00e5nga m\u00e4nniskor som av olika sk\u00e4l inte har en egen bostad, som inte har v\u00e4rme eller skydd, som inte har r\u00e5d med anst\u00e4ndig mat.<\/p>\n<p><strong>Och framf\u00f6rallt inte en enda julklapp till barnen.<\/strong><\/p>\n<p><strong>Ibland kan det vara sv\u00e5rt att hj\u00e4lpa sj\u00e4lv,<\/strong> n\u00e4r man inte vet hur man ska b\u00e4ra sig \u00e5t. Men det finns gott om organisationer som utf\u00f6r ett fantastiskt fint arbete. Och tro det eller ej &#8211; en hundring eller tv\u00e5 r\u00e4cker l\u00e4ngre \u00e4n du tror, om m\u00e5nga \u00e4r med p\u00e5 t\u00e5get.<\/p>\n<p><strong>Fr\u00e4lsningsarm\u00e9n https:\/\/www.fralsningsarmen.se\/\u00a0g\u00f6r ett bra jobb liksom Stadsmissionen https:\/\/www.stadsmissionen.se\/,<\/strong> som finns i m\u00e5nga st\u00e4der. <strong>Giving People<\/strong> \u00e4r en hj\u00e4lporganisation som k\u00e4mpar mot ekonomisk utsatthet och barnfattigdom i Sverige:\u00a0<a href=\"http:\/\/www.givingpeople.se\/\">http:\/\/www.givingpeople.se\/<\/a><\/p>\n<p><strong>S\u00e5 sk\u00e4nk en slant \u00e4r du sn\u00e4ll, \u00e4ven om den \u00e4r liten.<\/strong> En ensam \u00e5ldring kan f\u00e5 vettig mat p\u00e5 julafton, en h\u00e5rt str\u00e4vande arbetsl\u00f6s ensamst\u00e5ende f\u00f6r\u00e4lder kan f\u00e5 se sina barn lyckliga och barnen kan f\u00e5 uppleva den d\u00e4r alldeles speciella k\u00e4nslan av att \u00e4ta sig m\u00e4tta och sedan f\u00e5 \u00f6ppna ett eget litet paket.<\/p>\n<p><strong>Vi kan inte hj\u00e4lpa alla. Men vi kan alla g\u00f6ra <em>n\u00e5got.<\/em> S\u00e5 det tycker jag att vi g\u00f6r. :o)<\/strong><\/p>\n<p>&nbsp;<\/p>\n<p>&nbsp;<\/p>\n<div id=\"wp_fb_like_button\" style=\"margin:5px 0;float:none;height:100px;\"><script src=\"http:\/\/connect.facebook.net\/en_US\/all.js#xfbml=1\"><\/script><fb:like href=\"https:\/\/www.ohrlund.se\/blogg\/en-hjalpande-hand\/\" send=\"true\" layout=\"standard\" width=\"450\" show_faces=\"true\" font=\"arial\" action=\"like\" colorscheme=\"light\"><\/fb:like><\/div>","protected":false},"excerpt":{"rendered":"<p>F\u00f6r m\u00e5nga \u00e5r sedan tillbringade jag julafton p\u00e5 ett h\u00e4rb\u00e4rge med att g\u00f6ra reportage om de utslagnas och ensammas jul. Jag l\u00e4rde mig mycket den dagen och kv\u00e4llen.\u00a0Lyssnade p\u00e5 historier som fick mig att f\u00f6rst\u00e5 att gr\u00e4nsen mellan ett lyckligt &hellip; <a href=\"https:\/\/www.ohrlund.se\/blogg\/en-hjalpande-hand\/\">Forts\u00e4tt l\u00e4sa <span class=\"meta-nav\">&rarr;<\/span><\/a><\/p>\n","protected":false},"author":2,"featured_media":0,"comment_status":"closed","ping_status":"open","sticky":false,"template":"","format":"standard","meta":{"_jetpack_memberships_contains_paid_content":false,"footnotes":""},"categories":[1],"tags":[],"class_list":["post-3456","post","type-post","status-publish","format-standard","hentry","category-okategoriserade"],"jetpack_featured_media_url":"","jetpack_sharing_enabled":true,"post_mailing_queue_ids":[],"_links":{"self":[{"href":"https:\/\/www.ohrlund.se\/blogg\/wp-json\/wp\/v2\/posts\/3456","targetHints":{"allow":["GET"]}}],"collection":[{"href":"https:\/\/www.ohrlund.se\/blogg\/wp-json\/wp\/v2\/posts"}],"about":[{"href":"https:\/\/www.ohrlund.se\/blogg\/wp-json\/wp\/v2\/types\/post"}],"author":[{"embeddable":true,"href":"https:\/\/www.ohrlund.se\/blogg\/wp-json\/wp\/v2\/users\/2"}],"replies":[{"embeddable":true,"href":"https:\/\/www.ohrlund.se\/blogg\/wp-json\/wp\/v2\/comments?post=3456"}],"version-history":[{"count":2,"href":"https:\/\/www.ohrlund.se\/blogg\/wp-json\/wp\/v2\/posts\/3456\/revisions"}],"predecessor-version":[{"id":3458,"href":"https:\/\/www.ohrlund.se\/blogg\/wp-json\/wp\/v2\/posts\/3456\/revisions\/3458"}],"wp:attachment":[{"href":"https:\/\/www.ohrlund.se\/blogg\/wp-json\/wp\/v2\/media?parent=3456"}],"wp:term":[{"taxonomy":"category","embeddable":true,"href":"https:\/\/www.ohrlund.se\/blogg\/wp-json\/wp\/v2\/categories?post=3456"},{"taxonomy":"post_tag","embeddable":true,"href":"https:\/\/www.ohrlund.se\/blogg\/wp-json\/wp\/v2\/tags?post=3456"}],"curies":[{"name":"wp","href":"https:\/\/api.w.org\/{rel}","templated":true}]}}