{"id":3676,"date":"2017-10-22T00:40:08","date_gmt":"2017-10-21T22:40:08","guid":{"rendered":"http:\/\/www.ohrlund.se\/blogg\/?p=3676"},"modified":"2017-10-22T00:40:08","modified_gmt":"2017-10-21T22:40:08","slug":"hur-vore-det-att-byta-metoo-mot-respekt","status":"publish","type":"post","link":"https:\/\/www.ohrlund.se\/blogg\/hur-vore-det-att-byta-metoo-mot-respekt\/","title":{"rendered":"Hur vore det att byta #metoo mot #respekt?"},"content":{"rendered":"<p><strong>I Sverige visar all statistik<\/strong> att antalet anm\u00e4lda sexualbrott \u00f6kat dramatiskt. Enligt Nationella Trygghetsunders\u00f6kningen, NTU, har kurvan g\u00e5tt spikrakt upp\u00e5t sedan 2012.\u00a0 De flesta brotten sker p\u00e5 allm\u00e4n plats och g\u00e4rningsmannen \u00e4r ok\u00e4nd (l\u00e4s: tafsande p\u00e5 musikfestivaler, \u00f6verfallsv\u00e5ldt\u00e4kter utomhus).<\/p>\n<p><strong>Det har varken regeringen, andra politiker eller landets pk-maffia &#8211; inklusive de som kallar sig feminister &#8211; velat prata h\u00f6gt om. M\u00f6jligen f\u00f6r att det inte g\u00e5tt att leda i bevis att samtliga sexualbrott beg\u00e5s av vita medel\u00e5lders m\u00e4n (ni vet, s\u00e5na som jag, som k\u00f6r diesel-SUV, flyger och d\u00e4rmed orsakar utsl\u00e4pp och v\u00e4rldens underg\u00e5ng). Ty Sverige \u00e4r ju Det Perfekta Landet.<\/strong><\/p>\n<p><strong>Brottsf\u00f6rebyggande R\u00e5det, BR\u00c5,<\/strong> rapporterar att antalet anm\u00e4lda v\u00e5ldt\u00e4kter mellan 2007 och 2016 \u2013 har \u00f6kat stadigt, med hela 41 procent. Visserligen \u00e4ndrades lagstiftningen g\u00e4llande definitioner av v\u00e5ldt\u00e4kt 2013, men det f\u00f6rklarar inte den enorma \u00f6kningen. \u00d6kningen visar heller inga tecken p\u00e5 att avta \u2013 mellan 2015 och 2016 \u00f6kade anm\u00e4lningarna om v\u00e5ldt\u00e4kt med tretton procent och enligt halv\u00e5rsstatistiken f\u00f6r 2017 har anm\u00e4lningarna \u00f6kat med fjorton procent.<\/p>\n<p><strong>Det har varken regeringen, andra politiker eller landets pk-maffia &#8211; inklusive de som kallar sig feminister &#8211; velat prata h\u00f6gt om. Alla har avf\u00e4rdat siffrorna med att det handlar om &#8221;\u00f6kande anm\u00e4lningsben\u00e4genhet&#8221;, inklusive de v\u00e5ldt\u00e4kter som visar att vuxna m\u00e4n v\u00e5ldtagit sm\u00e5pojkar p\u00e5 HVB-hem. Ty Sverige \u00e4r ju Det Perfekta Landet.<\/strong><\/p>\n<p><strong>Under de senaste \u00e5ren<\/strong> har det rasat in rapporter om hur flickor och kvinnor blir sexuellt kr\u00e4nkta i offentliga milj\u00f6er, i kollektivtrafiken och p\u00e5 badhus d\u00e4r m\u00e4n ogenerat tafsat p\u00e5 dem, kommit med kr\u00e4nkande kommentarer och\/eller f\u00f6rs\u00f6kt v\u00e5ldta dem.<\/p>\n<p><strong>Detta har varken regeringen, andra politiker eller landets pk-maffia &#8211; inklusive de som kallar sig feminister &#8211; velat prata h\u00f6gt om. Ty medel\u00e5lders, vita, SUV-k\u00f6rande m\u00e4n \u00e4r p\u00e5 jobbet vid de tider d\u00e5 trakasserierna \u00e4gt rum.<\/strong><\/p>\n<p><strong>Och Sverige \u00e4r ju Det Perfekta Landet.<\/strong><\/p>\n<p><strong>S\u00e5<\/strong> &#8211; pl\u00f6tsligt anklagar n\u00e5gra k\u00e4nda sk\u00e5despelerskor en filmmogul i Hollywood f\u00f6r sexuella \u00f6vergrepp.<\/p>\n<p><strong>Och t\u00e4nder en brasa. Hashtagen #metoo skapas<\/strong>, drar som en l\u00f6peld \u00f6ver v\u00e4rlden och exploderar inte minst i Sverige. Under n\u00e5gra f\u00e5 dygn anklagas flera svenska programledare och journalister f\u00f6r sexuella \u00f6vergrepp. N\u00e5gra \u00e4r tysta, andra erk\u00e4nner. Det ska tills\u00e4ttas externa utredningar och det framf\u00f6rs krav p\u00e5 att \u00e4ven f\u00f6r\u00f6varnas chefer ska sparkas eftersom de k\u00e4nt till vad som h\u00e4nt, men m\u00f6rkat eller inte vidtagit tillr\u00e4ckligt kraftiga \u00e5tg\u00e4rder mot f\u00f6r\u00f6varna.<\/p>\n<p><strong>Det \u00e4r naturligtvis bra.<\/strong> Upp med allt i ljuset. Utred. Rensa bort ogr\u00e4set. Vi beh\u00f6ver inte programledare som trakasserar andra sexuellt.<\/p>\n<p><strong>Men i skuggan av #metoo<\/strong> drunknar de offer som av n\u00e5gon anledning inte passar in i metoo-debatten. Nu tr\u00e4der hundratals, tusentals, tiotusentals kvinnor fram och ber\u00e4ttar om \u00f6vergrepp som skett i g\u00e5r, f\u00f6rra m\u00e5naden eller &#8211; l\u00e4ste jag nyss &#8211; f\u00f6r trettio \u00e5r sedan (en man hade lagt en hand p\u00e5 hennes kn\u00e4).<\/p>\n<p><strong>Det \u00e4r bra, det.<\/strong><\/p>\n<p><em><strong>Men<\/strong> <\/em><strong>&#8211; hur var det nu med m\u00e4nniskors<em> lika v\u00e4rde?<\/em><\/strong> Hur var det nu med all prata om <em><strong>alla<\/strong> <\/em>som \u00e4r offer &#8211; \u00e4ven en 12-\u00e5rig pojke som blivit homosexuellt gruppv\u00e5ldtagen p\u00e5 ett hem d\u00e4r svenska staten ska skydda honom? Hur var det nu med alla kvinnor som utnyttjat unga pojkar sexuellt p\u00e5 flyktingboenden?\u00a0 Eller &#8211; m\u00e5ste man vara kvinna och ha blivit tafsad p\u00e5 av en manlig tv-k\u00e4ndis f\u00f6r att r\u00e4knas i debatten?<\/p>\n<p><strong>Ska vi \u00e4ntligen b\u00f6rja prata sanning<\/strong>\u00a0om det relativt nya svenska fenomenet, de v\u00e5ldsamma gruppv\u00e5ldt\u00e4kterna &#8211; fyra, \u00e5tta eller femton m\u00e4n p\u00e5 en kvinna &#8211; d\u00e4r det inte g\u00e5r att leda i bevis att de beg\u00e5tts av vita, medel\u00e5lders SUV-f\u00f6rare, av den enkla anledningen att det inte var s\u00e5? Eller &#8211; ska vi fortsatt utel\u00e4mna dem fr\u00e5n diskussionen och se till att \u00e4ven #metoo blir en alldeles lagom mellanmj\u00f6lksdiskussion d\u00e4r vi diskuterar det som inte \u00e4r obehagligt eller politiskt inkorrekt, precis lagom mycket?<\/p>\n<p><strong>#mettoo \u00e4r ett bra initiativ<\/strong> som borde f\u00f6rvandlas till en st\u00e4ndigt p\u00e5g\u00e5ende diskussion med id\u00e9er och krav om hur de el\u00e4ndiga \u00f6vergreppen kan decimeras och vilka p\u00e5f\u00f6ljder som ska g\u00e4lla. \u00d6vergrepp mot <em>alla<\/em>, utf\u00f6rda av <em>alla<\/em>.<\/p>\n<p><strong>Men s\u00e5 kommer det inte att bli.<\/strong> Jag befarar att #metoo blir ett relativt kort mode, just av anledningen att alla inte vill diskutera allt som \u00e4r obehagligt. Den som vill lyfta upp <em>alla<\/em> sanningar p\u00e5 bordet utan att vara pk riskerar snabbt att f\u00e5 alla m\u00f6jliga mindre smickrande etiketter p\u00e5 sig. Just d\u00e4rf\u00f6r riskerar #metoo-kampanjen att g\u00f6ra lika mycket skada som nytta. Vissa offer lyfts fram eller lyfter fram sig sj\u00e4lva. Urs\u00e4kter kr\u00e4vs och huvuden ska offras p\u00e5 fat.<\/p>\n<p><strong>Bra d\u00e4r, s\u00e5 l\u00e5ngt.<\/strong> <strong>Men i fj\u00e4rran begravs de offer som inte hade r\u00e4tt k\u00f6n, r\u00e4tt tillh\u00f6righet eller inte tafsades p\u00e5 eller v\u00e5ldtogs p\u00e5 r\u00e4tt s\u00e4tt f\u00f6r att vara tillr\u00e4ckligt intressant i debatten, eller tillr\u00e4ckligt mycket offer.<\/strong><\/p>\n<p><strong>\u00c4nnu ett tragiskt bevis<\/strong> f\u00f6r att m\u00e4nniskor inte anses vara lika mycket v\u00e4rda. Kom g\u00e4rna tillbaka och smiska upp mig om #metoo-debatten varar och lett till n\u00e5gra rej\u00e4la f\u00f6r\u00e4ndringar i statistik eller straffskala om ett par \u00e5r.<\/p>\n<p><strong>En n\u00e4ra v\u00e4n<\/strong> sa nyligen till mig att hela #metoo-debatten bara \u00e4r ett politiskt korrekt s\u00e4tt att d\u00f6lja den enorma \u00f6kningen av v\u00e5ldsamma gruppv\u00e5ldt\u00e4kter som drabbat landet under de senaste \u00e5ren. Jag hoppas att hon har fel. Jag befarar att hon har r\u00e4tt.<\/p>\n<p><strong>M\u00e4n kan inte v\u00e5ldtas, heter det ju.<\/strong> En sanning med viss modifikation. Men att \u00e4ven m\u00e4n kan trakasseras sexuellt r\u00e5der det inget tvivel om.<\/p>\n<p><strong>F\u00f6r att bidra med mitt str\u00e5 till stacken,<\/strong> ska jag ber\u00e4tta om de g\u00e5nger i mitt liv d\u00e5 jag &#8211; enligt den svenska boken &#8211; blivit sexuellt trakasserad:<\/p>\n<ol>\n<li>Som \u00e5tta\u00e5ring bes\u00f6kte jag biblioteket i Solna Centrum. I kapprummet v\u00e4ntade tre tjejer, kanske i tretton\u00e5rs\u00e5ldern, som f\u00f6rs\u00f6kte ta mig p\u00e5 kuken. Jag blev livr\u00e4dd och slog dem p\u00e5 h\u00e4nderna med b\u00f6cker s\u00e5 att de skrek och stack.<\/li>\n<li>I tjugo\u00e5rs\u00e5ldern stod jag i baren p\u00e5 Caf\u00e9 Opera i Stockholm n\u00e4r en gaykille tog mig h\u00e5rt i h\u00e4cken utan f\u00f6rvarning. Jag v\u00e4nde mig om och sa till honom att l\u00e4gga av.<\/li>\n<li>I trettiofem\u00e5rs\u00e5ldern stod jag p\u00e5 en musikbar p\u00e5 s\u00f6der n\u00e4r en n\u00e5got \u00e4ldre kvinna k\u00f6rde upp handen under min pung bakifr\u00e5n utan f\u00f6rvarning. Jag v\u00e4nde mig om och sa till henne att l\u00e4gga av.<\/li>\n<li>Som f\u00f6rfattare har jag f\u00e5tt en hel del &#8221;erbjudanden&#8221; som jag utan vidare hade kunnat vara utan.<\/li>\n<\/ol>\n<p><strong>Kanske k\u00e4nns det mycket mer kr\u00e4nkande om man \u00e4r kvinna,<\/strong> f\u00f6r jag kan inte p\u00e5st\u00e5 att n\u00e5got av dessa tillf\u00e4llen gjort mig s\u00f6mnl\u00f6s eller f\u00e5tt mig att g\u00e5 omkring och grubbla i \u00e5ratal. Men sexuella \u00f6vergrepp var det otvivelaktigt, om man ska g\u00e5 efter boken.<\/p>\n<p><strong>Jag har naturligtvis ingen l\u00f6sning<\/strong> p\u00e5 de problem som nu pl\u00f6tsligt blivit medialt h\u00f6gaktuella trots att problemet alltid funnits i varierande grad.<\/p>\n<p><strong>Men jag har en id\u00e9:<\/strong><\/p>\n<p><strong>F\u00f6r mig \u00e4r &#8221;Respekt&#8221; v\u00e4rldens vackraste och mest betydelsefulla ord.<\/strong> Om varje m\u00e4nniska p\u00e5 jorden hade hedrat det fullt ut n\u00e4r det g\u00e4ller andra m\u00e4nniskor, deras politiska och religi\u00f6sa hemvister, deras nationaliteter och hudf\u00e4rger, s\u00e5 hade vi inte haft n\u00e5gra krig, konflikter, m\u00e4nskliga kr\u00e4nkningar eller &#8211; sexuella \u00f6vergrepp.<\/p>\n<p><strong>L\u00e5t oss d\u00e4rf\u00f6r alla ist\u00e4llet arbeta f\u00f6r hashtagen #respekt.<\/strong><\/p>\n<p><strong>Och inte bara i n\u00e5gra dagar, en m\u00e5nad eller ett \u00e5r.<\/strong><\/p>\n<p><strong>Utan f\u00f6r alltid.<\/strong><\/p>\n<p>&nbsp;<\/p>\n<p>&nbsp;<\/p>\n<div id=\"wp_fb_like_button\" style=\"margin:5px 0;float:none;height:100px;\"><script src=\"http:\/\/connect.facebook.net\/en_US\/all.js#xfbml=1\"><\/script><fb:like href=\"https:\/\/www.ohrlund.se\/blogg\/hur-vore-det-att-byta-metoo-mot-respekt\/\" send=\"true\" layout=\"standard\" width=\"450\" show_faces=\"true\" font=\"arial\" action=\"like\" colorscheme=\"light\"><\/fb:like><\/div>","protected":false},"excerpt":{"rendered":"<p>I Sverige visar all statistik att antalet anm\u00e4lda sexualbrott \u00f6kat dramatiskt. Enligt Nationella Trygghetsunders\u00f6kningen, NTU, har kurvan g\u00e5tt spikrakt upp\u00e5t sedan 2012.\u00a0 De flesta brotten sker p\u00e5 allm\u00e4n plats och g\u00e4rningsmannen \u00e4r ok\u00e4nd (l\u00e4s: tafsande p\u00e5 musikfestivaler, \u00f6verfallsv\u00e5ldt\u00e4kter utomhus). Det &hellip; <a href=\"https:\/\/www.ohrlund.se\/blogg\/hur-vore-det-att-byta-metoo-mot-respekt\/\">Forts\u00e4tt l\u00e4sa <span class=\"meta-nav\">&rarr;<\/span><\/a><\/p>\n","protected":false},"author":2,"featured_media":0,"comment_status":"closed","ping_status":"open","sticky":false,"template":"","format":"standard","meta":{"_jetpack_newsletter_access":"","_jetpack_dont_email_post_to_subs":false,"_jetpack_newsletter_tier_id":0,"_jetpack_memberships_contains_paywalled_content":false,"_jetpack_feature_clip_id":0,"_jetpack_memberships_contains_paid_content":false,"footnotes":"","jetpack_post_was_ever_published":false},"categories":[1],"tags":[],"class_list":["post-3676","post","type-post","status-publish","format-standard","hentry","category-okategoriserade"],"jetpack_sharing_enabled":true,"jetpack_featured_media_url":"","post_mailing_queue_ids":[],"_links":{"self":[{"href":"https:\/\/www.ohrlund.se\/blogg\/wp-json\/wp\/v2\/posts\/3676","targetHints":{"allow":["GET"]}}],"collection":[{"href":"https:\/\/www.ohrlund.se\/blogg\/wp-json\/wp\/v2\/posts"}],"about":[{"href":"https:\/\/www.ohrlund.se\/blogg\/wp-json\/wp\/v2\/types\/post"}],"author":[{"embeddable":true,"href":"https:\/\/www.ohrlund.se\/blogg\/wp-json\/wp\/v2\/users\/2"}],"replies":[{"embeddable":true,"href":"https:\/\/www.ohrlund.se\/blogg\/wp-json\/wp\/v2\/comments?post=3676"}],"version-history":[{"count":2,"href":"https:\/\/www.ohrlund.se\/blogg\/wp-json\/wp\/v2\/posts\/3676\/revisions"}],"predecessor-version":[{"id":3678,"href":"https:\/\/www.ohrlund.se\/blogg\/wp-json\/wp\/v2\/posts\/3676\/revisions\/3678"}],"wp:attachment":[{"href":"https:\/\/www.ohrlund.se\/blogg\/wp-json\/wp\/v2\/media?parent=3676"}],"wp:term":[{"taxonomy":"category","embeddable":true,"href":"https:\/\/www.ohrlund.se\/blogg\/wp-json\/wp\/v2\/categories?post=3676"},{"taxonomy":"post_tag","embeddable":true,"href":"https:\/\/www.ohrlund.se\/blogg\/wp-json\/wp\/v2\/tags?post=3676"}],"curies":[{"name":"wp","href":"https:\/\/api.w.org\/{rel}","templated":true}]}}