{"id":3685,"date":"2017-11-17T02:03:33","date_gmt":"2017-11-17T00:03:33","guid":{"rendered":"http:\/\/www.ohrlund.se\/blogg\/?p=3685"},"modified":"2017-11-17T11:28:02","modified_gmt":"2017-11-17T09:28:02","slug":"snutjavlar","status":"publish","type":"post","link":"https:\/\/www.ohrlund.se\/blogg\/snutjavlar\/","title":{"rendered":"SNUTJ\u00c4VLAR!"},"content":{"rendered":"<p><strong>&#8230;skriker slynglar,<\/strong>\u00a0sj\u00e4lvutn\u00e4mnda sm\u00e5gangsters (vars tuffaste bedrift \u00e4r att s\u00e4tta eld p\u00e5 en elva \u00e5r gammal Toyota och f\u00f6rst\u00f6ra vardagen f\u00f6r en ensam morsa med tv\u00e5 barn) n\u00e4r en polisbil rullar fram f\u00f6r att eskortera en ambulans som ska h\u00e4mta en gammal tant med hj\u00e4rtinfarkt<\/p>\n<p><strong>Att vara ambulanspersonal<\/strong> \u00e4r numera n\u00e4mligen betydligt mer \u00e4ventyrligt &#8211; i negativ bem\u00e4rkelse &#8211; \u00e4n vad dessa patosfyllda, h\u00e4rliga m\u00e4nniskor hade t\u00e4nkt sig n\u00e4r de vigde sitt liv \u00e5t att r\u00e4dda andras.<\/p>\n<p><strong>&#8221;Pissr\u00e5tta! Snutfitta! Hora! Jag ska knulla din morsa i arslet!&#8221;.<\/strong> Kretinernas synnerligen f\u00e5ordiga poesi (Nobelpris och Augustpris l\u00e4r till deras f\u00f6rv\u00e5ning utebli) skallar mellan v\u00e4ggarna medan en ung, f\u00f6rvirrad polisassistent och en lika f\u00f6rvirrad ambulanssjuksk\u00f6terska undrar n\u00e4r det blev fel att hj\u00e4lpa.<\/p>\n<p><strong>Jag l\u00e4ser om hur tv\u00e5 ambulanssjuksk\u00f6terskor<\/strong> som k\u00e5nkar ut en m\u00e4nniska med infarkt pl\u00f6tsligt k\u00e4nner att det blir bl\u00f6tt p\u00e5 huvudet. P\u00e5 en mur tv\u00e5 meter upp st\u00e5r en man och urinerar p\u00e5 dem. En h\u00e4rlig motivation att g\u00e5 till jobbet n\u00e4sta dag, eller r\u00e4dda n\u00e5gon annans pappa eller farmor. Brandm\u00e4nnen har det inte b\u00e4ttre och dessv\u00e4rre f\u00e5r de inte ens i sj\u00e4lvf\u00f6rsvar anv\u00e4nda de d\u00e4r fina slangarna och sprutorna som med kallt vatten skulle ha satt p f\u00f6r en j\u00e4vla massa dumheter omedelbart.<\/p>\n<p><strong>Att n\u00e5gon fortfarande vill och orkar vara polis i Sverige \u00e4r sv\u00e5rbegripligt.<\/strong> De som jobbar f\u00f6r att v\u00e5ra gator och torg ska vara trygga f\u00e5r under ett arbetspass h\u00f6ra s\u00e5 mycket skit att vilken HR-medarbetare p\u00e5 vilket f\u00f6retag som helst skulle svimma. Ingen p\u00e5 en vanlig arbetsplats skulle acceptera att kallas hora, nazistsvin, fascist och f\u00f6r s\u00e4kerhets skull bli hotad och f\u00e5 stenar kastade mot sig. Det skulle bli samtal och fackf\u00f6reningsm\u00f6ten och r\u00e4tteg\u00e5ngar och skadest\u00e5nd.<\/p>\n<p><strong>F\u00f6r v\u00e5ra hj\u00e4ltesnutar<\/strong> som kommer hem efter \u00e5tta svettiga timmar blir det varken eller. Inte en uppmuntrande dus\u00f6r i det tunna l\u00f6nekuvertet. Inte en klapp p\u00e5 axeln fr\u00e5n de h\u00f6gre cheferna, som nu alla darrar under L\u00f6fven-Eliassons sorgliga demontering av polisen.<\/p>\n<p><strong>I min n\u00e4rmaste v\u00e4nkrets finns gott om poliser.<\/strong>\u00a0Bra folk. N\u00e5gra har just med en l\u00e4ttnadens suck g\u00e5tt i pension. Andra har beslutat att g\u00e5 hem i f\u00f6rtid \u00e4ven om de f\u00f6rlorar ett par \u00e5rs pension.<\/p>\n<p><strong>F\u00f6r att de inte st\u00e5r ut l\u00e4ngre. F\u00f6r att poliser dagligen hotas till livet. F\u00f6r att gangsters s\u00f6ker upp dem i deras bost\u00e4der och hotar dem och deras familjer. F\u00f6r att bomber detonerar utanf\u00f6r polisstationer. F\u00f6r att de kriminella deklarerat att &#8221;nu \u00e4r det inte ni som jagar oss utan vi som jagar er&#8221;.<\/strong><\/p>\n<p><strong>Och f\u00f6r att det f\u00e5r f\u00f6rekomma ostraffat.<\/strong><\/p>\n<p><strong>V\u00e4rst \u00e4r det kanske<\/strong> med de poliser som knappt fyllt 40 men har 20 \u00e5rs erfarenhet i yrket, som slutar f\u00f6r att g\u00e5 till ett jobb med anst\u00e4ndig l\u00f6n. Ov\u00e4rderlig kompetens f\u00f6rsvinner ut genom d\u00f6rren och ska ers\u00e4ttas med unga killar och tjejer fr\u00e5n Polish\u00f6gskolan. Problemet \u00e4r att det tar 20 \u00e5r att f\u00e5 20 \u00e5rs erfarenhet och att det till politikernas enorma f\u00f6rv\u00e5ning numera \u00e4r hoppl\u00f6st att fylla platserna p\u00e5 Polish\u00f6gskolan, medan det f\u00f6rr i v\u00e4rlden var l\u00e5nga k\u00f6er dit.<\/p>\n<p><strong>F\u00f6r en tid sedan<\/strong> h\u00f6ll jag f\u00f6redrag f\u00f6r en grupp fackligt aktiva poliser. De ber\u00e4ttade att l\u00f6nef\u00f6rhandlingar n\u00e4rmade sig och n\u00e4r jag s\u00e5g vilka niv\u00e5er och belopp som diskuterades visste jag inte om jag skulle skratta eller gr\u00e5ta. N\u00e4r sopgubbarna strejkade f\u00f6r ett tag sedan &#8211; och det kom fram att de tj\u00e4nade 40 000 i m\u00e5naden n\u00e4r de jobbade 30-timmarsvecka &#8211; tyckte m\u00e5nga att det var \u00e5t helvete.<\/p>\n<p><strong>Jag tyckte att det var helt r\u00e4tt.<\/strong> De som i regn, halka och bl\u00f6tsn\u00f6 sl\u00e4par v\u00e5rt avskr\u00e4de och sk\u00e4r sig f\u00f6r att n\u00e5gon idiot sl\u00e4ngt vass metall eller krossat glas i soporna, ska ha bra betalt.<\/p>\n<p><strong>Men det ska de som tar hand om m\u00e4nniskor ocks\u00e5.<\/strong> Inte minst de som hotade och slagna efter ett arbetspass kommer hem med urin, spyor och blod p\u00e5 sina uniformer.\u00a0 Allts\u00e5 f\u00f6resl\u00e5r jag <strong>startl\u00f6ner<\/strong> p\u00e5 40 000 i m\u00e5naden f\u00f6r poliser, folk i r\u00e4ddningstj\u00e4nsten och sjukv\u00e5rden. V\u00e4ktare, som alltmer f\u00e5r rollen att avlasta polisen (vilket \u00e4r \u00e5t helvete fel) ska ocks\u00e5 ha bra betalt, och det finns s\u00e4kert fler yrken n\u00e4r jag t\u00e4nker efter.<\/p>\n<p><strong>Tycker du att f\u00f6rslaget ovan<\/strong> inneb\u00e4r f\u00f6r h\u00f6ga l\u00f6ner f\u00f6r m\u00e4nniskor som dagligen riskerar sin h\u00e4lsa eller sitt liv f\u00f6r att r\u00e4dda andra? J\u00e4mf\u00f6r d\u00e5 g\u00e4rna med en halvsovande riksdagsledamot fr\u00e5n Kn\u00e4ckebr\u00f6dshult (som inte ens \u00e4r p\u00e5 plats m\u00e5ndag morgon n\u00e4r jag tittar p\u00e5 direkts\u00e4ndningen fr\u00e5n Riksdagen) som tj\u00e4nar 65 400 kronor i m\u00e5naden plus ytterligare 13 000 om han \u00e4r ordf\u00f6rande i ett utskott och d\u00e4rtill har alla m\u00f6jliga bidrag f\u00f6r resor och dubbel bos\u00e4ttning.<\/p>\n<p><strong>Att reparera det L\u00f6fven och hans vovve Eliasson st\u00e4llt till med<\/strong> n\u00e4r det g\u00e4ller att skapa en omorganisation som slutat i kaos och f\u00e5r poliser att hoppa str\u00f6mhopp, kommer att ta en ofantlig tid. Att f\u00f6rs\u00f6ka m\u00f6rka att det finns \u00f6ver 50 svenska omr\u00e5den som den organiserade gangsterv\u00e4rlden redan styr, samtidigt som hundratals poliser slutar, \u00e4r s\u00e5 ointelligent att det borde vara straffbart.<\/p>\n<p><strong>De senaste \u00e5rens trick i pk-media<\/strong> \u00e4r att tiga ihj\u00e4l de svenska problemen och ist\u00e4llet ge maximalt utrymme s\u00e5 fort Trump kliar sig bakom \u00f6rat eller rapar. Svenska journalister ska vara f\u00f6rbannat tacksamma f\u00f6r att Trump finns, annars hade de n\u00e4mligen blivit tvungna att gr\u00e4va i betydligt skitigare diken p\u00e5 den egna marken.<\/p>\n<p><strong>Men Trumptricket kommer inte att r\u00e4dda oss.<\/strong> I takt med att den organiserade kriminaliteten bev\u00e4pnar sig h\u00e5rdare och tar \u00f6ver fler omr\u00e5den samtidigt som det godas representanter g\u00e5r hem, blir det snabbt trassel. Men det kr\u00e4vs f\u00f6rmodligen att ett par politiker skjuts innan n\u00e5gon vaknar.<\/p>\n<p><strong>Sj\u00e4lv saknar jag varje polis som ger upp<\/strong> och slutar. Och tackar alla er andra f\u00f6r att ni orkar en dag till, under den mest v\u00e4rdel\u00f6sa h\u00f6gsta ledning vi sett. Hur mycket Eliasson tj\u00e4nar har jag inte ens orkat ringa och fr\u00e5ga.<\/p>\n<p><strong>Jag skulle f\u00f6rmodligen bara bli arg.<\/strong><\/p>\n<p><em>Redan h\u00e4r: PS f\u00f6r att spara kommentarstis \u00e5t dig som hatar poliser, blivit misshandlad av dem eller anser att du f\u00e5tt or\u00e4ttvisa fortk\u00f6rningsb\u00f6ter. Ja, jag \u00e4r medveten om att det finns r\u00f6t\u00e4gg i en firma med 20 000 anst\u00e4llda, som i alla andra firmor. Och ja, naturligtvis ska de rensas ut. OK?<\/em><\/p>\n<p>&nbsp;<\/p>\n<p>&nbsp;<\/p>\n<p>&nbsp;<\/p>\n<div id=\"wp_fb_like_button\" style=\"margin:5px 0;float:none;height:100px;\"><script src=\"http:\/\/connect.facebook.net\/en_US\/all.js#xfbml=1\"><\/script><fb:like href=\"https:\/\/www.ohrlund.se\/blogg\/snutjavlar\/\" send=\"true\" layout=\"standard\" width=\"450\" show_faces=\"true\" font=\"arial\" action=\"like\" colorscheme=\"light\"><\/fb:like><\/div>","protected":false},"excerpt":{"rendered":"<p>&#8230;skriker slynglar,\u00a0sj\u00e4lvutn\u00e4mnda sm\u00e5gangsters (vars tuffaste bedrift \u00e4r att s\u00e4tta eld p\u00e5 en elva \u00e5r gammal Toyota och f\u00f6rst\u00f6ra vardagen f\u00f6r en ensam morsa med tv\u00e5 barn) n\u00e4r en polisbil rullar fram f\u00f6r att eskortera en ambulans som ska h\u00e4mta en &hellip; <a href=\"https:\/\/www.ohrlund.se\/blogg\/snutjavlar\/\">Forts\u00e4tt l\u00e4sa <span class=\"meta-nav\">&rarr;<\/span><\/a><\/p>\n","protected":false},"author":2,"featured_media":0,"comment_status":"closed","ping_status":"open","sticky":false,"template":"","format":"standard","meta":{"_jetpack_newsletter_access":"","_jetpack_dont_email_post_to_subs":false,"_jetpack_newsletter_tier_id":0,"_jetpack_memberships_contains_paywalled_content":false,"_jetpack_feature_clip_id":0,"_jetpack_memberships_contains_paid_content":false,"footnotes":"","jetpack_post_was_ever_published":false},"categories":[1],"tags":[],"class_list":["post-3685","post","type-post","status-publish","format-standard","hentry","category-okategoriserade"],"jetpack_sharing_enabled":true,"jetpack_featured_media_url":"","post_mailing_queue_ids":[],"_links":{"self":[{"href":"https:\/\/www.ohrlund.se\/blogg\/wp-json\/wp\/v2\/posts\/3685","targetHints":{"allow":["GET"]}}],"collection":[{"href":"https:\/\/www.ohrlund.se\/blogg\/wp-json\/wp\/v2\/posts"}],"about":[{"href":"https:\/\/www.ohrlund.se\/blogg\/wp-json\/wp\/v2\/types\/post"}],"author":[{"embeddable":true,"href":"https:\/\/www.ohrlund.se\/blogg\/wp-json\/wp\/v2\/users\/2"}],"replies":[{"embeddable":true,"href":"https:\/\/www.ohrlund.se\/blogg\/wp-json\/wp\/v2\/comments?post=3685"}],"version-history":[{"count":4,"href":"https:\/\/www.ohrlund.se\/blogg\/wp-json\/wp\/v2\/posts\/3685\/revisions"}],"predecessor-version":[{"id":3689,"href":"https:\/\/www.ohrlund.se\/blogg\/wp-json\/wp\/v2\/posts\/3685\/revisions\/3689"}],"wp:attachment":[{"href":"https:\/\/www.ohrlund.se\/blogg\/wp-json\/wp\/v2\/media?parent=3685"}],"wp:term":[{"taxonomy":"category","embeddable":true,"href":"https:\/\/www.ohrlund.se\/blogg\/wp-json\/wp\/v2\/categories?post=3685"},{"taxonomy":"post_tag","embeddable":true,"href":"https:\/\/www.ohrlund.se\/blogg\/wp-json\/wp\/v2\/tags?post=3685"}],"curies":[{"name":"wp","href":"https:\/\/api.w.org\/{rel}","templated":true}]}}