{"id":3822,"date":"2018-09-08T01:30:11","date_gmt":"2018-09-07T23:30:11","guid":{"rendered":"http:\/\/www.ohrlund.se\/blogg\/?p=3822"},"modified":"2018-09-08T15:16:11","modified_gmt":"2018-09-08T13:16:11","slug":"borde-ju-halla-kaften-5-men-sa-trist-att-demokratin-har-blivit-gruppvaldtagen","status":"publish","type":"post","link":"https:\/\/www.ohrlund.se\/blogg\/borde-ju-halla-kaften-5-men-sa-trist-att-demokratin-har-blivit-gruppvaldtagen\/","title":{"rendered":"Borde ju h\u00e5lla k\u00e4ften (5), men: S\u00e5 trist att demokratin har blivit gruppv\u00e5ldtagen &#8230;"},"content":{"rendered":"<p><strong>Jag sitter p\u00e5 en balkong i Fuengirola p\u00e5 den spanska solkusten<\/strong>, dricker dagens f\u00f6rsta <em>caf\u00e9 con leche<\/em> och blir pl\u00f6tsligt illam\u00e5ende. Inte av kaffet, utan vad jag l\u00e4ser om den svenska valr\u00f6relsen 2018.<\/p>\n<p><strong>Till och med jag<\/strong> f\u00f6rstod att den h\u00e4r valr\u00f6relsen skulle bli en av de smutsigaste i mannaminne. Men att den skulle bli <em>s\u00e5<\/em> skitig, korrumperad, l\u00f6gnaktig, brottsfylld och \u00e4cklig som den blev, kunde jag inte i min vildaste fantasi f\u00f6rest\u00e4lla mig.<\/p>\n<p><strong>Den ena h\u00f6gt betalda riksdagsledamoten<\/strong> efter den andra (fr\u00e5n av gammelmedia noggrant utvalda partier) blev <em>pl\u00f6tsligt<\/em> p\u00e5kommen med att ha \u00e4gnat sig \u00e5t direkt bedr\u00e4geri med skattepengar. Semestrar, resor till sl\u00e4ktingar, hotell\u00f6vernattningar (hur kommer det sig att riksdagens ekonomiavdelning inte tidigare har kunnat se det som n\u00e5gra journalister snabbt rotar fram?).<\/p>\n<p><strong>Sk\u00e4ms, f\u00f6r fan!<\/strong><\/p>\n<p><strong>Nejd\u00e5.<\/strong> En hackande f\u00f6rklaring och sedan: \u201dDet ska dras p\u00e5 mitt n\u00e4sta arvode\u201d.<\/p>\n<p><strong>Nej. Det ska det inte. Du ska inte ha fler \u201darvoden\u201d. Du ska f\u00e5 sparken med omedelbar verkan, pengarna ska betalas tillbaka omedelbart, med r\u00e4nta, och d\u00e4refter ska du \u00e5talas f\u00f6r st\u00f6ld, alternativt bedr\u00e4geri, alternativt trol\u00f6shet mot huvudman!<\/strong><\/p>\n<p><strong>Men<\/strong> det kommer naturligtvis inte att ske. Vi \u00e4r ju <em>humanister<\/em>, remember? Det betyder att vissa f\u00e5r stj\u00e4la men att andra inte f\u00e5r.<\/p>\n<p><strong>Demokrati, eller hur?<\/strong><\/p>\n<p><strong>Hundratals kilo valmaterial<\/strong> fr\u00e5n ett specifikt parti \u201df\u00f6rsvinner\u201d magiskt nog i transporten till Dalarna. I Falkenberg \u201dsaknas\u201d ett specifikt partis valsedlar i vallokalen och hittas senare g\u00f6mda och inplastade p\u00e5 ett lager.<\/p>\n<p><strong>Demokrati, eller hur? Valfrihet.<\/strong><\/p>\n<p><strong>\u201dVuxna\u201d partif\u00f6retr\u00e4dare<\/strong> ertappas p\u00e5 film med att kl\u00e4ttra upp i stolpar och riva ner ett annat partis valaffischer. Produktion och distribution av valaffischer kostar \u00f6ver 340 miljoner (!) kronor medan LSS-barn inte f\u00e5r hj\u00e4lp, medan sjuka d\u00f6r i v\u00e5rdk\u00f6er och medan b\u00e5de sjukv\u00e5rds-, polis- och r\u00e4ddningspersonal g\u00e5r p\u00e5 kn\u00e4na. En politiker p\u00e5 valbar plats petas sedan det visat sig att han har kopplingar till terrorism. En annan sedan det visar sig att han \u00e4r d\u00f6md f\u00f6r v\u00e5ldt\u00e4kt av barn.<\/p>\n<p><strong>Hur vore det med lite normal bakgrundskontroll av dem som ska leda landet och tj\u00e4na 65 400 kronor &#8211; plus f\u00f6rm\u00e5ner &#8211; i m\u00e5naden?<\/strong><\/p>\n<p><strong>M\u00e4nniskor ertappas<\/strong> med att g\u00e5 runt och dela ut broschyrer med falska budskap, i ett partis namn. M\u00e4nniskor rusar fram och spottar p\u00e5 politiker som h\u00e5ller tal, eller f\u00f6rs\u00f6ker kasta saker p\u00e5 dem. Moget.<\/p>\n<p><strong>Demokrati, eller hur? Valfrihet. &#8221;Vi gillar olika&#8221;? Nej &#8211; bara s\u00e5 l\u00e4nge de tycker som oss &#8230;<\/strong><\/p>\n<p><strong>En partiledare och hans lille son<\/strong> \u2013 som inte ens har med det h\u00e4r att g\u00f6ra \u2013 hotas till livet (!). En politiker blir beskjuten p\u00e5 en buss. Det hela n\u00e4mns bara i f\u00f6rbig\u00e5ende medan valkarusellen f\u00e5r forts\u00e4tta.<\/p>\n<p><strong>Tysta dem som inte tycker &#8221;r\u00e4tt&#8221; med hot och v\u00e5ld. Demokrati?<\/strong><\/p>\n<p><strong>Nej.\u00a0I en demokrati accepterar vi olika \u00e5sikter s\u00e5 l\u00e4nge de \u00e4r lagliga.\u00a0Vi debatterar med ord. Inte med bomber och kalashnikovs. Och i debatten hotar vi inte med att d\u00f6da barn.<\/strong><\/p>\n<p><strong>Landets st\u00f6rsta milj\u00f6f\u00f6retr\u00e4dare<\/strong> s\u00e4ger till andra m\u00e4nniskor att cykla medan hennes man \u00e5ker runt i en skitig dieselpickup och hon sj\u00e4lv flyger i business class p\u00e5 skattebetalarnas bekostnad.<\/p>\n<p><strong>Demokratiskt och bra.<\/strong><\/p>\n<p><strong>En sk\u00e5despelare<\/strong>, som desperat f\u00f6rs\u00f6ker h\u00e5lla karri\u00e4ren ig\u00e5ng genom att synas i media, ordnar ett \u201dupprop\u201d av k\u00e4ndismiljon\u00e4rer, mot ett specifikt parti. F\u00f6r s\u00e4kerhets skull f\u00f6rs ett antal m\u00e4nniskor upp p\u00e5 listan mot sin vilja. F\u00f6r det \u00e4r ju bra att ha k\u00e4nda namn.<\/p>\n<p><strong>Demokrati \u2013 eller diktatur?<\/strong><\/p>\n<p>En journalist \u2013 som enligt Journalistf\u00f6rbundets \u201dPublicitetsregler\u201d ska vara oberoende \u2013 spelar in en film d\u00e4r hon \u00f6ppet uppmanar m\u00e4nniskor att inte r\u00f6sta p\u00e5 ett visst parti. Tidningen hon arbetar f\u00f6r, publicerar filmen! H\u00e4r bryter man enligt min mening mot reglerna 1, 2, 10 och 13 i publicitetsreglerna samt mot punkt 4 i &#8221;Yrkesregler&#8221;.<\/p>\n<p><a href=\"https:\/\/www.sjf.se\/yrkesfragor\/yrkesetik\/spelregler-press-radio-och-tv\/publicitetsregler\">https:\/\/www.sjf.se\/yrkesfragor\/yrkesetik\/spelregler-press-radio-och-tv\/publicitetsregler<\/a><\/p>\n<p><a href=\"https:\/\/www.sjf.se\/yrkesfragor\/yrkesetik\/spelregler-press-radio-och-tv\/yrkesregler\">https:\/\/www.sjf.se\/yrkesfragor\/yrkesetik\/spelregler-press-radio-och-tv\/yrkesregler<\/a><\/p>\n<p><strong>Demokrati?<\/strong><\/p>\n<p><strong>Listan p\u00e5 brott<\/strong> mot lagen, vallagen, moral och etik kan, som du s\u00e4kert vet, g\u00f6ras hur l\u00e5ng som helst. Till detta kommer all imbecill propaganda p\u00e5 sociala medier.<\/p>\n<p><strong>Varf\u00f6r kallar jag den imbecill?<\/strong> Varf\u00f6r har jag tagit bort Facebookv\u00e4nner som under den senaste tiden dr\u00e4nkt mitt fl\u00f6de med politisk propaganda fr\u00e5n h\u00f6ger till v\u00e4nster?<\/p>\n<p><strong>F\u00f6r att jag, vid sextio \u00e5rs \u00e5lder, faktiskt kan t\u00e4nka sj\u00e4lv. <\/strong>Tro det eller ej.<\/p>\n<p><strong>N\u00e4r jag scrollat klart<\/strong> bland nyheter och sociala medier d\u00e4r p\u00e5 balkongen har min <em>caf\u00e9 con leche<\/em> kallnat och jag vill inte ens ha en till.<\/p>\n<p><strong>Jag m\u00e5r \u00e4n mer illa<\/strong> \u00e4n f\u00f6r en stund sedan.<\/p>\n<p><strong>Jag konstaterar<\/strong> att ingen av de politiker som ger oss fantastiska l\u00f6ften i debatterna talar om <em><strong>hur<\/strong><\/em> det ska g\u00e5 till att g\u00f6ra allt b\u00e4ttre f\u00f6r alla, och vem som ska betala kalaset.<\/p>\n<p><strong>Jag konstaterar ocks\u00e5<\/strong> att ingen av de politiker som ljuger, bedrar, stj\u00e4l, hotar och kastar skit p\u00e5 konkurrenterna, \u00e4r v\u00e4rd min r\u00f6st.<\/p>\n<p><strong>Jag upprepar:<\/strong>\u00a0<strong>I en demokrati accepterar vi olika \u00e5sikter s\u00e5 l\u00e4nge de \u00e4r lagliga.\u00a0Vi debatterar med ord. Inte med bomber och kalashnikovs. Vi stj\u00e4l inte andras material eller f\u00f6rst\u00f6r det. Vi spottar inte p\u00e5 m\u00e4nniskor eller kastar saker p\u00e5 dem. Vi hotar inte m\u00e4nniskor med andra \u00e5sikter \u00e4n v\u00e5ra egna och vi hotar inte med att d\u00f6da barn.<\/strong><\/p>\n<p><strong>D\u00e4rmed konstaterar jag slutligen att <em>demokrati<\/em> \u00e4r 2018 \u00e5rs mest v\u00e5ldtagna ord.<\/strong><\/p>\n<p><strong>M\u00e5 det vila i frid, <\/strong>Sverige.<\/p>\n<p><strong>Vi lever <\/strong>i n\u00e5got annat nu.<\/p>\n<p><strong>N\u00e5got riktigt ot\u00e4ckt. <\/strong><\/p>\n<p>&nbsp;<\/p>\n<p>&nbsp;<\/p>\n<div id=\"wp_fb_like_button\" style=\"margin:5px 0;float:none;height:100px;\"><script src=\"http:\/\/connect.facebook.net\/en_US\/all.js#xfbml=1\"><\/script><fb:like href=\"https:\/\/www.ohrlund.se\/blogg\/borde-ju-halla-kaften-5-men-sa-trist-att-demokratin-har-blivit-gruppvaldtagen\/\" send=\"true\" layout=\"standard\" width=\"450\" show_faces=\"true\" font=\"arial\" action=\"like\" colorscheme=\"light\"><\/fb:like><\/div>","protected":false},"excerpt":{"rendered":"<p>Jag sitter p\u00e5 en balkong i Fuengirola p\u00e5 den spanska solkusten, dricker dagens f\u00f6rsta caf\u00e9 con leche och blir pl\u00f6tsligt illam\u00e5ende. Inte av kaffet, utan vad jag l\u00e4ser om den svenska valr\u00f6relsen 2018. Till och med jag f\u00f6rstod att den &hellip; <a href=\"https:\/\/www.ohrlund.se\/blogg\/borde-ju-halla-kaften-5-men-sa-trist-att-demokratin-har-blivit-gruppvaldtagen\/\">Forts\u00e4tt l\u00e4sa <span class=\"meta-nav\">&rarr;<\/span><\/a><\/p>\n","protected":false},"author":2,"featured_media":0,"comment_status":"closed","ping_status":"open","sticky":false,"template":"","format":"standard","meta":{"_jetpack_memberships_contains_paid_content":false,"footnotes":""},"categories":[1],"tags":[],"class_list":["post-3822","post","type-post","status-publish","format-standard","hentry","category-okategoriserade"],"jetpack_featured_media_url":"","jetpack_sharing_enabled":true,"post_mailing_queue_ids":[],"_links":{"self":[{"href":"https:\/\/www.ohrlund.se\/blogg\/wp-json\/wp\/v2\/posts\/3822","targetHints":{"allow":["GET"]}}],"collection":[{"href":"https:\/\/www.ohrlund.se\/blogg\/wp-json\/wp\/v2\/posts"}],"about":[{"href":"https:\/\/www.ohrlund.se\/blogg\/wp-json\/wp\/v2\/types\/post"}],"author":[{"embeddable":true,"href":"https:\/\/www.ohrlund.se\/blogg\/wp-json\/wp\/v2\/users\/2"}],"replies":[{"embeddable":true,"href":"https:\/\/www.ohrlund.se\/blogg\/wp-json\/wp\/v2\/comments?post=3822"}],"version-history":[{"count":5,"href":"https:\/\/www.ohrlund.se\/blogg\/wp-json\/wp\/v2\/posts\/3822\/revisions"}],"predecessor-version":[{"id":3832,"href":"https:\/\/www.ohrlund.se\/blogg\/wp-json\/wp\/v2\/posts\/3822\/revisions\/3832"}],"wp:attachment":[{"href":"https:\/\/www.ohrlund.se\/blogg\/wp-json\/wp\/v2\/media?parent=3822"}],"wp:term":[{"taxonomy":"category","embeddable":true,"href":"https:\/\/www.ohrlund.se\/blogg\/wp-json\/wp\/v2\/categories?post=3822"},{"taxonomy":"post_tag","embeddable":true,"href":"https:\/\/www.ohrlund.se\/blogg\/wp-json\/wp\/v2\/tags?post=3822"}],"curies":[{"name":"wp","href":"https:\/\/api.w.org\/{rel}","templated":true}]}}