{"id":3826,"date":"2018-09-08T01:43:28","date_gmt":"2018-09-07T23:43:28","guid":{"rendered":"http:\/\/www.ohrlund.se\/blogg\/?p=3826"},"modified":"2018-09-08T01:43:28","modified_gmt":"2018-09-07T23:43:28","slug":"svar-fran-partierna-6-sverigedemokraterna","status":"publish","type":"post","link":"https:\/\/www.ohrlund.se\/blogg\/svar-fran-partierna-6-sverigedemokraterna\/","title":{"rendered":"Svar fr\u00e5n partierna (6): Sverigedemokraterna"},"content":{"rendered":"<p>F\u00f6r en tid sedan mailade jag till samtliga riksdagspartier och st\u00e4llde en rad fr\u00e5gor i olika \u00e4mnen.<\/p>\n<p>I skrivande stund har alla utom V, S och MP svarat.<\/p>\n<p>L\u00e4s mina fr\u00e5gor h\u00e4r nedan och under dem &#8211; Sverigedemokraternas svar.<\/p>\n<ol>\n<li><strong>F\u00f6r n\u00e5gra \u00e5r sedan n\u00e4mnde S\u00c4PO<\/strong>\u00a0att de i Sverige hade n\u00e5gra hundra personer att bevaka, som kunde misst\u00e4nkas ha kopplingar till terrorn\u00e4tverk och\/eller f\u00f6rbereda terrorattacker. I \u00e5r har S\u00c4PO meddelat att detta tal stigit till mellan 2\u00a0000 och 3\u00a0000. Anser ni att dessa terrormisst\u00e4nkta \u2013 om de inte har svenskt medborgarskap \u2013 ska ha r\u00e4tt att stanna i Sverige? Om inte, vilka\u00a0<em>konkreta<\/em>\u00e5tg\u00e4rder vill ni vidta f\u00f6r att utvisa dem?<\/li>\n<li><strong>Det finns svenska pension\u00e4rer som bor p\u00e5 gatan<\/strong>\u00a0och \u00e4r helt beroende av frivilliga hj\u00e4lporganisationer. Efter ett helt livs h\u00e5rt arbete \u00e4r de h\u00e4nvisade till soppk\u00f6k f\u00f6r mat och till att sova halvliggande \u00f6ver bord p\u00e5 natt\u00f6ppna hamburgerrestauranger. Anser ni att detta \u00e4r en v\u00e4rdig behandling av dem som byggt landet? Om inte, vilka\u00a0<em>konkreta<\/em>\u00a0\u00e5tg\u00e4rder vill ni genomf\u00f6ra f\u00f6r att ge dessa m\u00e4nniskor en v\u00e4rdig tillvaro och ett eget hem?<\/li>\n<li><strong>Poliser som \u00e4r underbetalda<\/strong>\u00a0och inte k\u00e4nner tillr\u00e4ckligt st\u00f6d fr\u00e5n sina chefer, s\u00e4ger upp sig. Enligt unders\u00f6kningar saknas det tiotusentals poliser p\u00e5 gatorna f\u00f6r att vi ska h\u00e5lla EU-genomsnittet. Polish\u00f6gskolan, som tidigare hade 7\u00a0000 s\u00f6kande till 300 platser, kan nu inte fylla stolarna utan tvingas s\u00e4nka kraven. Anser ni a) att det \u00e4r acceptabelt med poliser som kommit in p\u00e5 grund av s\u00e4nkta ans\u00f6kningskrav och b) hur vill ni\u00a0<em>konkret<\/em>\u00a0agera f\u00f6r att vi snabbt ska f\u00e5 s\u00e5 m\u00e5nga poliser vi beh\u00f6ver?<\/li>\n<li><strong>V\u00e5ldt\u00e4kter och gruppv\u00e5ldt\u00e4kter \u00e4r p\u00e5 modet<\/strong>. G\u00e4rningsm\u00e4nnen \u2013 i de fall de \u00e5terfinns \u2013 g\u00e5r ofta fria i brist p\u00e5 bevis. Jag \u00e4r den f\u00f6rste att st\u00e5 upp f\u00f6r att ingen oskyldig ska d\u00f6mas, samtidigt f\u00f6rst\u00e5r jag inte att m\u00e4n som f\u00f6rst\u00f6rt kvinnor f\u00f6r livet f\u00e5r g\u00e5 fria. Vad t\u00e4nker ni \u2013 i en maktposition \u2013 konkret g\u00f6ra \u00e5t det h\u00e4r problemet?<\/li>\n<li><strong>En f\u00e4ngelseplats kostar i dag skattebetalarna, enligt kriminalv\u00e5rden, 3\u00a0609 kronor per dygn.<\/strong>\u00a0Alltmer i samh\u00e4llet outsourcas, till och med v\u00e4xeltj\u00e4nsten f\u00f6r den s\u00e5 viktiga och skattebetalda f\u00e4rdtj\u00e4nstverksamheten. Den har outsourcats till l\u00e5gl\u00f6nel\u00e4nder f\u00f6r att taxibolagen ska tj\u00e4na mera. Eftersom det \u00e4r politiskt godk\u00e4nt kan jag inte se hinder f\u00f6r att man outsourcar f\u00e4ngelsef\u00f6rvaring f\u00f6r f\u00e5ngar som efter avtj\u00e4nat straff ska avvisas. Kostnaden f\u00f6r ett 16-\u00e5rsstraff skulle kunna minskas fr\u00e5n drygt 21 miljoner till drygt tv\u00e5 miljoner. De sparade nitton miljonerna skulle kunna investeras i skola, v\u00e5rd och omsorg. Hur st\u00e4ller ni er till outsourcing av f\u00f6rvaring av d\u00f6mda grovt kriminella?<\/li>\n<li><strong>Fr\u00e5n politikerh\u00e5ll pratas det ofta om att man inte ska st\u00e4lla grupper mot varandra,<\/strong>\u00a0vilket \u00e4r exakt vad ledande politiker g\u00f6r varje dag genom att omf\u00f6rdela resurser. Jag \u00e5terkommer h\u00e4r till slitsamma pension\u00e4rer p\u00e5 \u00e5lderdomshem d\u00e4r vi l\u00e4ser chockrapporter om att de inte f\u00e5r kaffe, sylt till pannkakorna eller adekvat v\u00e5rd\/omsorg av tidsbrist. Hur vill ert parti i maktst\u00e4llning omf\u00f6rdela resurserna och prioritera dem? Ska svenska pension\u00e4rer f\u00e5 sv\u00e4lta?<\/li>\n<li><strong>Den svenska skolans PISA-resultat chockerade en hel nation.<\/strong>\u00a0Vad vill ni i maktst\u00e4llning g\u00f6ra f\u00f6r att f\u00f6rb\u00e4ttra kvaliteten p\u00e5 undervisningen och d\u00e4rmed resultaten?<\/li>\n<li><strong>Bostadsbristen \u00e4r bedr\u00f6vlig.<\/strong>\u00a0Trots l\u00f6ften under 30 \u00e5r byggs det inga enklare ungdomsbost\u00e4der med rimlig hyra. En ton\u00e5ring f\u00e5r bereda sig att bo hemma i decennier om inte mamma och pappa kan hosta upp miljoner till en bostadsr\u00e4tt. Vad g\u00f6r ert parti, i maktposition, konkret \u00e5t detta?<\/li>\n<li><strong>Skottlossningar och mord tillh\u00f6r numera vardagen<\/strong>\u00a0i det tidigare relativt lugna Sverige. Att den allt duktigare sjukv\u00e5rden r\u00e4ddar fler av de skjutna till livet betyder n\u00e5got i statistiken men i verkligheten inte att samh\u00e4llet blivit b\u00e4ttre. Vad t\u00e4nker ni i en maktposition konkret g\u00f6ra f\u00f6r att minska den grova kriminaliteten.<\/li>\n<li><strong>En stor del av brottsbalken h\u00e4rstammar fr\u00e5n 1962.<\/strong>\u00a0Tingsr\u00e4tterna har en tendens att oftast d\u00f6ma i den l\u00e4gsta delen av straffskalan, \u00e4ven vid mycket grov brottslighet. T\u00e4nker ni l\u00e5ta detta fortg\u00e5?<\/li>\n<li><strong>Poliser uts\u00e4tts f\u00f6r dagliga hot.<\/strong>\u00a0I ett av Stockholms polisdistrikt lever tre utredare och deras familjer under skyddad identitet! Brandm\u00e4n uts\u00e4tts f\u00f6r stenkastning under utryckning. Ambulanspersonal har upplevt att m\u00e4nniskor har urinerat (!) p\u00e5 dem n\u00e4r de burit ut en man med hj\u00e4rtinfarkt. Pengar, mobiltelefoner och andra personliga \u00e4godelar har stulits ur ambulanser medan personalen f\u00f6rs\u00f6kt r\u00e4dda liv. Skulle ni acceptera att n\u00e5gon stal er egendom fr\u00e5n ert partis lokaler eller fr\u00e5n riksdagshuset? Vad t\u00e4nker ni g\u00f6ra f\u00f6r att r\u00e4ddningspersonal ska vara respekterad och skyddad i sitt viktiga arbete?<\/li>\n<li><strong>Sverige har indirekt sanktionerat barn\u00e4ktenskap<\/strong>\u00a0genom att sl\u00e4ppa in m\u00e4n som \u00e4r gifta med barn. Detta inneb\u00e4r per automatik ocks\u00e5 sexuella \u00f6vergrepp mot barn, v\u00e5ldt\u00e4kt av barn. Hur f\u00f6rsvarar ni detta och vad t\u00e4nker ni konkret g\u00f6ra f\u00f6r att stoppa dessa \u00f6vergrepp.<\/li>\n<li><strong>Det har flera g\u00e5nger avsl\u00f6jats att barn k\u00f6nsstympas i Sverige.<\/strong>\u00a0Hur t\u00e4nker ni aktivt motarbeta detta?<\/li>\n<li><strong>Det \u00e4r ingen hemlighet att kvinnor som flytt<\/strong>\u00a0fr\u00e5n andra kulturer ist\u00e4llet hamnar i f\u00f6rtryck i Sverige. Kvinnor blir f\u00e5ngna i sina hem, f\u00e5r inte best\u00e4mma \u00f6ver egen kl\u00e4dsel eller eget liv, f\u00e5r inte g\u00e5r ut ensamma, hejdas fr\u00e5n att p\u00e5 egen hand skapa ett nytt och integrerat liv i det nya hemlandet Sverige. Vad vill ni konkret g\u00f6ra f\u00f6r att f\u00f6rhindra kvinnof\u00f6rtrycket i Sverige.<\/li>\n<li><strong>Varje dag tar fyra m\u00e4nniskor livet av sig i Sverige.<\/strong>\u00a0Sj\u00e4lvmorden bland unga \u00f6kar. Enligt Sveriges enda professor i sj\u00e4lvmord, Danuta Wasserman, kostar varje s\u00e5dan tragedi samh\u00e4llet totalt 17 miljoner kronor, vid sidan av allt lidande. Den rent samh\u00e4llsekonomiska f\u00f6rlusten \u00e4r allts\u00e5 68 miljoner kronor \u2013 per dag. Vad vill ni g\u00f6ra f\u00f6r att Sverige inte ska vara ett av de mest uppm\u00e4rksammade sj\u00e4lvmordslanden i v\u00e4rlden?<\/li>\n<li><strong>Enligt uppgift har kostnaden f\u00f6r valaffischer och liknande i \u00e5rets kampanj varit en bit \u00f6ver 300 miljoner skattekronor<\/strong>\u00a0som hade kunnat g\u00e5 till b\u00e4ttre \u00e5tg\u00e4rder i samh\u00e4llet. Hur rimmar det med er syn p\u00e5 samh\u00e4llsekonomi? Anser ni det milj\u00f6m\u00e4ssigt f\u00f6rsvarbart att l\u00e4gga hundratals miljoner kronor p\u00e5 material som delvis kommer att vandaliseras och d\u00e4r det inte finns n\u00e5gra garantier f\u00f6r \u00e5tervinning?<\/li>\n<\/ol>\n<p><strong>Sverigedemokraternas svar:<\/strong><\/p>\n<p>Hej !<\/p>\n<p>Tack f\u00f6r ditt mail, dina funderingar id\u00e9er synpunkter och ditt engagemang !<\/p>\n<p>Det \u00e4r just nu ett enormt stort intresse f\u00f6r Sverigedemokraterna i samband med val\u00e5ret och vi har v\u00e4ldigt m\u00e5nga som skickar mail till oss dessa veckor. Vi vill g\u00e4rna hinna besvara alla tusentals mailskribenter innan valet \u2013 om det \u00e4r m\u00f6jligt. F\u00f6r att hinna med s\u00e5 mycket som det g\u00e5r b\u00f6rjar vi d\u00e4rf\u00f6r med en allm\u00e4n h\u00e4nvisning till v\u00e5r politik och de \u00e5sikter\/st\u00e5ndpunkter som redan \u00e4r presenterade sedan innan.<\/p>\n<p>Kort om v\u00e5ra fokusomr\u00e5den i valet:<\/p>\n<p>Vi vill ha en seri\u00f6s migrationspolitik, Sverige beh\u00f6ver en trygg och skyddad gr\u00e4ns f\u00f6r att h\u00e5lla organiserad brottslighet, m\u00e4nniskohandel och terrorism borta. Vi v\u00e4lkomnar den som bidrar till v\u00e5rt samh\u00e4lle, som f\u00f6ljer v\u00e5ra lagar och respekterar v\u00e5ra seder. Den som d\u00e4remot kommer hit och utnyttjar v\u00e5ra system, beg\u00e5r brott eller uts\u00e4tter v\u00e5ra medborgare f\u00f6r fara \u00e4r inte v\u00e4lkommen. Vi tycker att Sverige ska hj\u00e4lpa m\u00e4nniskor i n\u00f6d, och det ska g\u00f6ras d\u00e4r n\u00f6den \u00e4r som st\u00f6rst. Vi vill stoppa asylmottagandet i Sverige och i st\u00e4llet satsa p\u00e5 riktig flyktinghj\u00e4lp. Vi vill m\u00f6jligg\u00f6ra f\u00f6r fler att \u00e5terv\u00e4nda till sina heml\u00e4nder.<\/p>\n<p>Sjukv\u00e5rden ska vara tillg\u00e4nglig i hela v\u00e5rt land, oavsett pl\u00e5nbokens storlek. Vi vill ge v\u00e5rdpersonal en f\u00f6rb\u00e4ttrad arbetsmilj\u00f6, goda utvecklingsm\u00f6jligheter och en bra l\u00f6neniv\u00e5. Vi vill ha en skola som prioriterar kunskap och ordning, d\u00e4r b\u00e5de l\u00e4rare och elever trivs och kan prestera. I v\u00e5rt Sverige f\u00e5r \u00e4ldre en pension som det p\u00e5 riktigt g\u00e5r att leva p\u00e5.<\/p>\n<p>Vi tycker att r\u00e4ttigheter ska kopplas samman med skyldigheter, att man f\u00f6rst g\u00f6r sin plikt och sedan kr\u00e4ver sin r\u00e4tt. Vi vill ha ett Sverige d\u00e4r vi tillsammans gl\u00e4ds \u00e5t framg\u00e5ngar och hj\u00e4lps \u00e5t vid motg\u00e5ngar. Vi kommer aldrig ge utrymme \u00e5t islamism eller annan extremism, h\u00e4r ska demokrati och j\u00e4mst\u00e4lldhet r\u00e5da. I v\u00e5rt Sverige \u00e4r vi stolta \u00f6ver v\u00e5r kultur och v\u00e5ra traditioner. Vi v\u00e4rdes\u00e4tter och vill v\u00e5rda det vi \u00e4rvt fr\u00e5n tidigare generationer.<\/p>\n<p>Vi tycker att grova brott ska ge h\u00e5rda straff och att utl\u00e4ndska medborgare som beg\u00e5r brott i Sverige ska utvisas. Vi tycker ocks\u00e5 att samh\u00e4llsresurser i f\u00f6rsta hand ska l\u00e4ggas p\u00e5 brottsoffren och inte p\u00e5 brottslingarna. I v\u00e5rt Sverige sitter grovt kriminella inl\u00e5sta, ist\u00e4llet f\u00f6r att sk\u00f6tsamma medborgare ska beh\u00f6va l\u00e5sa in sig f\u00f6r att k\u00e4nna trygghet. Vi vill satsa p\u00e5 de m\u00e4n och kvinnor som arbetar som poliser och ge dem det st\u00f6d, den uppskattning och den l\u00f6n de f\u00f6rtj\u00e4nar.<\/p>\n<p>F\u00f6lj oss p\u00e5 sociala medier och se v\u00e5ra videos som l\u00f6pande kommunicerar v\u00e5ra st\u00e5ndpunkter:<\/p>\n<p><a href=\"https:\/\/www.facebook.com\/sverigedemokraterna\/\" target=\"_blank\" rel=\"noopener\" data-saferedirecturl=\"https:\/\/www.google.com\/url?q=https:\/\/www.facebook.com\/sverigedemokraterna\/&amp;source=gmail&amp;ust=1536446325073000&amp;usg=AFQjCNGDsjsGqxT4wAVGbNMpkUuAylNdpw\">https:\/\/www.facebook.com\/<wbr \/>sverigedemokraterna\/<\/a><\/p>\n<p><a href=\"https:\/\/twitter.com\/sdriks\" target=\"_blank\" rel=\"noopener\" data-saferedirecturl=\"https:\/\/www.google.com\/url?q=https:\/\/twitter.com\/sdriks&amp;source=gmail&amp;ust=1536446325073000&amp;usg=AFQjCNFWqsmRyA-iLQuysRVgGiss2E-RLA\">https:\/\/twitter.com\/sdriks<\/a><\/p>\n<p><a href=\"https:\/\/www.youtube.com\/user\/sdwebbtv\" target=\"_blank\" rel=\"noopener\" data-saferedirecturl=\"https:\/\/www.google.com\/url?q=https:\/\/www.youtube.com\/user\/sdwebbtv&amp;source=gmail&amp;ust=1536446325073000&amp;usg=AFQjCNFoWKWoniv0Dlvrf6IC-pEUCp9ZXA\">https:\/\/www.youtube.com\/user\/<wbr \/>sdwebbtv<\/a><\/p>\n<p>L\u00e4sa om vad vi vill konkret i varje p\u00e5 varje sakomr\u00e5de p\u00e5 v\u00e5r hemsida, i v\u00e5r A-\u00d6 sammanfattning, i v\u00e5r valplattform och i valmanifestet:<\/p>\n<p><a href=\"https:\/\/sd.se\/vad-vi-vill\/\" target=\"_blank\" rel=\"noopener\" data-saferedirecturl=\"https:\/\/www.google.com\/url?q=https:\/\/sd.se\/vad-vi-vill\/&amp;source=gmail&amp;ust=1536446325073000&amp;usg=AFQjCNEkbM4bT00HBHSI--1UjrwhvEkAhA\">https:\/\/sd.se\/vad-vi-vill\/<\/a><\/p>\n<p><a href=\"https:\/\/sd.se\/a-o\/\" target=\"_blank\" rel=\"noopener\" data-saferedirecturl=\"https:\/\/www.google.com\/url?q=https:\/\/sd.se\/a-o\/&amp;source=gmail&amp;ust=1536446325073000&amp;usg=AFQjCNGwfhB7T2JXe-2zhrx03vHU6mIj2g\">https:\/\/sd.se\/a-o\/<\/a><\/p>\n<p><a href=\"https:\/\/sd.se\/wp-content\/uploads\/2018\/08\/Valmanifest-2018-1.pdf\" target=\"_blank\" rel=\"noopener\" data-saferedirecturl=\"https:\/\/www.google.com\/url?q=https:\/\/sd.se\/wp-content\/uploads\/2018\/08\/Valmanifest-2018-1.pdf&amp;source=gmail&amp;ust=1536446325073000&amp;usg=AFQjCNGHyffJw24KV8PsKvcbf9fSxt3ndQ\">https:\/\/sd.se\/wp-content\/<wbr \/>uploads\/2018\/08\/Valmanifest-<wbr \/>2018-1.pdf<\/a><\/p>\n<p><a href=\"https:\/\/sd.se\/wp-content\/uploads\/2018\/05\/Valplattform-2018-1.pdf\" target=\"_blank\" rel=\"noopener\" data-saferedirecturl=\"https:\/\/www.google.com\/url?q=https:\/\/sd.se\/wp-content\/uploads\/2018\/05\/Valplattform-2018-1.pdf&amp;source=gmail&amp;ust=1536446325073000&amp;usg=AFQjCNEWH8aFsdnUczhjlCwwJrEISbHz_Q\">https:\/\/sd.se\/wp-content\/<wbr \/>uploads\/2018\/05\/Valplattform-<wbr \/>2018-1.pdf<\/a><\/p>\n<p>F\u00f6rdjupa dig \u00e4ven i v\u00e5ra inriktningsprogram:<\/p>\n<p><a href=\"https:\/\/sd.se\/wp-content\/uploads\/2018\/08\/Kommunpolitiskt-inriktningsprogram-2016.pdf\" target=\"_blank\" rel=\"noopener\" data-saferedirecturl=\"https:\/\/www.google.com\/url?q=https:\/\/sd.se\/wp-content\/uploads\/2018\/08\/Kommunpolitiskt-inriktningsprogram-2016.pdf&amp;source=gmail&amp;ust=1536446325073000&amp;usg=AFQjCNGwDWrjIQ2XZgXik_oLXPaYXqU8Dg\">Kommunpolitiskt inriktningsprogram<\/a><\/p>\n<p><a href=\"https:\/\/sd.se\/wp-content\/uploads\/2018\/08\/Landstingspolitiskt-inriktningsprogram-2016.pdf\" target=\"_blank\" rel=\"noopener\" data-saferedirecturl=\"https:\/\/www.google.com\/url?q=https:\/\/sd.se\/wp-content\/uploads\/2018\/08\/Landstingspolitiskt-inriktningsprogram-2016.pdf&amp;source=gmail&amp;ust=1536446325073000&amp;usg=AFQjCNGZjVYmf7asI2aFa0hBH0jqS2uYrQ\">Landstingspolitiskt inriktningsprogram<\/a><\/p>\n<p><a href=\"https:\/\/sd.se\/wp-content\/uploads\/2018\/08\/Migrationspolitiskt-inriktningsprogram.pdf\" target=\"_blank\" rel=\"noopener\" data-saferedirecturl=\"https:\/\/www.google.com\/url?q=https:\/\/sd.se\/wp-content\/uploads\/2018\/08\/Migrationspolitiskt-inriktningsprogram.pdf&amp;source=gmail&amp;ust=1536446325073000&amp;usg=AFQjCNHl1w96yOpp_LPTX1LUOWik6RgeQQ\">Migrationspolitiskt inriktningsprogram<\/a><\/p>\n<p><a href=\"https:\/\/sd.se\/wp-content\/uploads\/2018\/05\/Kriminalpolitiskt-inriktningsprogram.pdf\" target=\"_blank\" rel=\"noopener\" data-saferedirecturl=\"https:\/\/www.google.com\/url?q=https:\/\/sd.se\/wp-content\/uploads\/2018\/05\/Kriminalpolitiskt-inriktningsprogram.pdf&amp;source=gmail&amp;ust=1536446325073000&amp;usg=AFQjCNEXllB3adGcd_uYbWUt0AF4DA4iYg\">Kriminalpolitiskt inriktningsprogram<\/a><\/p>\n<p><a href=\"https:\/\/sd.se\/wp-content\/uploads\/2018\/08\/Sjukv%C3%A5rdspolitiskt-inriktningsprogram.pdf\" target=\"_blank\" rel=\"noopener\" data-saferedirecturl=\"https:\/\/www.google.com\/url?q=https:\/\/sd.se\/wp-content\/uploads\/2018\/08\/Sjukv%25C3%25A5rdspolitiskt-inriktningsprogram.pdf&amp;source=gmail&amp;ust=1536446325073000&amp;usg=AFQjCNHL2lMZjgapLSLPgnIo7ZQlyRFvLw\">Sjukv\u00e5rdspolitiskt inriktningsprogram<\/a><\/p>\n<p><a href=\"https:\/\/sd.se\/wp-content\/uploads\/2018\/08\/Sammanh%C3%A5llningspolitiskt-inriktningsprogram.pdf\" target=\"_blank\" rel=\"noopener\" data-saferedirecturl=\"https:\/\/www.google.com\/url?q=https:\/\/sd.se\/wp-content\/uploads\/2018\/08\/Sammanh%25C3%25A5llningspolitiskt-inriktningsprogram.pdf&amp;source=gmail&amp;ust=1536446325073000&amp;usg=AFQjCNHX_XG_r2kn0FM0yQ0ZoTxiwNkGVw\">Sammanh\u00e5llningspolitiskt inriktningsprogram<\/a><\/p>\n<p><a href=\"https:\/\/sd.se\/wp-content\/uploads\/2018\/08\/Skolpolitiska-inriktningsmanifestet.pdf\" target=\"_blank\" rel=\"noopener\" data-saferedirecturl=\"https:\/\/www.google.com\/url?q=https:\/\/sd.se\/wp-content\/uploads\/2018\/08\/Skolpolitiska-inriktningsmanifestet.pdf&amp;source=gmail&amp;ust=1536446325073000&amp;usg=AFQjCNFW7wX1H9IbYFIL1r3xmeW8BDgA3Q\">Skolpolitisk inriktningsmanifest<\/a><\/p>\n<p><a href=\"https:\/\/sd.se\/wp-content\/uploads\/2018\/08\/%C3%84ldreprogrammet.pdf\" target=\"_blank\" rel=\"noopener\" data-saferedirecturl=\"https:\/\/www.google.com\/url?q=https:\/\/sd.se\/wp-content\/uploads\/2018\/08\/%25C3%2584ldreprogrammet.pdf&amp;source=gmail&amp;ust=1536446325073000&amp;usg=AFQjCNG3PIPthDG7Oj4tjeb5vGdaiDDiRw\">Budgetutdrag: \u00c4ldrepolitik<\/a><\/p>\n<p>F\u00f6rdjupa dig i SDs ideologiska inriktning i v\u00e5rt principprogram:<\/p>\n<p><a href=\"https:\/\/sd.se\/wp-content\/uploads\/2013\/08\/principprogrammet2014_webb.pdf\" target=\"_blank\" rel=\"noopener\" data-saferedirecturl=\"https:\/\/www.google.com\/url?q=https:\/\/sd.se\/wp-content\/uploads\/2013\/08\/principprogrammet2014_webb.pdf&amp;source=gmail&amp;ust=1536446325073000&amp;usg=AFQjCNFDrScR4wfDkIiIyruXpMSlYjc4Og\">https:\/\/sd.se\/wp-content\/<wbr \/>uploads\/2013\/08\/<wbr \/>principprogrammet2014_webb.pdf<\/a><\/p>\n<p>F\u00f6rdjupa dig i v\u00e5r ekonomiska politik genom SDs senaste h\u00f6stbudget (2018) :<\/p>\n<p><a href=\"https:\/\/sd.se\/wp-content\/uploads\/2017\/10\/H%C3%B6stbudget-2018.pdf\" target=\"_blank\" rel=\"noopener\" data-saferedirecturl=\"https:\/\/www.google.com\/url?q=https:\/\/sd.se\/wp-content\/uploads\/2017\/10\/H%25C3%25B6stbudget-2018.pdf&amp;source=gmail&amp;ust=1536446325073000&amp;usg=AFQjCNHbM7CzLVVWo9LpvbvjgV75kQwDJA\">https:\/\/sd.se\/wp-content\/<wbr \/>uploads\/2017\/10\/H%C3%<wbr \/>B6stbudget-2018.pdf<\/a><\/p>\n<p>I alla dessa k\u00e4llor finns allt om vad SD tycker och vill. Det som inte st\u00e5r angivet eller inte s\u00e4gs \u00e4r allts\u00e5 s\u00e5dant som Sverigedemokraterna inte st\u00e5r bakom. Vi hoppas att dessa informationsk\u00e4llor ska ge dig en bred och tillr\u00e4ckligt bra bild av SD som parti och v\u00e5r politik i sin helhet. Samt att du k\u00e4nner att Sverigedemokraterna har ett svar p\u00e5 hur samh\u00e4llet ska kunna utvecklas till n\u00e5got b\u00e4ttre. Om du inte hittar ett svar p\u00e5 din fr\u00e5ga \u00e4r det antingen en st\u00e5ndpunkt som SD inte har, eller s\u00e5 kan fr\u00e5gan vara s\u00e4rskilt avgr\u00e4nsad eller specifik. D\u00e5 f\u00e5r du \u00e5terkomma s\u00e5 ska vi titta n\u00e4rmare p\u00e5 om vi har en uppfattning i just den fr\u00e5gan.<\/p>\n<p>V\u00e4nliga h\u00e4lsningar<\/p>\n<p>John<\/p>\n<p>Sverigedemokraterna<\/p>\n<p>&nbsp;<\/p>\n<div id=\"wp_fb_like_button\" style=\"margin:5px 0;float:none;height:100px;\"><script src=\"http:\/\/connect.facebook.net\/en_US\/all.js#xfbml=1\"><\/script><fb:like href=\"https:\/\/www.ohrlund.se\/blogg\/svar-fran-partierna-6-sverigedemokraterna\/\" send=\"true\" layout=\"standard\" width=\"450\" show_faces=\"true\" font=\"arial\" action=\"like\" colorscheme=\"light\"><\/fb:like><\/div>","protected":false},"excerpt":{"rendered":"<p>F\u00f6r en tid sedan mailade jag till samtliga riksdagspartier och st\u00e4llde en rad fr\u00e5gor i olika \u00e4mnen. I skrivande stund har alla utom V, S och MP svarat. L\u00e4s mina fr\u00e5gor h\u00e4r nedan och under dem &#8211; Sverigedemokraternas svar. F\u00f6r &hellip; <a href=\"https:\/\/www.ohrlund.se\/blogg\/svar-fran-partierna-6-sverigedemokraterna\/\">Forts\u00e4tt l\u00e4sa <span class=\"meta-nav\">&rarr;<\/span><\/a><\/p>\n","protected":false},"author":2,"featured_media":0,"comment_status":"closed","ping_status":"open","sticky":false,"template":"","format":"standard","meta":{"_jetpack_memberships_contains_paid_content":false,"footnotes":""},"categories":[1],"tags":[],"class_list":["post-3826","post","type-post","status-publish","format-standard","hentry","category-okategoriserade"],"jetpack_featured_media_url":"","jetpack_sharing_enabled":true,"post_mailing_queue_ids":[],"_links":{"self":[{"href":"https:\/\/www.ohrlund.se\/blogg\/wp-json\/wp\/v2\/posts\/3826","targetHints":{"allow":["GET"]}}],"collection":[{"href":"https:\/\/www.ohrlund.se\/blogg\/wp-json\/wp\/v2\/posts"}],"about":[{"href":"https:\/\/www.ohrlund.se\/blogg\/wp-json\/wp\/v2\/types\/post"}],"author":[{"embeddable":true,"href":"https:\/\/www.ohrlund.se\/blogg\/wp-json\/wp\/v2\/users\/2"}],"replies":[{"embeddable":true,"href":"https:\/\/www.ohrlund.se\/blogg\/wp-json\/wp\/v2\/comments?post=3826"}],"version-history":[{"count":1,"href":"https:\/\/www.ohrlund.se\/blogg\/wp-json\/wp\/v2\/posts\/3826\/revisions"}],"predecessor-version":[{"id":3827,"href":"https:\/\/www.ohrlund.se\/blogg\/wp-json\/wp\/v2\/posts\/3826\/revisions\/3827"}],"wp:attachment":[{"href":"https:\/\/www.ohrlund.se\/blogg\/wp-json\/wp\/v2\/media?parent=3826"}],"wp:term":[{"taxonomy":"category","embeddable":true,"href":"https:\/\/www.ohrlund.se\/blogg\/wp-json\/wp\/v2\/categories?post=3826"},{"taxonomy":"post_tag","embeddable":true,"href":"https:\/\/www.ohrlund.se\/blogg\/wp-json\/wp\/v2\/tags?post=3826"}],"curies":[{"name":"wp","href":"https:\/\/api.w.org\/{rel}","templated":true}]}}