{"id":3834,"date":"2018-09-17T01:51:08","date_gmt":"2018-09-16T23:51:08","guid":{"rendered":"http:\/\/www.ohrlund.se\/blogg\/?p=3834"},"modified":"2018-09-17T07:57:31","modified_gmt":"2018-09-17T05:57:31","slug":"borde-ju-halla-kaften-6-men-jag-skams","status":"publish","type":"post","link":"https:\/\/www.ohrlund.se\/blogg\/borde-ju-halla-kaften-6-men-jag-skams\/","title":{"rendered":"Borde ju h\u00e5lla k\u00e4ften (6) men: Jag sk\u00e4ms!"},"content":{"rendered":"<p><strong>Jag sk\u00e4ms.<\/strong><\/p>\n<p><strong>Jag<\/strong> &#8211; som \u00e4r emot all form av kollektivt skuldbel\u00e4ggande och \u00e4r iskall mot dem som beskyller mig och alla andra feta, vita, medel\u00e5lders m\u00e4n f\u00f6r allt fr\u00e5n krig till svenska skogsbr\u00e4nder &#8211; sk\u00e4ms.<\/p>\n<p><strong>N\u00e4r jag l\u00e4ser<\/strong> den debattartikel elva\u00e5riga Ebba \u00c5kerlunds pappa Stefan skrivit i Expressen<\/p>\n<p><strong>https:\/\/www.expressen.se\/debatt\/de-bar-ansvaret-for-att-min-dotter-ebba-ar-dod\/<\/strong><\/p>\n<p>s\u00e5 sk\u00e4ms jag p\u00e5 Sveriges bekostnad.<\/p>\n<p><strong>Stefan,<\/strong> nu bortgl\u00f6md i det regn av bilbr\u00e4nder, bomber, skjutningar och framf\u00f6rallt fegt trams av svenska politiker som drabbar oss dagligen, har n\u00e4mligen r\u00e4tt:<\/p>\n<p><a href=\"https:\/\/www.ohrlund.se\/blogg\/wp-content\/uploads\/2018\/09\/Akilov.jpg\"><img loading=\"lazy\" decoding=\"async\" class=\"alignnone size-medium wp-image-3836\" src=\"https:\/\/www.ohrlund.se\/blogg\/wp-content\/uploads\/2018\/09\/Akilov-300x169.jpg\" alt=\"\" width=\"300\" height=\"169\" srcset=\"https:\/\/www.ohrlund.se\/blogg\/wp-content\/uploads\/2018\/09\/Akilov-300x169.jpg 300w, https:\/\/www.ohrlund.se\/blogg\/wp-content\/uploads\/2018\/09\/Akilov-768x432.jpg 768w, https:\/\/www.ohrlund.se\/blogg\/wp-content\/uploads\/2018\/09\/Akilov-500x281.jpg 500w, https:\/\/www.ohrlund.se\/blogg\/wp-content\/uploads\/2018\/09\/Akilov.jpg 800w\" sizes=\"auto, (max-width: 300px) 100vw, 300px\" \/><\/a><\/p>\n<p><strong>Det \u00e4r statens f\u00f6rbannade skyldighet att skydda oss fr\u00e5n brottslingar och inte minst terrorism!<\/strong>\u00a0Rakhmat Akilov skulle f\u00f6r det f\u00f6rsta aldrig ha f\u00e5tt s\u00e4tta sin fot i Sverige, \u00e4n mindre snickra p\u00e5 sommarhus \u00e5t \u00d6zz N\u00fbjens familj.<\/p>\n<p><a href=\"https:\/\/www.ohrlund.se\/blogg\/wp-content\/uploads\/2018\/09\/\u00d6zz_N\u00fbjen_2014-11-12_002.jpg\"><img loading=\"lazy\" decoding=\"async\" class=\"alignnone size-full wp-image-3837\" src=\"https:\/\/www.ohrlund.se\/blogg\/wp-content\/uploads\/2018\/09\/\u00d6zz_N\u00fbjen_2014-11-12_002.jpg\" alt=\"\" width=\"200\" height=\"273\" \/><\/a><\/p>\n<p>Akilov var<em><strong> utvisad<\/strong><\/em>, han skulle ha jagats ner och sl\u00e4ngts ut med huvudet f\u00f6re. Ist\u00e4llet sitter han nu i ett trevligt rum p\u00e5 Hallf\u00e4ngelset (till en kostnad av 3 609 kronor per dygn f\u00f6r oss skattebetalare) och beklagar sig \u00f6ver det mesta, medan medf\u00e5ngarna funderar \u00f6ver hur de kan komma \u00e5t honom och kl\u00e5 skiten ur honom.<\/p>\n<p><strong>Allt detta<\/strong> p\u00e5 grund av att Migrationsverket och polisen inte gjorde sitt jobb.\u00a0 Allt detta f\u00f6r att S\u00c4PO &#8211; som meddelat att antalet potentiella terrorister i landet \u00f6kat fr\u00e5n n\u00e5gra hundra till n\u00e5gra tusen &#8211; inte har en chans att punktmarkera varenda liten bombsugen idiot som g\u00f6mmer sig p\u00e5 dolda adresser.<\/p>\n<p><strong>Allt detta<\/strong> f\u00f6r att landets ledande politiker inte tagit situationen p\u00e5 allvar utan \u00e4r skitn\u00f6diga f\u00f6r att bli betraktade som rasister.<\/p>\n<p><strong>De politiker<\/strong> som svenska folket nu har gett sitt f\u00f6rtroende igen. Lycka j\u00e4vla till.<\/p>\n<p><strong>Se Ebbas pappa i \u00f6gonen och f\u00f6rklara varf\u00f6r.<\/strong><\/p>\n<p><strong>Ebba \u00e4r borta. Stefans liv blir aldrig vad det har varit igen.<\/strong> Det blir det inte heller f\u00f6r de anh\u00f6riga till alla de andra offren p\u00e5 Drottninggatan. Inte heller f\u00f6r kvinnan som fick sitt ben amputerat p\u00e5 grund av skadorna, och d\u00e4refter kastades ut ur landet medan n\u00e5gra tusen terrorister till\u00e5ts stanna kvar.<\/p>\n<p><strong>I n\u00e5gra dagar efter dramat p\u00e5 Drottninggatan<\/strong> visade folket sin sympati. Handskrivna lappar, t\u00e5rar, nallebj\u00f6rnar, polisbilar som dr\u00e4nktes i blommor.<\/p>\n<p><strong>Sedan &#8211; gl\u00f6mska.<\/strong> Ty livet g\u00e5r ju vidare, eller hur?<\/p>\n<p><strong>Men inte f\u00f6r Stefan. Inte utan Ebba.<\/strong><\/p>\n<p><strong>Var och en som har barn<\/strong> kan t\u00e4nka sig in i den vidrigaste av situationer &#8211; att f\u00f6rlora det livsglada v\u00e4sen man varit med och skapat, skrattat och gr\u00e5tit med, sett v\u00e4xa upp.<\/p>\n<p><strong>K\u00e4nt doften av en ren pyjamas<\/strong> strax f\u00f6re l\u00e4ggdags. V\u00e4rmen fr\u00e5n den kram bara ett villkorsl\u00f6st \u00e4lskande barn kan ge.<\/p>\n<p><strong>En kram Stefan aldrig mer f\u00e5r k\u00e4nna.<\/strong><\/p>\n<p><strong>Jag sk\u00e4ms.<\/strong><\/p>\n<p><strong>Jag sk\u00e4ms f\u00f6r att leva i ett land d\u00e4r politiker aldrig l\u00e4r sig.<\/strong><\/p>\n<p><strong>Sveriges statsminister Olof Palme<\/strong> sk\u00f6ts till d\u00f6ds p\u00e5 \u00f6ppen gata klockan\u00a0\u00a023:21 fredagen den 28 februari 1986. V\u00e5r eminenta utrikesminister Anna Lindh knivh\u00f6ggs till d\u00f6ds n\u00e4r hon handlade p\u00e5 NK klockan 16.13\u00a0den 10 september 2003.<\/p>\n<p><strong>V\u00e4rlden ruskade p\u00e5 huvudet<\/strong> och fr\u00e5gade sig hur vi hade kunnat l\u00e5ta det h\u00e4nda.<\/p>\n<p><strong>Vid 17-tiden den 11 december 2010<\/strong> exploderade den andra av tv\u00e5 bomber, p\u00e5 Bryggargatan n\u00e4ra Drottninggatan i Stockholm. Av de sex r\u00f6rbomber terroristen hade kring magen exploderade bara en och samlingen spikar i hans ryggs\u00e4ck tr\u00e4ffade turligt nog ingen. En amat\u00f6rterrorist hade misslyckats med sitt uppdrag. Det sista han hann med var att skrika n\u00e5got p\u00e5 arabiska, d\u00e4refter dog han.<\/p>\n<p><strong>Sveriges f\u00f6rsta riktiga terrorattentat. Och politikerna l\u00e4rde sig ingenting.<\/strong><\/p>\n<p><strong>Jag \u00e4r r\u00e4dd f\u00f6r<\/strong> att de fortfarande inte har l\u00e4rt sig n\u00e5gonting. Stillatigande ser de p\u00e5 medan resultaten av en amat\u00f6rm\u00e4ssig immigrations- och integrationspolitik lamsl\u00e5r omr\u00e5den som numera \u00e4r klankontrollerade parallellsamh\u00e4llen. Omr\u00e5den d\u00e4r kvinnor f\u00f6rtrycks, d\u00e4r unga flickor d\u00f6das och d\u00e4r sm\u00e5 barn k\u00f6nsstympas. Omr\u00e5den d\u00e4r vuxna m\u00e4n lever i \u00e4ktenskap med sm\u00e5flickor som uts\u00e4tts f\u00f6r sexuella \u00f6vergrepp. Omr\u00e5den d\u00e4r ambulans och brandk\u00e5r inte t\u00f6rs k\u00f6ra in utan poliseskort och d\u00e4r \u00e4ven polisen uts\u00e4tts f\u00f6r \u00e5terkommande attacker.<\/p>\n<p><strong>&#8221;Vi \u00e4r en humanit\u00e4r stormakt&#8221;, s\u00e4ger statsministern.<\/strong><\/p>\n<p><strong>Nej, det \u00e4r vi inte.<\/strong><\/p>\n<p><strong>Vi \u00e4r ett skamligt misslyckande<\/strong> som har skruvat tillbaka 100 \u00e5r av h\u00e5rt politiskt k\u00e4mpande f\u00f6r humanism, j\u00e4mlikhet, kvinnofrid och barns\u00e4kerhet, till sten\u00e5ldersmentalitet.<\/p>\n<p><strong>Sk\u00e4ms, politiker, sk\u00e4ms!<\/strong><\/p>\n<p><strong>Men ni har inte tid, eller hur?<\/strong> Ni vill inte, eller hur? Ni t\u00f6rs inte, eller hur? Ni har n\u00e4mligen fullt upp med att tjafsa om vem som inte vill prata med vem i politiken, samtidigt som ni alla tittar allvarligt in i tv-kamerorna och f\u00f6rs\u00e4krar att ni <em>tar ansvar<\/em>.<\/p>\n<p><strong>S\u00e4g det till Ebbas pappa.<\/strong> S\u00e4g det till alla i de utsatta f\u00f6rorterna &#8211; ursvenskar som nysvenskar &#8211;\u00a0 som \u00e4r r\u00e4dda, som inte t\u00f6rs g\u00e5 ut. S\u00e4g det till alla som inte hade r\u00e5d att f\u00f6rs\u00e4kra sin gamla bil mot brand och inte fick ut en krona p\u00e5 f\u00f6rs\u00e4kringen n\u00e4r n\u00e5gra l\u00e5gpannor t\u00e4nde eld p\u00e5 en hel garagel\u00e4nga. S\u00e4g det till mig och till alla andra som \u00e4r f\u00f6r\u00e4ldrar till en v\u00e5ldtagen dotter. S\u00e4g det till alla h\u00e5rt arbetande, sk\u00f6tsamma invandrare som i sen tid har blivit utvisade f\u00f6r att de tagit ut f\u00f6r lite (!) semester eller f\u00f6r att arbetsgivaren skickade in en blankett en dag f\u00f6rsent.<\/p>\n<p><strong>Ni vill ha v\u00e5rt f\u00f6rtroende<\/strong> och ni kr\u00e4ver l\u00f6ner och f\u00f6rm\u00e5ner som vanliga m\u00e4nniskor inte ens kan dr\u00f6mma om.<\/p>\n<p><strong>Men nej,<\/strong> ni vill inte ta ansvar <em>p\u00e5 riktigt.<\/em><\/p>\n<p><strong>De politiker som reser sig,<\/strong> kastar ut varenda potentiell terrorist fr\u00e5n Sverige, ser till att vanligt folk t\u00f6rs g\u00e5 p\u00e5 gatorna och att m\u00f6rdare och v\u00e5ldt\u00e4ktsm\u00e4n inte f\u00e5r kanelbullar utan det straff de har f\u00f6rtj\u00e4nat, de politiker som ser till att <em>alla<\/em> kvinnor har sin frihet och sina r\u00e4ttigheter, de som ser till att sm\u00e5 barn inte blir m\u00f6rdade i Stockholms city &#8211; de kommer att f\u00e5 min r\u00f6st i n\u00e4sta val.<\/p>\n<p><strong>Dessv\u00e4rre kommer det inte att ske.<\/strong> F\u00f6r det finns ju annat som \u00e4r viktigare. Att beh\u00e5lla sin plats i riksdag eller regering, att beh\u00e5lla gratisl\u00e4genheten i Gamla Stan, \u00e5rskortet p\u00e5 SAS och m\u00f6jligheten till lite trevliga studieresor.<\/p>\n<p><strong>Jag sk\u00e4ms.<\/strong><\/p>\n<p><strong>F\u00f6rl\u00e5t, Stefan.<\/strong> Jag \u00f6nskar mer \u00e4n allt att du hade kunnat f\u00e5 lilla Ebba tillbaka. Och jag \u00f6nskar att <em>n\u00e5gon<\/em> politiker \u00e5tminstone hade vett att ta dig i hand och be om urs\u00e4kt f\u00f6r sina klanterier.<\/p>\n<p><strong>Men inte heller det kommer att ske.<\/strong><\/p>\n<p><em><strong>Ebbas f\u00f6r\u00e4ldrar fick 60 000 kronor (!) i skadest\u00e5nd f\u00f6r att flickan dog. Akilov kommer under ett &#8211; l\u00e5t oss s\u00e4ga 20-\u00e5rigt &#8211; f\u00e4ngelsestraff, att kosta oss \u00f6ver 26 miljoner kronor.<\/strong><\/em><\/p>\n<div id=\"wp_fb_like_button\" style=\"margin:5px 0;float:none;height:100px;\"><script src=\"http:\/\/connect.facebook.net\/en_US\/all.js#xfbml=1\"><\/script><fb:like href=\"https:\/\/www.ohrlund.se\/blogg\/borde-ju-halla-kaften-6-men-jag-skams\/\" send=\"true\" layout=\"standard\" width=\"450\" show_faces=\"true\" font=\"arial\" action=\"like\" colorscheme=\"light\"><\/fb:like><\/div>","protected":false},"excerpt":{"rendered":"<p>Jag sk\u00e4ms. Jag &#8211; som \u00e4r emot all form av kollektivt skuldbel\u00e4ggande och \u00e4r iskall mot dem som beskyller mig och alla andra feta, vita, medel\u00e5lders m\u00e4n f\u00f6r allt fr\u00e5n krig till svenska skogsbr\u00e4nder &#8211; sk\u00e4ms. N\u00e4r jag l\u00e4ser den &hellip; <a href=\"https:\/\/www.ohrlund.se\/blogg\/borde-ju-halla-kaften-6-men-jag-skams\/\">Forts\u00e4tt l\u00e4sa <span class=\"meta-nav\">&rarr;<\/span><\/a><\/p>\n","protected":false},"author":2,"featured_media":0,"comment_status":"closed","ping_status":"open","sticky":false,"template":"","format":"standard","meta":{"_jetpack_memberships_contains_paid_content":false,"footnotes":""},"categories":[1],"tags":[],"class_list":["post-3834","post","type-post","status-publish","format-standard","hentry","category-okategoriserade"],"jetpack_featured_media_url":"","jetpack_sharing_enabled":true,"post_mailing_queue_ids":[],"_links":{"self":[{"href":"https:\/\/www.ohrlund.se\/blogg\/wp-json\/wp\/v2\/posts\/3834","targetHints":{"allow":["GET"]}}],"collection":[{"href":"https:\/\/www.ohrlund.se\/blogg\/wp-json\/wp\/v2\/posts"}],"about":[{"href":"https:\/\/www.ohrlund.se\/blogg\/wp-json\/wp\/v2\/types\/post"}],"author":[{"embeddable":true,"href":"https:\/\/www.ohrlund.se\/blogg\/wp-json\/wp\/v2\/users\/2"}],"replies":[{"embeddable":true,"href":"https:\/\/www.ohrlund.se\/blogg\/wp-json\/wp\/v2\/comments?post=3834"}],"version-history":[{"count":4,"href":"https:\/\/www.ohrlund.se\/blogg\/wp-json\/wp\/v2\/posts\/3834\/revisions"}],"predecessor-version":[{"id":3841,"href":"https:\/\/www.ohrlund.se\/blogg\/wp-json\/wp\/v2\/posts\/3834\/revisions\/3841"}],"wp:attachment":[{"href":"https:\/\/www.ohrlund.se\/blogg\/wp-json\/wp\/v2\/media?parent=3834"}],"wp:term":[{"taxonomy":"category","embeddable":true,"href":"https:\/\/www.ohrlund.se\/blogg\/wp-json\/wp\/v2\/categories?post=3834"},{"taxonomy":"post_tag","embeddable":true,"href":"https:\/\/www.ohrlund.se\/blogg\/wp-json\/wp\/v2\/tags?post=3834"}],"curies":[{"name":"wp","href":"https:\/\/api.w.org\/{rel}","templated":true}]}}