{"id":3850,"date":"2018-10-12T00:29:19","date_gmt":"2018-10-11T22:29:19","guid":{"rendered":"http:\/\/www.ohrlund.se\/blogg\/?p=3850"},"modified":"2018-10-12T00:29:19","modified_gmt":"2018-10-11T22:29:19","slug":"borde-ju-halla-kaften-8-men-kvinnofortryck-en-svensk-hederssak-eller-hur","status":"publish","type":"post","link":"https:\/\/www.ohrlund.se\/blogg\/borde-ju-halla-kaften-8-men-kvinnofortryck-en-svensk-hederssak-eller-hur\/","title":{"rendered":"Borde ju h\u00e5lla k\u00e4ften (8), men: Kvinnof\u00f6rtryck &#8211; en svensk hederssak, eller hur?"},"content":{"rendered":"<p><strong>F\u00f6rst: Jag har skrivit det f\u00f6rr och jag skriver det igen:<\/strong><\/p>\n<p><strong>Jag <\/strong><strong>v\u00e4grar acceptera begreppet <em>&#8221;hedersmord&#8221;<\/em>.<\/strong> Det b\u00f6r strykas ur ordlistan och ers\u00e4ttas med &#8221;kulturmord&#8221;, &#8221;smutsmord&#8221; eller n\u00e5got riktigt nedv\u00e4rderande. Dessutom b\u00f6r straffet f\u00f6r dessa mord vara h\u00f6gre \u00e4n f\u00f6r &#8221;vanliga&#8221; mord, om det kan bevisas att motivet varit &#8221;heder&#8221;.<strong> Det finns n\u00e4mligen ingen som helst heder i att sl\u00e5 ihj\u00e4l sin fru, dotter eller son, f\u00f6r att man inte sympatiserar med deras k\u00e4rlek eller \u00e5sikter.\u00a0\u00a0<\/strong><strong>Den debatten<\/strong>\u00a0har jag tagit f\u00f6rr och tar den g\u00e4rna igen, n\u00e4r som helst och med vem som helst.<\/p>\n<p><strong>Nu &#8211; en intressant j\u00e4mf\u00f6relse:<\/strong><\/p>\n<p><strong>Den man i Sverige<\/strong> som i dag skulle yttra att kvinnan ska vara tacksam, h\u00e5lla k\u00e4ft och lyda skulle &#8211; med all r\u00e4tt &#8211; naturligtvis f\u00e5 sparken fr\u00e5n jobbet, k\u00f6lhalas offentligt och betraktas med f\u00f6rakt av omgivningen.<\/p>\n<p><strong>Den man i Sverige<\/strong> som beordrar att hans lilla dotter utan bed\u00f6vning f\u00e5r klitoris bortskuren och blygdl\u00e4pparna ihopsydda i en skitig cykelk\u00e4llare, den man som hotar, f\u00f6rnedrar och sl\u00e5r sin dotter under uppv\u00e4xten innan han tvingar henne att som barn gifta sig med en sl\u00e4kting hon avskyr och \u00e4r r\u00e4dd f\u00f6r &#8211; han klarar sig fint och hedras av den n\u00e4rmaste omgivningen.<\/p>\n<p><b>I det &#8221;feministiska&#8221; Sverige.<\/b><\/p>\n<p><strong>Jag tittade p\u00e5 tv i kv\u00e4ll<\/strong> och s\u00e5g vittnesm\u00e5let fr\u00e5n den unga, kurdisk-svenska kvinna som modigt och \u00f6ppet ber\u00e4ttade om hedersf\u00f6rtrycket hon utsatts f\u00f6r i Sverige, innan hon till sist rymde hemifr\u00e5n. Allt f\u00f6r att hon beg\u00e5tt d\u00f6dssynden att bli k\u00e4r i en svenskf\u00f6dd kille.<\/p>\n<p><strong>N\u00e4r jag sedan s\u00e5g<\/strong> de aktuella siffrorna blev jag mer bekl\u00e4md \u00e4n f\u00f6rv\u00e5nad. F\u00f6r n\u00e5gra \u00e5r sedan gjorde Ungdomsstyrelsen, numera Myndigheten f\u00f6r ungdoms- och civilsamh\u00e4llesfr\u00e5gor, en unders\u00f6kning som visade att 16 000 ungdomar i Sverige levde under s\u00e5 kallat hedersf\u00f6rtryck och var r\u00e4dda f\u00f6r att deras f\u00f6r\u00e4ldrar skulle f\u00e5 reda p\u00e5 vem de var k\u00e4ra i.<\/p>\n<p><strong>Kv\u00e4llens siffror var 240 000 ungdomar.<\/strong><\/p>\n<p><strong>240 000. N\u00e4stan en kvarts miljon.<\/strong> Och vi vet att m\u00f6rkertalet \u00e4r stort.<\/p>\n<p><strong>I det &#8221;feministiska&#8221; och &#8221;humanistiska&#8221; Sverige.<\/strong><\/p>\n<p><strong>Annan intressant j\u00e4mf\u00f6relse:<\/strong> Det &#8221;feministiska&#8221; Milj\u00f6partiet fick i \u00e5rets val 285 899 r\u00f6ster.<\/p>\n<p><strong>N\u00e4stan lika m\u00e5nga ungdomar lever i skr\u00e4ck och hedersf\u00f6rtryck.<\/strong><\/p>\n<p><strong>Feministiskt Initiativ fick 29 665 r\u00f6ster. Mer \u00e4n \u00e5tta g\u00e5nger (!) s\u00e5 m\u00e5nga ungdomar i Sverige lever i skr\u00e4ck f\u00f6r &#8221;hedern&#8221;.<\/strong><\/p>\n<p><strong>V\u00e4rt en eftertanke?<\/strong><\/p>\n<p><strong>Min \u00f6dmjuka fr\u00e5ga<\/strong> \u00e4r &#8211; m\u00f6jligen &#8211; naivt enkel:<\/p>\n<p><em><strong>Hur i helvete<\/strong><\/em> kan politiker som br\u00f6star sig, p\u00e5st\u00e5r att Sverige \u00e4r ett j\u00e4mlikt och feministiskt land, tillika en humanit\u00e4r stormakt, se mellan fingrarna n\u00e4r ungdomar &#8211; f\u00f6retr\u00e4desvis flickor och unga kvinnor &#8211; i Sverige dagligen f\u00f6rtrycks, skr\u00e4ms, hotas, misshandlas, omsk\u00e4rs, tvingas in i o\u00f6nskade \u00e4ktenskap och i v\u00e4rsta fall m\u00f6rdas?<\/p>\n<p><strong>Var \u00e4r Stefan L\u00f6fven,<\/strong> Jan Bj\u00f6rklund, Gustav Fridolin, Jonas Sj\u00f6stedt, Ulf Kristersson och Jimmie \u00c5kesson n\u00e4r det verkligen g\u00e4ller? Varf\u00f6r vr\u00e5lar inte Isabella L\u00f6vin, Annie L\u00f6\u00f6f, Ebba Busch Thor och framf\u00f6rallt Gudrun Schyman och Gita Nabavi ut sin avsky, sin ilska, sina protester och sina f\u00f6rslag till \u00e5tg\u00e4rder, n\u00e4r flickor och kvinnor i Sverige misshandlas och m\u00f6rdas enligt medeltidsmetoder?<\/p>\n<p><strong>Jag har en teori,<\/strong> som \u00e4r troligare \u00e4n n\u00e5gonsin i dessa tider av desperat maktkamp inf\u00f6r de kommande fyra \u00e5ren:<\/p>\n<p><strong>Det \u00e4r inte viktigt nog.<\/strong><\/p>\n<p><strong>Det som \u00e4r viktigt nu, viktigare \u00e4n allt annat, \u00e4r &#8211; <em>makt.<\/em><\/strong> Att f\u00e5 sitta kvar p\u00e5 sin post eller \u00e4nnu hellre, f\u00e5 en mer betydande position f\u00f6r de kommande fyra \u00e5ren. Makt \u00e4r &#8211; f\u00f6r en del &#8211; upphetsande. I det h\u00e4r fallet medf\u00f6r den ocks\u00e5 en, milt uttryckt, ganska hyfsad l\u00f6n och f\u00f6rm\u00e5ner som du med ett vanligt jobb aldrig kan dr\u00f6mma om.<\/p>\n<p><strong>S\u00e5 vem fan bryr sig<\/strong> om att n\u00e5gra bebisflickor f\u00e5r klitoris bortskuren i den d\u00e4r skitiga k\u00e4llaren?<\/p>\n<p><strong>Jag har absolut ingenting emot<\/strong> att m\u00e4nniskor f\u00f6rs\u00f6ker tj\u00e4na stora pengar, s\u00e5 l\u00e4nge det sker lagligt. Jag har faktiskt heller ingenting emot att m\u00e4nniskor f\u00f6rs\u00f6ker skaffa sig makt, om de nu g\u00e5r loss p\u00e5 det.<\/p>\n<p><strong>S\u00e5 l\u00e4nge de bek\u00e4nner f\u00e4rg och st\u00e5r f\u00f6r sina syften.<\/strong><\/p>\n<p><strong>Hyckleri, inte minst av skattebetalda ledare,<\/strong> \u00e4r d\u00e4remot<em><strong> fullst\u00e4ndigt oacceptabelt<\/strong> <\/em>(ett av politikernas favorituttryck i alla l\u00e4gen som har med <em>motst\u00e5ndarna<\/em> att g\u00f6ra).<\/p>\n<p><strong>Men hyckleri och inget annat<\/strong> <strong>\u00e4r det<\/strong> n\u00e4r ett land som Sverige \u00e5r 2018 l\u00e5ter m\u00e4nniskor komma undan med barnmisshandel, kvinnof\u00f6rtryck, hot, k\u00f6nsstympning, barn\u00e4ktenskap <strong>och &#8211; mord.<\/strong><\/p>\n<p><strong>Just nu, n\u00e4r du l\u00e4ser detta,<\/strong> sitter v\u00e5ra politiska ledare i nattliga sammantr\u00e4den, &#8221;krism\u00f6ten&#8221;, \u00f6verl\u00e4ggningar och smider sluga planer f\u00f6r hur de ska kunna kl\u00e5 upp motst\u00e5ndarna och tilltvinga sig makten f\u00f6r den kommande mandatperioden (vilket i och f\u00f6r sig \u00e4r det svenska folkets fel, eftersom vi tydligen inte kan komma \u00f6verens om vem som ska f\u00e5 majoritet. Ty Mellanmj\u00f6lk och Lagom \u00e4r ju alltid b\u00e4st, eller hur?).<\/p>\n<p><strong>Men Mellanmj\u00f6k och Lagom har ocks\u00e5 ett h\u00f6gt pris &#8211; f\u00f6r vissa. Just nu, n\u00e4r du l\u00e4ser detta, k\u00f6nsstympas en liten skrikande flicka n\u00e5gonstans i landet, utan bed\u00f6vning. En ton\u00e5rstjej hotas och f\u00e5r stryk av sin pappa medan mamman, ocks\u00e5 f\u00f6rtryckt, tittar p\u00e5. En annan flicka vill g\u00e5 till kiosken och f\u00e5r omedelbart &#8221;eskort&#8221; av en bror eller kusin. En tredje sitter vid f\u00f6nstret och l\u00e4ngtar efter sin \u00e4lskade pojkv\u00e4n, som hon aldrig mer f\u00e5r se. En fj\u00e4rde s\u00e4tts under tv\u00e5ng p\u00e5 ett plan till L\u00e5ngtbortistan d\u00e4r hon under tv\u00e5ng ska gifta sig med en \u00e4ldre sl\u00e4kting.\u00a0<\/strong><\/p>\n<p><strong>Den femte, som uppk\u00e4ftigt str\u00e4var emot och kr\u00e4ver sin r\u00e4tt som fri kvinna, kommer inte att \u00f6verleva. Hon &#8221;ramlar&#8221; fr\u00e5n en balkong eller &#8221;f\u00f6rsvinner&#8221;.<\/strong><\/p>\n<p><strong>Det h\u00e4r, min v\u00e4n,<\/strong> \u00e4r den &#8221;feministiska&#8221; och &#8221;humanistiska stormakten&#8221; Sverige 2018. Den som politikerna vill att v\u00e4rlden ska titta p\u00e5, appl\u00e5dera och kopiera.<\/p>\n<p><strong>Det nya medeltidslandet<\/strong> d\u00e4r en kvarts miljon ungdomar fasar f\u00f6r vilka straff de ska r\u00e5ka ut f\u00f6r. F\u00f6r att de \u00e4lskar fel person eller &#8211; \u00e4nnu v\u00e4rre &#8211; r\u00e5kar vara bi- eller homosexuella.<\/p>\n<p><strong>Jag hoppas<\/strong> att v\u00e5ra tysta politiker sover riktigt gott i natt.<\/p>\n<p><strong>F\u00f6r man ska nog vara r\u00e4tt h\u00e5rdhudad<\/strong> f\u00f6r att k\u00f6pa det som h\u00e4nder framf\u00f6r v\u00e5ra \u00f6gon.<\/p>\n<p><strong>Och h\u00e5lla k\u00e4ften.<\/strong><\/p>\n<p><strong>Sj\u00e4lv sk\u00e4ms jag. Igen.<\/strong><\/p>\n<p><em><strong>Ett s\u00e4tt att visa din protest \u00e4r att bli medlem i och d\u00e4rmed st\u00f6dja Riksorganisationen GAPF, Gl\u00f6m aldrig Pela och Fadime. Det g\u00f6r jag.<\/strong><\/em><\/p>\n<p><a href=\"http:\/\/gapf.se\/\">http:\/\/gapf.se\/<\/a><\/p>\n<div id=\"wp_fb_like_button\" style=\"margin:5px 0;float:none;height:100px;\"><script src=\"http:\/\/connect.facebook.net\/en_US\/all.js#xfbml=1\"><\/script><fb:like href=\"https:\/\/www.ohrlund.se\/blogg\/borde-ju-halla-kaften-8-men-kvinnofortryck-en-svensk-hederssak-eller-hur\/\" send=\"true\" layout=\"standard\" width=\"450\" show_faces=\"true\" font=\"arial\" action=\"like\" colorscheme=\"light\"><\/fb:like><\/div>","protected":false},"excerpt":{"rendered":"<p>F\u00f6rst: Jag har skrivit det f\u00f6rr och jag skriver det igen: Jag v\u00e4grar acceptera begreppet &#8221;hedersmord&#8221;. Det b\u00f6r strykas ur ordlistan och ers\u00e4ttas med &#8221;kulturmord&#8221;, &#8221;smutsmord&#8221; eller n\u00e5got riktigt nedv\u00e4rderande. Dessutom b\u00f6r straffet f\u00f6r dessa mord vara h\u00f6gre \u00e4n f\u00f6r &hellip; <a href=\"https:\/\/www.ohrlund.se\/blogg\/borde-ju-halla-kaften-8-men-kvinnofortryck-en-svensk-hederssak-eller-hur\/\">Forts\u00e4tt l\u00e4sa <span class=\"meta-nav\">&rarr;<\/span><\/a><\/p>\n","protected":false},"author":2,"featured_media":0,"comment_status":"closed","ping_status":"open","sticky":false,"template":"","format":"standard","meta":{"_jetpack_memberships_contains_paid_content":false,"footnotes":""},"categories":[1],"tags":[],"class_list":["post-3850","post","type-post","status-publish","format-standard","hentry","category-okategoriserade"],"jetpack_featured_media_url":"","jetpack_sharing_enabled":true,"post_mailing_queue_ids":[],"_links":{"self":[{"href":"https:\/\/www.ohrlund.se\/blogg\/wp-json\/wp\/v2\/posts\/3850","targetHints":{"allow":["GET"]}}],"collection":[{"href":"https:\/\/www.ohrlund.se\/blogg\/wp-json\/wp\/v2\/posts"}],"about":[{"href":"https:\/\/www.ohrlund.se\/blogg\/wp-json\/wp\/v2\/types\/post"}],"author":[{"embeddable":true,"href":"https:\/\/www.ohrlund.se\/blogg\/wp-json\/wp\/v2\/users\/2"}],"replies":[{"embeddable":true,"href":"https:\/\/www.ohrlund.se\/blogg\/wp-json\/wp\/v2\/comments?post=3850"}],"version-history":[{"count":1,"href":"https:\/\/www.ohrlund.se\/blogg\/wp-json\/wp\/v2\/posts\/3850\/revisions"}],"predecessor-version":[{"id":3851,"href":"https:\/\/www.ohrlund.se\/blogg\/wp-json\/wp\/v2\/posts\/3850\/revisions\/3851"}],"wp:attachment":[{"href":"https:\/\/www.ohrlund.se\/blogg\/wp-json\/wp\/v2\/media?parent=3850"}],"wp:term":[{"taxonomy":"category","embeddable":true,"href":"https:\/\/www.ohrlund.se\/blogg\/wp-json\/wp\/v2\/categories?post=3850"},{"taxonomy":"post_tag","embeddable":true,"href":"https:\/\/www.ohrlund.se\/blogg\/wp-json\/wp\/v2\/tags?post=3850"}],"curies":[{"name":"wp","href":"https:\/\/api.w.org\/{rel}","templated":true}]}}