{"id":3857,"date":"2018-11-01T20:08:04","date_gmt":"2018-11-01T18:08:04","guid":{"rendered":"http:\/\/www.ohrlund.se\/blogg\/?p=3857"},"modified":"2018-11-01T20:08:04","modified_gmt":"2018-11-01T18:08:04","slug":"borde-ju-halla-kaften-10-men-overgaende-jamstalldhetsproblem-eller-ren-idioti","status":"publish","type":"post","link":"https:\/\/www.ohrlund.se\/blogg\/borde-ju-halla-kaften-10-men-overgaende-jamstalldhetsproblem-eller-ren-idioti\/","title":{"rendered":"Borde ju h\u00e5lla k\u00e4ften (10), men: \u00d6verg\u00e5ende (?) j\u00e4mst\u00e4lldhetsproblem eller ren idioti?"},"content":{"rendered":"<p><strong>Jag l\u00e4ser i lokaltidningen<\/strong> att min kommun vill arbeta f\u00f6r att \u00f6ka j\u00e4mst\u00e4lldheten.<\/p>\n<p><strong>Det \u00e4r bra.<\/strong><\/p>\n<p><strong>Det senaste superdj\u00e4rva greppet<\/strong> som kommer att ta oss mot st\u00f6rre j\u00e4mst\u00e4lldhet (eller inte) \u00e4r dock att byta ut alla slitna skyltar vid \u00f6verg\u00e5ngsst\u00e4llen mot nya som visar en kvinna som g\u00e5r \u00f6ver. Och om det anl\u00e4ggs nya \u00f6verg\u00e5ngsst\u00e4llen s\u00e5 ska dessa ocks\u00e5 f\u00f6rses med en skylt som visar en kvinna.<\/p>\n<h2>\u2013 F\u00f6r mig \u00e4r det en sj\u00e4lvklarhet att vi ska vara j\u00e4mst\u00e4llda p\u00e5 alla omr\u00e5den som vi kan, s\u00e4ger Moa Rasmusson (L), ordf\u00f6rande i Trafik- och fastighetsn\u00e4mnden.<\/h2>\n<p><a href=\"https:\/\/www.ohrlund.se\/blogg\/wp-content\/uploads\/2018\/11\/MOA.jpeg\"><img loading=\"lazy\" decoding=\"async\" class=\"alignnone size-medium wp-image-3871\" src=\"https:\/\/www.ohrlund.se\/blogg\/wp-content\/uploads\/2018\/11\/MOA-300x225.jpeg\" alt=\"\" width=\"300\" height=\"225\" srcset=\"https:\/\/www.ohrlund.se\/blogg\/wp-content\/uploads\/2018\/11\/MOA-300x225.jpeg 300w, https:\/\/www.ohrlund.se\/blogg\/wp-content\/uploads\/2018\/11\/MOA-768x576.jpeg 768w, https:\/\/www.ohrlund.se\/blogg\/wp-content\/uploads\/2018\/11\/MOA-400x300.jpeg 400w, https:\/\/www.ohrlund.se\/blogg\/wp-content\/uploads\/2018\/11\/MOA.jpeg 951w\" sizes=\"auto, (max-width: 300px) 100vw, 300px\" \/><\/a><\/p>\n<p><strong>Moa (L).<\/strong> <em>(Foto: Pauline Cederblad)<\/em><\/p>\n<p><strong>Moa \u00e4r f\u00f6rv\u00e5nad<\/strong> \u00f6ver att nyheten har v\u00e4ckt s\u00e5 stor uppr\u00f6rdhet bland kommunens inv\u00e5nare.<\/p>\n<p><strong>Det \u00e4r inte jag. Folk tycker n\u00e4mligen att det finns viktigare problem att \u00e4gna sig \u00e5t.<\/strong><\/p>\n<p><strong>F\u00f6r om vi nu ska k\u00f6ra <em>hela<\/em> kr\u00e4nkt- och j\u00e4mst\u00e4lldhetssp\u00e5ret<\/strong> \u00e4nda in i kaklet (vilket j\u00e4vla idiotuttryck f\u00f6r att komma fr\u00e5n politiker) s\u00e5 blir det s\u00e5 h\u00e4r:<\/p>\n<p><a href=\"https:\/\/www.ohrlund.se\/blogg\/wp-content\/uploads\/2018\/11\/G\u00e5rman.png\"><img loading=\"lazy\" decoding=\"async\" class=\"alignnone size-full wp-image-3858\" src=\"https:\/\/www.ohrlund.se\/blogg\/wp-content\/uploads\/2018\/11\/G\u00e5rman.png\" alt=\"\" width=\"224\" height=\"225\" srcset=\"https:\/\/www.ohrlund.se\/blogg\/wp-content\/uploads\/2018\/11\/G\u00e5rman.png 224w, https:\/\/www.ohrlund.se\/blogg\/wp-content\/uploads\/2018\/11\/G\u00e5rman-150x150.png 150w\" sizes=\"auto, (max-width: 224px) 100vw, 224px\" \/><\/a><\/p>\n<p><strong>Den klassiska skylten \u00e4r diskriminerande och exkluderande<\/strong> mot alla vita m\u00e4nniskor och alla som inte identifierar sig som man alla dagar. Vidare \u00e4r den diskriminerande mot feta, enbenta, enarmade eller p\u00e5 andra s\u00e4tt handikappade m\u00e4nniskor. Den antyder ocks\u00e5 fattigdom genom att mannen p\u00e5 bilden inte har n\u00e5gra \u00e4godelar, inte ens en synlig mobiltelefon.<\/p>\n<p><a href=\"https:\/\/www.ohrlund.se\/blogg\/wp-content\/uploads\/2018\/11\/G\u00e5rman-2-Fru.png\"><img loading=\"lazy\" decoding=\"async\" class=\"alignnone size-full wp-image-3859\" src=\"https:\/\/www.ohrlund.se\/blogg\/wp-content\/uploads\/2018\/11\/G\u00e5rman-2-Fru.png\" alt=\"\" width=\"225\" height=\"225\" srcset=\"https:\/\/www.ohrlund.se\/blogg\/wp-content\/uploads\/2018\/11\/G\u00e5rman-2-Fru.png 225w, https:\/\/www.ohrlund.se\/blogg\/wp-content\/uploads\/2018\/11\/G\u00e5rman-2-Fru-150x150.png 150w\" sizes=\"auto, (max-width: 225px) 100vw, 225px\" \/><\/a><\/p>\n<p><strong>&#8221;Fru G\u00e5rman&#8221;-skylten<\/strong> \u00e4r diskriminerande p\u00e5 m\u00e5nga s\u00e4tt. F\u00f6r det f\u00f6rsta mot m\u00e4n och alla k\u00f6nsidentiteter f\u00f6rutom kvinnor. F\u00f6r det andra mot ogifta kvinnor. F\u00f6r det tredje mot alla kvinnor som har mindre eller st\u00f6rre br\u00f6st \u00e4n kvinnan p\u00e5 bilden, och mot alla kvinnor som hellre b\u00e4r byxor \u00e4n kjol. Den \u00e4r dessutom rasistisk och antyder fattigdom.<\/p>\n<p><a href=\"https:\/\/www.ohrlund.se\/blogg\/wp-content\/uploads\/2018\/11\/G\u00e5rman-3-barn.png\"><img loading=\"lazy\" decoding=\"async\" class=\"alignnone size-full wp-image-3860\" src=\"https:\/\/www.ohrlund.se\/blogg\/wp-content\/uploads\/2018\/11\/G\u00e5rman-3-barn.png\" alt=\"\" width=\"225\" height=\"225\" srcset=\"https:\/\/www.ohrlund.se\/blogg\/wp-content\/uploads\/2018\/11\/G\u00e5rman-3-barn.png 225w, https:\/\/www.ohrlund.se\/blogg\/wp-content\/uploads\/2018\/11\/G\u00e5rman-3-barn-150x150.png 150w\" sizes=\"auto, (max-width: 225px) 100vw, 225px\" \/><\/a><\/p>\n<p><strong>Den h\u00e4r<\/strong> \u00e4r diskriminerande och exkluderande p\u00e5 en rad s\u00e4tt mot det tredje k\u00f6net, de andra tjugofem k\u00f6nsidentiteterna, vita m\u00e4nniskor och alla som \u00e4r \u00e4ldre \u00e4n tio \u00e5r eller s\u00e5. Dessutom antyder den fattigdom och kan tolkas som att pojken \u00e4r p\u00e5 v\u00e4g att beg\u00e5 ett sexuellt \u00f6vergrepp p\u00e5 flickan.<\/p>\n<p><a href=\"https:\/\/www.ohrlund.se\/blogg\/wp-content\/uploads\/2018\/11\/G\u00e5rman-4-peddo.jpg\"><img loading=\"lazy\" decoding=\"async\" class=\"alignnone size-full wp-image-3861\" src=\"https:\/\/www.ohrlund.se\/blogg\/wp-content\/uploads\/2018\/11\/G\u00e5rman-4-peddo.jpg\" alt=\"\" width=\"175\" height=\"175\" srcset=\"https:\/\/www.ohrlund.se\/blogg\/wp-content\/uploads\/2018\/11\/G\u00e5rman-4-peddo.jpg 175w, https:\/\/www.ohrlund.se\/blogg\/wp-content\/uploads\/2018\/11\/G\u00e5rman-4-peddo-150x150.jpg 150w\" sizes=\"auto, (max-width: 175px) 100vw, 175px\" \/><\/a><\/p>\n<p><strong>H\u00e4r antyds det pedofili<\/strong> s\u00e5 att det bara dammar om det. Den \u00e4r dessutom exkluderande mot sm\u00e5 pojkar och mot den svarta rasen. Bland annat.<\/p>\n<p><a href=\"https:\/\/www.ohrlund.se\/blogg\/wp-content\/uploads\/2018\/11\/G\u00e5rman-5-katt.png\"><img loading=\"lazy\" decoding=\"async\" class=\"alignnone size-full wp-image-3862\" src=\"https:\/\/www.ohrlund.se\/blogg\/wp-content\/uploads\/2018\/11\/G\u00e5rman-5-katt.png\" alt=\"\" width=\"224\" height=\"225\" srcset=\"https:\/\/www.ohrlund.se\/blogg\/wp-content\/uploads\/2018\/11\/G\u00e5rman-5-katt.png 224w, https:\/\/www.ohrlund.se\/blogg\/wp-content\/uploads\/2018\/11\/G\u00e5rman-5-katt-150x150.png 150w\" sizes=\"auto, (max-width: 224px) 100vw, 224px\" \/><\/a><\/p>\n<p><strong>Nu blir det v\u00e4rre.<\/strong> Kennelklubben, Grisodlarnas Riksf\u00f6rbund med flera kommer att anm\u00e4la till Diskrimineringsombudsmannen fort som fan.<\/p>\n<p><a href=\"https:\/\/www.ohrlund.se\/blogg\/wp-content\/uploads\/2018\/11\/G\u00e5rman-6-hund.png\"><img loading=\"lazy\" decoding=\"async\" class=\"alignnone size-full wp-image-3863\" src=\"https:\/\/www.ohrlund.se\/blogg\/wp-content\/uploads\/2018\/11\/G\u00e5rman-6-hund.png\" alt=\"\" width=\"225\" height=\"225\" srcset=\"https:\/\/www.ohrlund.se\/blogg\/wp-content\/uploads\/2018\/11\/G\u00e5rman-6-hund.png 225w, https:\/\/www.ohrlund.se\/blogg\/wp-content\/uploads\/2018\/11\/G\u00e5rman-6-hund-150x150.png 150w\" sizes=\"auto, (max-width: 225px) 100vw, 225px\" \/><\/a><\/p>\n<p><strong>Det h\u00e4r \u00e4r naturligtvis inte ett dugg b\u00e4ttre.<\/strong> Inte nog med att skylten exkluderar alla raser f\u00f6rutom taxar, den exkluderar alla andra djur i v\u00e5rt samh\u00e4lle. Den \u00e4r dessutom objektifierad eftersom k\u00f6nsorganet \u00e4r synligt utan anledning.<\/p>\n<p><a href=\"https:\/\/www.ohrlund.se\/blogg\/wp-content\/uploads\/2018\/11\/\u00d6verg\u00e5ngsst\u00e4lle.jpg\"><img loading=\"lazy\" decoding=\"async\" class=\"alignnone size-medium wp-image-3864\" src=\"https:\/\/www.ohrlund.se\/blogg\/wp-content\/uploads\/2018\/11\/\u00d6verg\u00e5ngsst\u00e4lle-300x300.jpg\" alt=\"\" width=\"300\" height=\"300\" srcset=\"https:\/\/www.ohrlund.se\/blogg\/wp-content\/uploads\/2018\/11\/\u00d6verg\u00e5ngsst\u00e4lle-300x300.jpg 300w, https:\/\/www.ohrlund.se\/blogg\/wp-content\/uploads\/2018\/11\/\u00d6verg\u00e5ngsst\u00e4lle-150x150.jpg 150w, https:\/\/www.ohrlund.se\/blogg\/wp-content\/uploads\/2018\/11\/\u00d6verg\u00e5ngsst\u00e4lle-299x300.jpg 299w, https:\/\/www.ohrlund.se\/blogg\/wp-content\/uploads\/2018\/11\/\u00d6verg\u00e5ngsst\u00e4lle.jpg 381w\" sizes=\"auto, (max-width: 300px) 100vw, 300px\" \/><\/a><\/p>\n<p><strong>Den h\u00e4r varianten<\/strong> \u00e4r naturligtvis i h\u00f6gsta grad aktuell, politiskt korrekt och samh\u00e4llstillv\u00e4nd. Problemet \u00e4r att den exkluderar kvinnor i andra kl\u00e4dnader \u00e4n niqab och burka. Vidare exkluderar den smalare <em><strong>hen<\/strong><\/em>\u00a0(f\u00f6rsta g\u00e5ngen i v\u00e4rldshistorien jag har publicerat detta oerh\u00f6rt tramsiga ord!) samt m\u00e4nniskor med ben och f\u00f6tter. Och alla djur.<\/p>\n<p><a href=\"https:\/\/www.ohrlund.se\/blogg\/wp-content\/uploads\/2018\/11\/G\u00e5rman-7-gitarr.jpg\"><img loading=\"lazy\" decoding=\"async\" class=\"alignnone size-medium wp-image-3865\" src=\"https:\/\/www.ohrlund.se\/blogg\/wp-content\/uploads\/2018\/11\/G\u00e5rman-7-gitarr-300x147.jpg\" alt=\"\" width=\"300\" height=\"147\" srcset=\"https:\/\/www.ohrlund.se\/blogg\/wp-content\/uploads\/2018\/11\/G\u00e5rman-7-gitarr-300x147.jpg 300w, https:\/\/www.ohrlund.se\/blogg\/wp-content\/uploads\/2018\/11\/G\u00e5rman-7-gitarr.jpg 321w\" sizes=\"auto, (max-width: 300px) 100vw, 300px\" \/><\/a><\/p>\n<p><strong>Kr\u00e4nkt (!)<\/strong> blir den vars f\u00f6r\u00e4ldrar inte hade r\u00e5d att k\u00f6pa en gitarr eller skicka iv\u00e4g sitt barn p\u00e5 n\u00e5gon form av musiklektioner. Likas\u00e5 kr\u00e4nks de som spelar bastuba, piano, blockfl\u00f6jt, trummor, ukulele, trumpet, mungiga, saxofon eller sl\u00e5r p\u00e5 tomburkar med pinnar fr\u00e5n en sushirestaurang. Skylten \u00e4r ocks\u00e5 grovt diskriminerande mot alla som inte<em> kan<\/em>\u00a0eller <em>vill<\/em> spela n\u00e5got instrument. Och mot alla som inte tycker om musik. Och mot alla som har det knapert ekonomiskt (vet du hur mycket en elgitarr kostar??). D\u00e4rmed kr\u00e4nker den ocks\u00e5 exempelvis tiggare.<\/p>\n<p><a href=\"https:\/\/www.ohrlund.se\/blogg\/wp-content\/uploads\/2018\/11\/G\u00e5rman-8-cykel.png\"><img loading=\"lazy\" decoding=\"async\" class=\"alignnone size-full wp-image-3866\" src=\"https:\/\/www.ohrlund.se\/blogg\/wp-content\/uploads\/2018\/11\/G\u00e5rman-8-cykel.png\" alt=\"\" width=\"225\" height=\"225\" srcset=\"https:\/\/www.ohrlund.se\/blogg\/wp-content\/uploads\/2018\/11\/G\u00e5rman-8-cykel.png 225w, https:\/\/www.ohrlund.se\/blogg\/wp-content\/uploads\/2018\/11\/G\u00e5rman-8-cykel-150x150.png 150w\" sizes=\"auto, (max-width: 225px) 100vw, 225px\" \/><\/a><\/p>\n<p><strong>Den h\u00e4r \u00e4r riktigt j\u00e4vligt elak.<\/strong> Alla <em>har<\/em> faktiskt inte r\u00e5d med en cykel! Framf\u00f6rallt inte en elcykel eftersom bidragen f\u00f6r dessa tycks ha upph\u00f6rt. Bortsett fr\u00e5n att skylten \u00e4r grovt rasistisk &#8211; den antyder ju att svarta m\u00e4nniskor inte har r\u00e5d med bil &#8211; s\u00e5 exkluderar den joggare, skid\u00e5kare och fyllon som kryper p\u00e5 alla fyra.<\/p>\n<p><a href=\"https:\/\/www.ohrlund.se\/blogg\/wp-content\/uploads\/2018\/11\/G\u00e5rman-9-konstig.jpg\"><img loading=\"lazy\" decoding=\"async\" class=\"alignnone size-medium wp-image-3867\" src=\"https:\/\/www.ohrlund.se\/blogg\/wp-content\/uploads\/2018\/11\/G\u00e5rman-9-konstig-300x168.jpg\" alt=\"\" width=\"300\" height=\"168\" \/><\/a><\/p>\n<p><strong>Jahaja.<\/strong> S\u00e5 bara f\u00f6r att man vill g\u00e5 som normala m\u00e4nniskor, ska man beh\u00f6va bli kr\u00e4nkt av en s\u00e5dan h\u00e4r skylt. Ett vidrigt exkluderande av majoriteten av g\u00e5ngtrafikanterna, anser jag. Dessutom \u00e4r den djupt rasistisk eftersom den antyder att alla svarta m\u00e4nniskor g\u00e5r p\u00e5 det h\u00e4r viset.<\/p>\n<p><a href=\"https:\/\/www.ohrlund.se\/blogg\/wp-content\/uploads\/2018\/11\/G\u00e5rman-10-hopp.jpg\"><img loading=\"lazy\" decoding=\"async\" class=\"alignnone size-medium wp-image-3868\" src=\"https:\/\/www.ohrlund.se\/blogg\/wp-content\/uploads\/2018\/11\/G\u00e5rman-10-hopp-300x168.jpg\" alt=\"\" width=\"300\" height=\"168\" \/><\/a><\/p>\n<p><strong>Visst, visst, forts\u00e4tt mobba oss handikappade, bara. Oj, f\u00f6rl\u00e5t!<\/strong> Jag gl\u00f6mde att man inte f\u00e5r s\u00e4ga <em>handikappad<\/em> l\u00e4ngre. Det byttes mot <em>r\u00f6relsehindrad<\/em> vilket sedan \u00e4ndrades till att man hade ett <em>funktionshinder<\/em> vilket \u00e4ndrades till en <em>funktionsneds\u00e4ttning<\/em>, vilket ocks\u00e5 var kr\u00e4nkande och byttes mor <em>funktionsvariation<\/em>. Samma sak var det f\u00f6r alla <em>rullstolsbundna<\/em> som i den politiska korrekthetens namn blev <em>rullstolsburna<\/em> (naturligtvis uppfunnet av en idiot som inte har den blekaste aning om hur det \u00e4r att sitta i rullstol ofrivilligt). Blev du tr\u00f6tt nu? Jag ocks\u00e5. Och bara det \u00e4r ju kr\u00e4nkande.<\/p>\n<p><a href=\"https:\/\/www.ohrlund.se\/blogg\/wp-content\/uploads\/2018\/11\/43291467_10215987718819312_4474237611732369408_n.jpg\"><img loading=\"lazy\" decoding=\"async\" class=\"alignnone size-medium wp-image-3869\" src=\"https:\/\/www.ohrlund.se\/blogg\/wp-content\/uploads\/2018\/11\/43291467_10215987718819312_4474237611732369408_n-300x300.jpg\" alt=\"\" width=\"300\" height=\"300\" srcset=\"https:\/\/www.ohrlund.se\/blogg\/wp-content\/uploads\/2018\/11\/43291467_10215987718819312_4474237611732369408_n-300x300.jpg 300w, https:\/\/www.ohrlund.se\/blogg\/wp-content\/uploads\/2018\/11\/43291467_10215987718819312_4474237611732369408_n-150x150.jpg 150w, https:\/\/www.ohrlund.se\/blogg\/wp-content\/uploads\/2018\/11\/43291467_10215987718819312_4474237611732369408_n-768x768.jpg 768w, https:\/\/www.ohrlund.se\/blogg\/wp-content\/uploads\/2018\/11\/43291467_10215987718819312_4474237611732369408_n.jpg 960w\" sizes=\"auto, (max-width: 300px) 100vw, 300px\" \/><\/a><\/p>\n<p><strong>Den h\u00e4r har naturligtvis inget<\/strong> med \u00f6verg\u00e5ngsst\u00e4llen att g\u00f6ra, men i varje ickefungerande demokratur borde den sitta precis \u00f6verallt i hopp om att \u00e5tminstone n\u00e5gon idiot ska g\u00e5 p\u00e5 budskapet.<\/p>\n<p><strong>Med detta utlyser jag en teckningst\u00e4vling!<\/strong>\u00a0Rita den <em><strong>perfekta<\/strong><\/em> skylten f\u00f6r ett \u00f6verg\u00e5ngsst\u00e4lle &#8211; den som inkluderar allt och alla p\u00e5 ett j\u00e4mlikt, fair trade-m\u00e4rkt, allergigodk\u00e4nt, r\u00e4ttvise- och Svanenm\u00e4rkt, gluten- och laktosfritt, icke-rasistiskt, icke-homofobiskt, icke-antisemitiskt och p\u00e5 alla vis icke-kr\u00e4nkande s\u00e4tt. <strong>Skicka teckningen i ett PM till mig snarast. F\u00f6rsta pris f\u00e5r f\u00f6rbli ospecificerat, det kan bli alltifr\u00e5n en signerad bok till att du f\u00e5r \u00e4ta lunch med mig. Vi f\u00e5r se.<\/strong><\/p>\n<p><strong>Rita nu, f\u00f6r fan. Det h\u00e4r \u00e4r viktigt, anser det svenska samh\u00e4llet. Och du \u00e4r ju en av dem som b\u00e4r upp det, eller hur? ;o)<\/strong><\/p>\n<p>&nbsp;<\/p>\n<div id=\"wp_fb_like_button\" style=\"margin:5px 0;float:none;height:100px;\"><script src=\"http:\/\/connect.facebook.net\/en_US\/all.js#xfbml=1\"><\/script><fb:like href=\"https:\/\/www.ohrlund.se\/blogg\/borde-ju-halla-kaften-10-men-overgaende-jamstalldhetsproblem-eller-ren-idioti\/\" send=\"true\" layout=\"standard\" width=\"450\" show_faces=\"true\" font=\"arial\" action=\"like\" colorscheme=\"light\"><\/fb:like><\/div>","protected":false},"excerpt":{"rendered":"<p>Jag l\u00e4ser i lokaltidningen att min kommun vill arbeta f\u00f6r att \u00f6ka j\u00e4mst\u00e4lldheten. Det \u00e4r bra. Det senaste superdj\u00e4rva greppet som kommer att ta oss mot st\u00f6rre j\u00e4mst\u00e4lldhet (eller inte) \u00e4r dock att byta ut alla slitna skyltar vid \u00f6verg\u00e5ngsst\u00e4llen &hellip; <a href=\"https:\/\/www.ohrlund.se\/blogg\/borde-ju-halla-kaften-10-men-overgaende-jamstalldhetsproblem-eller-ren-idioti\/\">Forts\u00e4tt l\u00e4sa <span class=\"meta-nav\">&rarr;<\/span><\/a><\/p>\n","protected":false},"author":2,"featured_media":0,"comment_status":"closed","ping_status":"open","sticky":false,"template":"","format":"standard","meta":{"_jetpack_memberships_contains_paid_content":false,"footnotes":""},"categories":[1],"tags":[],"class_list":["post-3857","post","type-post","status-publish","format-standard","hentry","category-okategoriserade"],"jetpack_featured_media_url":"","jetpack_sharing_enabled":true,"post_mailing_queue_ids":[],"_links":{"self":[{"href":"https:\/\/www.ohrlund.se\/blogg\/wp-json\/wp\/v2\/posts\/3857","targetHints":{"allow":["GET"]}}],"collection":[{"href":"https:\/\/www.ohrlund.se\/blogg\/wp-json\/wp\/v2\/posts"}],"about":[{"href":"https:\/\/www.ohrlund.se\/blogg\/wp-json\/wp\/v2\/types\/post"}],"author":[{"embeddable":true,"href":"https:\/\/www.ohrlund.se\/blogg\/wp-json\/wp\/v2\/users\/2"}],"replies":[{"embeddable":true,"href":"https:\/\/www.ohrlund.se\/blogg\/wp-json\/wp\/v2\/comments?post=3857"}],"version-history":[{"count":6,"href":"https:\/\/www.ohrlund.se\/blogg\/wp-json\/wp\/v2\/posts\/3857\/revisions"}],"predecessor-version":[{"id":3876,"href":"https:\/\/www.ohrlund.se\/blogg\/wp-json\/wp\/v2\/posts\/3857\/revisions\/3876"}],"wp:attachment":[{"href":"https:\/\/www.ohrlund.se\/blogg\/wp-json\/wp\/v2\/media?parent=3857"}],"wp:term":[{"taxonomy":"category","embeddable":true,"href":"https:\/\/www.ohrlund.se\/blogg\/wp-json\/wp\/v2\/categories?post=3857"},{"taxonomy":"post_tag","embeddable":true,"href":"https:\/\/www.ohrlund.se\/blogg\/wp-json\/wp\/v2\/tags?post=3857"}],"curies":[{"name":"wp","href":"https:\/\/api.w.org\/{rel}","templated":true}]}}