{"id":3877,"date":"2018-11-03T01:08:28","date_gmt":"2018-11-02T23:08:28","guid":{"rendered":"http:\/\/www.ohrlund.se\/blogg\/?p=3877"},"modified":"2018-11-03T01:08:28","modified_gmt":"2018-11-02T23:08:28","slug":"and-the-winner-is","status":"publish","type":"post","link":"https:\/\/www.ohrlund.se\/blogg\/and-the-winner-is\/","title":{"rendered":"And the winner is&#8230;"},"content":{"rendered":"<p><strong>V\u00e4nner,<\/strong><\/p>\n<p><strong>I mitt f\u00f6reg\u00e5ende blogginl\u00e4gg<\/strong> ber\u00e4ttade jag att min hemkommun f\u00f6rs\u00f6ker r\u00e4tta till j\u00e4mst\u00e4lldhetsproblem genom att s\u00e4tta upp nya, j\u00e4mlika skyltar vid \u00f6verg\u00e5ngsst\u00e4llena:<\/p>\n<p><a href=\"https:\/\/www.ohrlund.se\/blogg\/borde-ju-halla-kaften-10-men-overgaende-jamstalldhetsproblem-eller-ren-idioti\/\">https:\/\/www.ohrlund.se\/blogg\/borde-ju-halla-kaften-10-men-overgaende-jamstalldhetsproblem-eller-ren-idioti\/<\/a><\/p>\n<p><strong>D\u00e4refter utlyste jag<\/strong> en teckningst\u00e4vling d\u00e4r jag efterlyste den perfekta skylten f\u00f6r \u00f6verg\u00e5ngsst\u00e4llen &#8211; den som kr\u00e4nker varken m\u00e4n, kvinnor, hens, vita, svarta, blinda, rullstolsbundna, allergiker, hysteriker, \u00f6verk\u00e4nsliga, halta, enbenta, veganer eller n\u00e5gra andra.<\/p>\n<p><strong>Ingen l\u00e4tt match.<\/strong> Men fyra tappra gillare gav sig in i matchen och efter mycket huvudbry har juryn (jag, jag och jag) fattat beslut:<\/p>\n<p><strong>P\u00e5 tredelad andraplats<\/strong> kommer <strong>Susanne R\u00e5dlund<\/strong> med f\u00f6ljande f\u00f6rslag:<\/p>\n<p><a href=\"https:\/\/www.ohrlund.se\/blogg\/wp-content\/uploads\/2018\/11\/G\u00e5rman-b-Susanne-R\u00e5dlund.jpg\"><img loading=\"lazy\" decoding=\"async\" class=\"alignnone size-medium wp-image-3878\" src=\"https:\/\/www.ohrlund.se\/blogg\/wp-content\/uploads\/2018\/11\/G\u00e5rman-b-Susanne-R\u00e5dlund-300x225.jpg\" alt=\"\" width=\"300\" height=\"225\" srcset=\"https:\/\/www.ohrlund.se\/blogg\/wp-content\/uploads\/2018\/11\/G\u00e5rman-b-Susanne-R\u00e5dlund-300x225.jpg 300w, https:\/\/www.ohrlund.se\/blogg\/wp-content\/uploads\/2018\/11\/G\u00e5rman-b-Susanne-R\u00e5dlund-400x300.jpg 400w, https:\/\/www.ohrlund.se\/blogg\/wp-content\/uploads\/2018\/11\/G\u00e5rman-b-Susanne-R\u00e5dlund.jpg 640w\" sizes=\"auto, (max-width: 300px) 100vw, 300px\" \/><\/a><\/p>\n<p><em><strong>Juryns motivering: R\u00e5dlund utforskar i bild v\u00e5ra yttersta fr\u00e5gest\u00e4llningar och fantasier utan att f\u00f6r den sakens skull l\u00e4mna ett klart, eller framf\u00f6rallt kr\u00e4nkande, svar till det existentiella i \u00f6verg\u00e5ngen mellan ljus och m\u00f6rker, mellan v\u00e4rldar och mer basalt, tv\u00e5 g\u00e5ngbanor.<\/strong><\/em><\/p>\n<p><strong>P\u00e5 lika delad<\/strong> andraplats kommer Annika Craehn med det h\u00e4r konstverket:<\/p>\n<p><a href=\"https:\/\/www.ohrlund.se\/blogg\/wp-content\/uploads\/2018\/11\/G\u00e5rman-C-Annika-Craehn.jpg\"><img loading=\"lazy\" decoding=\"async\" class=\"alignnone size-medium wp-image-3879\" src=\"https:\/\/www.ohrlund.se\/blogg\/wp-content\/uploads\/2018\/11\/G\u00e5rman-C-Annika-Craehn-300x294.jpg\" alt=\"\" width=\"300\" height=\"294\" srcset=\"https:\/\/www.ohrlund.se\/blogg\/wp-content\/uploads\/2018\/11\/G\u00e5rman-C-Annika-Craehn-300x294.jpg 300w, https:\/\/www.ohrlund.se\/blogg\/wp-content\/uploads\/2018\/11\/G\u00e5rman-C-Annika-Craehn-306x300.jpg 306w, https:\/\/www.ohrlund.se\/blogg\/wp-content\/uploads\/2018\/11\/G\u00e5rman-C-Annika-Craehn.jpg 490w\" sizes=\"auto, (max-width: 300px) 100vw, 300px\" \/><\/a><\/p>\n<p><em><strong>Juryns motivering: Med den bifogade motivationstexten &#8221;F\u00f6rs\u00f6k att bli kr\u00e4nkt av denna.\u00a0Spelar ingen roll om du \u00e4r r\u00f6d, gr\u00f6n, brun, vit eller svart. Om du \u00e4r l\u00e5ng, kort, tjock, smal, cyklar, sitter i rullstol, g\u00f6mmer dig under ett t\u00e4lt&#8230;&#8221; kastar sig konstn\u00e4rinnan Craehn (ty hon tycks identifiera sig som kvinna!) djupt in i det f\u00f6r oss alla stora och vidsynta d\u00e4r g\u00e5ende varelser i alla former och f\u00e4rger h\u00e4lsas v\u00e4lkomna till en pk-doftande asfalt d\u00e4r alla kan bli \u00f6verk\u00f6rda p\u00e5 lika, m\u00f6jligen alltf\u00f6r lika, villkor.<\/strong><\/em><\/p>\n<p><strong>P\u00e5 samma<\/strong> delade andraplats hittar vi ocks\u00e5 <strong>Zandra Nordquist<\/strong> som har skapat f\u00f6ljande skyltf\u00f6rslag:<\/p>\n<p><a href=\"https:\/\/www.ohrlund.se\/blogg\/wp-content\/uploads\/2018\/11\/G\u00e5rman-d-Zandra-Nordquist.png\"><img loading=\"lazy\" decoding=\"async\" class=\"alignnone size-medium wp-image-3880\" src=\"https:\/\/www.ohrlund.se\/blogg\/wp-content\/uploads\/2018\/11\/G\u00e5rman-d-Zandra-Nordquist-132x300.png\" alt=\"\" width=\"132\" height=\"300\" srcset=\"https:\/\/www.ohrlund.se\/blogg\/wp-content\/uploads\/2018\/11\/G\u00e5rman-d-Zandra-Nordquist-132x300.png 132w, https:\/\/www.ohrlund.se\/blogg\/wp-content\/uploads\/2018\/11\/G\u00e5rman-d-Zandra-Nordquist-449x1024.png 449w, https:\/\/www.ohrlund.se\/blogg\/wp-content\/uploads\/2018\/11\/G\u00e5rman-d-Zandra-Nordquist.png 480w\" sizes=\"auto, (max-width: 132px) 100vw, 132px\" \/><\/a><\/p>\n<p><em><strong>Juryns motivering: Nordquist ligger nu sannolikt inlagd p\u00e5 en ortopedisk avdelning efter att ha brutit armar och ben av sig i kampen att skapa den mest icke-exkluderande skylten. Med f\u00e5 undantag i form av 165 uteblivna spr\u00e5k och 3 290 dialekter, har hon (ty hon tycks identifiera sig som en kvinna!) sk\u00e4rpt v\u00e5ra sinnen och \u00f6kat v\u00e5r nyfikenhet inf\u00f6r det ok\u00e4nda ett \u00f6vertr\u00e4dande av en gata kan inneb\u00e4ra. Likas\u00e5 pekar Nordquists svarta, n\u00e4rmast skr\u00e4mmande, streck mot en ny verklighet ingen av oss \u00e4nnu k\u00e4nner till.<\/strong><\/em><\/p>\n<p><strong>S\u00e5 vinnaren:<\/strong><\/p>\n<p><strong>Dave Nordh b\u00f6rjade<\/strong> med ett bidrag fr\u00e5n sin naivistiska period, med f\u00f6rklaringen att detta vore &#8221;den ultimata&#8221; skylten:<\/p>\n<p><a href=\"https:\/\/www.ohrlund.se\/blogg\/wp-content\/uploads\/2018\/11\/G\u00e5rman-a2-Dave-Nordh.jpg\"><img loading=\"lazy\" decoding=\"async\" class=\"alignnone size-medium wp-image-3881\" src=\"https:\/\/www.ohrlund.se\/blogg\/wp-content\/uploads\/2018\/11\/G\u00e5rman-a2-Dave-Nordh-225x300.jpg\" alt=\"\" width=\"225\" height=\"300\" srcset=\"https:\/\/www.ohrlund.se\/blogg\/wp-content\/uploads\/2018\/11\/G\u00e5rman-a2-Dave-Nordh-225x300.jpg 225w, https:\/\/www.ohrlund.se\/blogg\/wp-content\/uploads\/2018\/11\/G\u00e5rman-a2-Dave-Nordh.jpg 480w\" sizes=\"auto, (max-width: 225px) 100vw, 225px\" \/><\/a><\/p>\n<p><strong>D\u00e4refter<\/strong> kom han snabbt p\u00e5 b\u00e4ttre tankar och skrev:<\/p>\n<p><strong>&#8221;Men sedan<\/strong> blev jag p\u00e5mind av mig sj\u00e4lv att den var kr\u00e4nkande mot blinda som inte kan se den, s\u00e5 d\u00e5 blev det den h\u00e4r:&#8221;<\/p>\n<p><a href=\"https:\/\/www.ohrlund.se\/blogg\/wp-content\/uploads\/2018\/11\/G\u00e5rman-a-Dave-Nordh-ickekr\u00e4nkande-mot-blinda.jpg\"><img loading=\"lazy\" decoding=\"async\" class=\"alignnone size-medium wp-image-3882\" src=\"https:\/\/www.ohrlund.se\/blogg\/wp-content\/uploads\/2018\/11\/G\u00e5rman-a-Dave-Nordh-ickekr\u00e4nkande-mot-blinda-225x300.jpg\" alt=\"\" width=\"225\" height=\"300\" srcset=\"https:\/\/www.ohrlund.se\/blogg\/wp-content\/uploads\/2018\/11\/G\u00e5rman-a-Dave-Nordh-ickekr\u00e4nkande-mot-blinda-225x300.jpg 225w, https:\/\/www.ohrlund.se\/blogg\/wp-content\/uploads\/2018\/11\/G\u00e5rman-a-Dave-Nordh-ickekr\u00e4nkande-mot-blinda.jpg 480w\" sizes=\"auto, (max-width: 225px) 100vw, 225px\" \/><\/a><\/p>\n<p><strong>Ovanst\u00e5ende bidrag<\/strong> \u00e4r allts\u00e5 det vinnande. Juryns motivering:<\/p>\n<p><em><strong>&#8221;Nordh har i sitt konstn\u00e4rliga ut\u00f6vande, i tomhetens och sm\u00e4rtans desperation, \u00f6vertr\u00e4ffat sig sj\u00e4lv n\u00e4r det g\u00e4ller att spr\u00e4nga existentiella gr\u00e4nser. Den ytliga, n\u00e4rmast patetiskt uttalade motivationen om att inte vilja kr\u00e4nka blinda tycks mer som en r\u00f6krid\u00e5 f\u00f6r att i kombination av blygsel och sj\u00e4lvutpl\u00e5ning icke framh\u00e4va de egna konstn\u00e4rliga ambitionerna. Icke desto mindre lyser Nordhs konstn\u00e4rliga anda igenom som en skarphet, en andlig tomhet f\u00f6rvandlad till klarhet som tr\u00e4ffar oss alla med verklighetens kyla. Dave Nordh har skapat ett konstverk som b\u00f6r pryda vart svenskt \u00f6verg\u00e5ngsst\u00e4lle utan att rimligtvis kunna kr\u00e4nka n\u00e5gon.&#8221;<\/strong><\/em><\/p>\n<p><strong>Stort grattis, Dave!<\/strong> Du har, som dina medt\u00e4vlare vunnit en signerad bok (fast aningen finare \u00e4n de andras).<\/p>\n<p><strong>De fantastiska bidragen ovan<\/strong> har sporrat mig att utlysa fler t\u00e4vlingar. Jag ber att f\u00e5 \u00e5terkomma! :o)<\/p>\n<p>&nbsp;<\/p>\n<p>&nbsp;<\/p>\n<p>&nbsp;<\/p>\n<p>&nbsp;<\/p>\n<div id=\"wp_fb_like_button\" style=\"margin:5px 0;float:none;height:100px;\"><script src=\"http:\/\/connect.facebook.net\/en_US\/all.js#xfbml=1\"><\/script><fb:like href=\"https:\/\/www.ohrlund.se\/blogg\/and-the-winner-is\/\" send=\"true\" layout=\"standard\" width=\"450\" show_faces=\"true\" font=\"arial\" action=\"like\" colorscheme=\"light\"><\/fb:like><\/div>","protected":false},"excerpt":{"rendered":"<p>V\u00e4nner, I mitt f\u00f6reg\u00e5ende blogginl\u00e4gg ber\u00e4ttade jag att min hemkommun f\u00f6rs\u00f6ker r\u00e4tta till j\u00e4mst\u00e4lldhetsproblem genom att s\u00e4tta upp nya, j\u00e4mlika skyltar vid \u00f6verg\u00e5ngsst\u00e4llena: https:\/\/www.ohrlund.se\/blogg\/borde-ju-halla-kaften-10-men-overgaende-jamstalldhetsproblem-eller-ren-idioti\/ D\u00e4refter utlyste jag en teckningst\u00e4vling d\u00e4r jag efterlyste den perfekta skylten f\u00f6r \u00f6verg\u00e5ngsst\u00e4llen &#8211; den som &hellip; <a href=\"https:\/\/www.ohrlund.se\/blogg\/and-the-winner-is\/\">Forts\u00e4tt l\u00e4sa <span class=\"meta-nav\">&rarr;<\/span><\/a><\/p>\n","protected":false},"author":2,"featured_media":0,"comment_status":"closed","ping_status":"open","sticky":false,"template":"","format":"standard","meta":{"_jetpack_memberships_contains_paid_content":false,"footnotes":""},"categories":[1],"tags":[],"class_list":["post-3877","post","type-post","status-publish","format-standard","hentry","category-okategoriserade"],"jetpack_featured_media_url":"","jetpack_sharing_enabled":true,"post_mailing_queue_ids":[],"_links":{"self":[{"href":"https:\/\/www.ohrlund.se\/blogg\/wp-json\/wp\/v2\/posts\/3877","targetHints":{"allow":["GET"]}}],"collection":[{"href":"https:\/\/www.ohrlund.se\/blogg\/wp-json\/wp\/v2\/posts"}],"about":[{"href":"https:\/\/www.ohrlund.se\/blogg\/wp-json\/wp\/v2\/types\/post"}],"author":[{"embeddable":true,"href":"https:\/\/www.ohrlund.se\/blogg\/wp-json\/wp\/v2\/users\/2"}],"replies":[{"embeddable":true,"href":"https:\/\/www.ohrlund.se\/blogg\/wp-json\/wp\/v2\/comments?post=3877"}],"version-history":[{"count":1,"href":"https:\/\/www.ohrlund.se\/blogg\/wp-json\/wp\/v2\/posts\/3877\/revisions"}],"predecessor-version":[{"id":3883,"href":"https:\/\/www.ohrlund.se\/blogg\/wp-json\/wp\/v2\/posts\/3877\/revisions\/3883"}],"wp:attachment":[{"href":"https:\/\/www.ohrlund.se\/blogg\/wp-json\/wp\/v2\/media?parent=3877"}],"wp:term":[{"taxonomy":"category","embeddable":true,"href":"https:\/\/www.ohrlund.se\/blogg\/wp-json\/wp\/v2\/categories?post=3877"},{"taxonomy":"post_tag","embeddable":true,"href":"https:\/\/www.ohrlund.se\/blogg\/wp-json\/wp\/v2\/tags?post=3877"}],"curies":[{"name":"wp","href":"https:\/\/api.w.org\/{rel}","templated":true}]}}