{"id":3886,"date":"2018-11-15T18:24:43","date_gmt":"2018-11-15T16:24:43","guid":{"rendered":"https:\/\/www.ohrlund.se\/blogg\/?p=3886"},"modified":"2018-11-15T18:24:43","modified_gmt":"2018-11-15T16:24:43","slug":"borde-ju-halla-kaften-11-men-varmt-valkommen-till-sverige-terrorister","status":"publish","type":"post","link":"https:\/\/www.ohrlund.se\/blogg\/borde-ju-halla-kaften-11-men-varmt-valkommen-till-sverige-terrorister\/","title":{"rendered":"Borde ju h\u00e5lla k\u00e4ften (11), men: Varmt v\u00e4lkommen till Sverige, terrorister!"},"content":{"rendered":"<p><strong>Prioriteringar.<\/strong><\/p>\n<p><strong>&#8221;Vi tar ansvar.&#8221; &#8221;Jag tar ansvar.&#8221; &#8221;Sakliga, ansvarsfulla diskussioner \u00f6ver blockgr\u00e4nsen.&#8221;<\/strong><\/p>\n<p><strong>Har du h\u00f6rt det f\u00f6rr?<\/strong><\/p>\n<p><strong>I skrivande stund<\/strong> sitter v\u00e5ra h\u00f6gt avl\u00f6nade politiker vid kaffeborden och pratar, tv\u00e5 m\u00e5nader efter valet. Och prioriteringen \u00e4r klar &#8211; diskussionerna handlar inte om LSS-barnen, om cancerv\u00e5rden, om milj\u00f6f\u00f6rst\u00f6ringen, om de heml\u00f6sa p\u00e5 gatan, om fattigpension\u00e4rer utan mat, om stressen i sjukv\u00e5rden, om att busschauff\u00f6rer och poliser hotas till livet, om v\u00e5ldt\u00e4kter, misshandel, \u00f6verfall, r\u00e5n och d\u00f6dsskjutningar.<\/p>\n<p><strong>De handlar om makt.<\/strong> Och i huvudsak om hur partier som f\u00e5tt mindre \u00e4n nio procent av v\u00e4ljarnas r\u00f6ster ska stoppa landets tredje (eller n\u00e4st, beroende p\u00e5 unders\u00f6kning) st\u00f6rsta parti fr\u00e5n att f\u00e5 n\u00e5got inflytande.<\/p>\n<p><strong>Jag borde<\/strong> inte vara f\u00f6rv\u00e5nad, men \u00e4r det \u00e4nd\u00e5. Det \u00e4r ju folket som genom r\u00f6stning har velat ha det s\u00e5. Men varf\u00f6r?<\/p>\n<p><strong>Mer bekl\u00e4md \u00e4n f\u00f6rv\u00e5nad<\/strong> blir jag n\u00e4r jag l\u00e4ser om den nya terroristrapporten fr\u00e5n S\u00c4PO och Polisen.<\/p>\n<p><em>L\u00e4s mer om rapporten h\u00e4r:<\/em><\/p>\n<p><a href=\"https:\/\/www.svt.se\/nyheter\/inrikes\/785-islamistiska-extremister-i-sverige?cmpid=del%3Afb%3A20181114%3A785-islamistiska-extremister-i&amp;fbclid=IwAR3tSEZ0His1oUb0W4LOoI8nMeRXZoT1pP-wWSpau54oTVOH39K04zjgWXY\">https:\/\/www.svt.se\/nyheter\/inrikes\/785-islamistiska-extremister-i-sverige?cmpid=del%3Afb%3A20181114%3A785-islamistiska-extremister-i&amp;fbclid=IwAR3tSEZ0His1oUb0W4LOoI8nMeRXZoT1pP-wWSpau54oTVOH39K04zjgWXY<\/a><\/p>\n<p><strong>I korthet talar den om att antalet islamistiska extremister i Sverige p\u00e5 f\u00e5 \u00e5r har v\u00e4xt fr\u00e5n n\u00e5gra hundra till flera tusen. S\u00c4PO har tidigare uppskattat antalet till minst 2 000 och nu uppges 785 av dessa vara &#8221;centrala individer&#8221;. Vad det inneb\u00e4r kan vi ju fundera \u00f6ver en stund.<\/strong><\/p>\n<p><strong>Jag har fr\u00e5gat flera poliser<\/strong> om vilka resurser det skulle beh\u00f6vas f\u00f6r att dygnet runt-bevaka dessa och hindra dem fr\u00e5n att utf\u00f6ra terrorattentat. Svaren har varit lika &#8211; med h\u00e4nsyn till skiftg\u00e5ng, sjukdom, semestrar, utbildning och annat skulle det kr\u00e4vas tio poliser per extremist. Totalt \u00f6ver 20 000, allts\u00e5 (vad det skulle kosta t\u00f6rs jag inte r\u00e4kna p\u00e5). Poliser som inte ens finns i tider d\u00e4r myndigheten inte klarar av att h\u00e5lla reda p\u00e5 de tomtar som roar sig med att skjuta ihj\u00e4l varandra &#8211; och andra &#8211; var och varannan dag.<\/p>\n<p><strong>Vi st\u00e5r allts\u00e5 med byxorna nere.<\/strong><\/p>\n<p><strong>Men grundfr\u00e5gan<\/strong> \u00e4r inte hur vi ska klara att bevaka extremister.<\/p>\n<p><strong>Fr\u00e5gan \u00e4r varf\u00f6r de <em>f\u00e5r<\/em> finnas h\u00e4r.<\/strong><\/p>\n<p><strong>Enligt rapporten<\/strong> \u00e4r 71,7 procent av extremisterna f\u00f6dda utomlands. 26,4 \u00e4r f\u00f6dda i Sverige och har en eller tv\u00e5 f\u00f6r\u00e4ldrar som \u00e4r f\u00f6dda utomlands. Endast 1,9 procent \u00e4r f\u00f6dda i Sverige och har tv\u00e5 f\u00f6r\u00e4ldrar som ocks\u00e5 \u00e4r det.<\/p>\n<p><strong>Enkel matematik<\/strong> s\u00e4ger allts\u00e5 att 562 av extremisterna kunde ha stoppats fr\u00e5n att \u00f6verhuvudtaget komma in i Sverige om underr\u00e4ttelsetj\u00e4nst, S\u00c4PO, polis och migrationsverk hade fungerat optimalt, haft ett bra samarbete och framf\u00f6rallt &#8211; mandat fr\u00e5n v\u00e5ra nerv\u00f6sa politiker som biter naglarna av sig f\u00f6r att inte kr\u00e4nka n\u00e5gon eller f\u00e5 rasistst\u00e4mpel p\u00e5 sig. Om vi dessutom hade haft effektiva lagar som f\u00f6rbjuder all form av kopplingar till terrorism, hade dessa 562 ocks\u00e5 kunnat utvisas permanent.<\/p>\n<p><strong>Kuriosa:<\/strong> 13,5 procent av extremisterna \u00e4r kvinnor. Och av alla <em><strong>konfliktresen\u00e4rer<\/strong><\/em> (svenskt, fint ord, avser dem som &#8211; ofta p\u00e5 v\u00e5r bekostnad &#8211; flytt hit men reser till Syrien och Irak d\u00e5 och d\u00e5 f\u00f6r att kriga innan de kommer tillbaka till kaffe och kanelbullar) var 25 procent kvinnor.<\/p>\n<p><strong>Min fr\u00e5ga \u00e4r:<\/strong><\/p>\n<p><strong>Varf\u00f6r vill <em>n\u00e5gon<\/em> svensk ha det s\u00e5 h\u00e4r?<\/strong> Medan sk\u00f6tsamma, duktiga invandrare &#8211; som jobbat h\u00e5rt, startat f\u00f6retag, gett andra m\u00e4nniskor jobb och byggt ett nytt liv h\u00e4r &#8211; utvisas p\u00e5 grund av idiotsk\u00e4l som att de tagit ut f\u00f6r lite l\u00f6n eller semester, kan extremisterna lugnt forts\u00e4tta h\u00e4mta bidrag f\u00f6r att bygga upp sina celler och planera nya d\u00e5d mot landet som f\u00f6der dem.<\/p>\n<p><strong>Logik?<\/strong> \u00d6vers\u00e4tt det h\u00e4r till att du varje dag ger pengar till n\u00e5gon som hotar dig och din familj, l\u00e4gger bomber utanf\u00f6r d\u00f6rren eller skjuter p\u00e5 er. Troligt?<\/p>\n<p><strong>Resultatet av den svenska flatheten<\/strong> blir som det blir. Exakt hur m\u00e5nga terrorangrepp S\u00c4PO har lyckats f\u00f6rhindra f\u00e5r vi dessv\u00e4rre inte veta. Men det vi vet r\u00e4cker bra.<\/p>\n<p><strong>Taimour Abdulwahabs<\/strong> familj flydde fr\u00e5n Bagdad och hamnade i Tran\u00e5s. Efter en resa till England blev Taimour &#8221;radikaliserad&#8221;. Han ans\u00e5g att regeringar i v\u00e4st inte hade n\u00e5gon r\u00e4tt att vara i Irak och Afghanistan och hans l\u00f6sning p\u00e5 problemet var att bli Sveriges f\u00f6rste sj\u00e4lvmordsbombare.<\/p>\n<p><strong>Den 11 december 2010<\/strong> skrev han i ett meddelande till S\u00c4PO att han \u00e5kte till Stockholm f\u00f6r &#8221;Jihad&#8221;. Sedan k\u00f6rde han till huvudstaden och t\u00e4nde eld p\u00e5 sin Audi, i vilken han lagt fyra bensindunkar och gasoltuber. Bilen exploderade och b\u00f6rjade brinna. D\u00e4refter promenerade han med en bomb p\u00e5 kroppen bland julhandlande m\u00e4nniskor l\u00e4ngs Drottninggatan och sv\u00e4ngde &#8211; tack och lov &#8211; in p\u00e5 den tomma Bryggargatan.<\/p>\n<p><strong>Det gick inte riktigt som Taimour t\u00e4nkt sig.<\/strong> Efter 260 meters promenad exploderade han.<\/p>\n<p><strong>Men ingen annan.<\/strong><\/p>\n<p><strong>Tack vare hans f\u00f6rvirring,<\/strong> f\u00f6rm\u00e5ga, klantighet eller vad du nu vill kalla det, kom ingen oskyldig m\u00e4nniska till skada. Den g\u00e5ngen.<\/p>\n<p><strong>Se filmen h\u00e4r:<\/strong><\/p>\n<p><a href=\"https:\/\/www.aftonbladet.se\/nyheter\/krim\/a\/MgayjR\/sa-blev-han-sjalvmordsbombare\">https:\/\/www.aftonbladet.se\/nyheter\/krim\/a\/MgayjR\/sa-blev-han-sjalvmordsbombare<\/a><\/p>\n<p><strong>Betydligt v\u00e4rre<\/strong> gick det fredagen den 7 april 2017 n\u00e4r Rakhmat Akilov inledde det han senare kallade en &#8221;martyroperation&#8221;.<\/p>\n<p><strong>Under sina tre \u00e5r i Sverige<\/strong> var Akilov en flitig mosk\u00e9bes\u00f6kare och f\u00f6rs\u00f6kte under sina f\u00f6rs\u00f6k dels rekrytera m\u00e4nniskor till IS, dels be om hj\u00e4lp med ett terrorattentat.\u00a0<strong>&#8221;Jag tillh\u00f6r inte mig sj\u00e4lv, jag tillh\u00f6r Islamiska Staten&#8221;,<\/strong> sa han.<\/p>\n<p><strong>Redan i december 2016 fick Akilov definitivt avslag p\u00e5 sin asylans\u00f6kan<\/strong> och besked om att han skulle utvisas. Men i Migrationsverkets papper stod det att mannen i sj\u00e4lva verket hette\u00a0<em>Rahmatjon Kurbonov<\/em> och var en k\u00e4nd uzbekisk artist, eftersom Akilov hade uppgett detta i sin ans\u00f6kan. N\u00e4r Akilov hade f\u00e5tt beskedet avvek han och i februari 2017 \u00f6verl\u00e4mnade Migrationsverket \u00e4rendet till polisen. Gr\u00e4nspolisenheten p\u00e5 NOA registrerade \u00e4rendet och efterlyste mannen men inga &#8221;s\u00e4rskilda insatser&#8221; gjordes f\u00f6r att hitta honom.<\/p>\n<p><strong>Under tiden fram till attacken<\/strong> p\u00e5 Drottninggatan kunde terroristen allts\u00e5 leva helt \u00f6ppet i Sverige (b\u00e5de hans arbetsgivare och hans juridiska ombud visste var han fanns och vad han hade f\u00f6r telefonnummer!) och bland annat \u00e4gna sig \u00e5t att jobba svart i det sommarhus som tillh\u00f6rde komikern (?) \u00d6zz N\u00fcjens familj.<\/p>\n<p>Missa inte Janne Josefssons intervju med \u00d6zz N\u00fcjen om detta:<\/p>\n<p><a href=\"https:\/\/www.youtube.com\/watch?v=35JPPljP6Pc\">https:\/\/www.youtube.com\/watch?v=35JPPljP6Pc<\/a><\/p>\n<p><strong>Vansinnesf\u00e4rden<\/strong> l\u00e4ngs Drottninggatan klockan 14.53 &#8211; d\u00e5 Akilov noggrant siktade p\u00e5 oskyldiga g\u00e5ende med den stulna lastbilen &#8211; ledde till att\u00a0 fem personer, bland andra elva\u00e5riga Ebba Stefansdotter \u00c5kerlund, dog. Tio personer skadades fysiskt och jag t\u00f6rs inte t\u00e4nka p\u00e5 hur m\u00e5nga som fick psykiska men.<\/p>\n<p><strong>Efter en omfattande utredning<\/strong> &#8211; f\u00f6runders\u00f6kningen omfattade 9 000 sidor &#8211; \u00e5talades Akilov f\u00f6r fem fall av mord, allm\u00e4nfarlig \u00f6del\u00e4ggelse, terroristbrott genom f\u00f6rs\u00f6k till mord i 119 fall samt framkallande av fara f\u00f6r annan i 24 fall. Redan i h\u00e4ktet br\u00e5kade och ryade Akilov f\u00f6r att han inte fick r\u00e4tt sorts kaffe och snus. S\u00e5 kom domen: <strong>Livstids f\u00e4ngelse samt utvisning och f\u00f6rbud att n\u00e5gonsin \u00e5terv\u00e4nda till Sverige. Om vi antar att han sl\u00e4pps och utvisas efter 20 \u00e5r s\u00e5 kommer enbart f\u00e4ngelsevistelsen att ha kostat skattebetalarna \u00f6ver 26 miljoner kronor.<\/strong><\/p>\n<p><strong>S\u00e5 mycket fick inte offren.<\/strong> Fr\u00e5n b\u00f6rjan n\u00e4mndes att de skulle dela p\u00e5 14 miljoner, en skitsumma som s\u00e4nktes till en \u00e4nnu v\u00e4rre kr\u00e4nkning, \u00e4ven om pengar naturligtvis inte kan ers\u00e4tta en m\u00e4nsklig f\u00f6rlust, fysiskt eller psykiskt lidande. Anh\u00f6riga till de som d\u00f6dades yrkade p\u00e5 150\u00a0000 kronor i anh\u00f6rigers\u00e4ttning, vilket s\u00e4nktes till schablonen 60\u00a0000 kronor. Deras yrkanden p\u00e5 kr\u00e4nkningsers\u00e4ttning, vilket vanligtvis g\u00e5r till direkta brottsoffer, avslogs helt. Akilovs tv\u00e5 advokater beg\u00e4rde ers\u00e4ttning f\u00f6r 900 timmars arbete vardera.<\/p>\n<p><strong>Skadest\u00e5nden kan med intresse j\u00e4mf\u00f6ras<\/strong> med fallet d\u00e4r en muslimsk kvinna i Tingsr\u00e4tten tilld\u00f6mdes 75 000 kronor (vilket Hovr\u00e4tten senare \u00e4ndrade) f\u00f6r att hon v\u00e4grat skaka hand med en l\u00e4kare som skulle unders\u00f6ka henne:<\/p>\n<p><a href=\"https:\/\/www.aftonbladet.se\/nyheter\/a\/MgmAWR\/kvinna-tog-inte-i-hand--lakare-frias\">https:\/\/www.aftonbladet.se\/nyheter\/a\/MgmAWR\/kvinna-tog-inte-i-hand&#8211;lakare-frias<\/a><\/p>\n<p><strong>eller fallet<\/strong> d\u00e4r en annan kr\u00e4nkt kvinna fick 40 000 kronor i skadest\u00e5nd f\u00f6r att hon v\u00e4grat skaka hand med en manlig chef vid en arbetsintervju:<\/p>\n<p><a href=\"https:\/\/www.svt.se\/nyheter\/lokalt\/uppsala\/kvinna-vagrade-ta-i-hand-vid-intervju-unik-dom-ger-henne-ratt\">https:\/\/www.svt.se\/nyheter\/lokalt\/uppsala\/kvinna-vagrade-ta-i-hand-vid-intervju-unik-dom-ger-henne-ratt<\/a><\/p>\n<p><strong>R\u00e4ttvisa proportioner?<\/strong><\/p>\n<p><strong>Akilov har naturligtvis inga pengar,<\/strong> ty merparten av det han tj\u00e4nade svart hade han skickat hem till sina anh\u00f6riga i Uzbekistan. Detta innebar att brottsoffren f\u00e5r sina pengar antingen fr\u00e5n f\u00f6rs\u00e4kringsbolag eller Brottsoffermyndigheten. I vilket fall som helst f\u00e5r f\u00f6rs\u00e4kringstagare och skattebetalare betala notan.<\/p>\n<p><strong>Ukrainska Iryna<\/strong> som fick sv\u00e5ra skador n\u00e4r hon blev p\u00e5k\u00f6rd av Akilov och tvingades amputera sitt h\u00f6gra ben, fick i augusti i \u00e5r besked om utvisning trots att statsminister L\u00f6fven sagt att allt skulle bli s\u00e5 bra. Han f\u00f6rsvarade sig med att han inte kunde p\u00e5verka lagar eller g\u00e5 in i enskilda \u00e4renden.<\/p>\n<p><strong>F\u00f6r elva\u00e5riga Ebbas f\u00f6r\u00e4ldrar<\/strong> blir livet aldrig sig likt. B\u00e5da \u00e4r som paralyserade efter att deras enda dotter m\u00f6rdats p\u00e5 \u00f6ppen gata av en terrorist som Sverige inte f\u00f6rm\u00e5tt vare sig stoppa, gripa eller utvisa innan allt var f\u00f6rsent.<\/p>\n<p>L\u00e4s pappa Stefans viktiga debattartikel h\u00e4r:<\/p>\n<p><a href=\"https:\/\/www.expressen.se\/debatt\/de-bar-ansvaret-for-att-min-dotter-ebba-ar-dod\/\">https:\/\/www.expressen.se\/debatt\/de-bar-ansvaret-for-att-min-dotter-ebba-ar-dod\/<\/a><\/p>\n<p><strong>&#8221;Efter\u00e5t fick jag ett brev fr\u00e5n L\u00f6fven<\/strong>, men jag vet ju inte ens om det \u00e4r han som har skrivit det&#8221;, s\u00e4ger Ebbas pappa Stefan n\u00e4r vi talas vid. &#8221;Skadest\u00e5ndet p\u00e5 60 000 kronor \u00f6verklagade jag eftersom det k\u00e4ndes som en kr\u00e4nkning, det hade varit b\u00e4ttre om de inte hade gett mig n\u00e5got skadest\u00e5nd alls. \u00c4rendet har inte kommit upp i Hovr\u00e4tten \u00e4n och vem vet, det kanske slutar med att jag f\u00f6rlorar och att det blir jag som f\u00e5r betala.&#8221;<\/p>\n<p><strong>Under v\u00e5rt samtal<\/strong> ber\u00e4ttar Stefan att han tr\u00e4ffat pappan till den 22-\u00e5riga V\u00e4ster\u00e5sflicka som blev m\u00f6rdad under en av terrorattackerna i Paris.<\/p>\n<p><strong>&#8221;Han och flickans mamma<\/strong> har flera g\u00e5nger blivit flugna till Paris och bott p\u00e5 hotell p\u00e5 Frankrikes bekostnad och f\u00e5tt tr\u00e4ffa tv\u00e5 presidenter som djupt beklagat det som skett. Ur en terrorfond har tjejens anh\u00f6riga f\u00e5tt dela p\u00e5 drygt fem miljoner kronor.&#8221;<\/p>\n<p><strong>Kommentarer<\/strong> om hur Sverige behandlar offrens anh\u00f6riga \u00e4r \u00f6verfl\u00f6diga, men jag sk\u00e4ms igen.<\/p>\n<p><strong>\u00c4n i dag b\u00e4r Stefan p\u00e5 ett hat,<\/strong> inte bara mot Akilov utan ocks\u00e5 mot det etablissemang som indirekt l\u00e4t terrord\u00e5det ske genom att inte stoppa galningen i tid, trots all den information som fanns.<\/p>\n<p><strong>&#8221;H\u00e4ndelsen p\u00e5 Drottninggatan skulle helt enkelt aldrig ha skett&#8221;<\/strong>, s\u00e4ger han.<\/p>\n<p><strong>Som om detta inte vore nog<\/strong> p\u00e5minns Ebbas f\u00f6r\u00e4ldrar st\u00e4ndigt p\u00e5 ett annat, vidrigt s\u00e4tt. En psykiskt sjuk, polsk man har sk\u00e4ndat flickans grav vid \u00f6ver 30 tillf\u00e4llen, och trots att Stefan sj\u00e4lv gripit mannen p\u00e5 bar g\u00e4rning och \u00f6verl\u00e4mnat honom till polisen, sker ingenting.<\/p>\n<p><strong>&#8221;N\u00e4r jag tog honom<\/strong> sl\u00e4ppte polisen honom efter en timme. Redan 2014 d\u00f6mdes han till utvisning men hans advokat \u00f6verklagade och han fick stanna kvar. Ett halv\u00e5r senare \u00e5kte han fast och d\u00f6mdes igen, men d\u00e5 sa Tingsr\u00e4tten inte ett ljud om utvisning. Hade det inte varit rimligt att st\u00e4lla krav p\u00e5 honom om han nu skulle f\u00e5 stanna i Sverige? Han har ocks\u00e5 sk\u00e4ndat en annan flickas grav massor av g\u00e5nger och han grips med j\u00e4mna mellanrum p\u00e5 stan f\u00f6r f\u00f6rargelsev\u00e4ckande beteende. Men inget h\u00e4nder och mina sju, \u00e5tta anm\u00e4lningar mot honom har inte lett till n\u00e5got \u00e5tal.&#8221;<\/p>\n<p><strong>Detsamma<\/strong> g\u00e4ller de anm\u00e4lningar Ebbas mamma har gjort mot mannen.<\/p>\n<p><strong>Som s\u00e5 m\u00e5nga g\u00e5nger f\u00f6rr<\/strong> kan jag konstatera att jag \u00e4r djupt bekymrad \u00f6ver utvecklingen.<\/p>\n<p><strong>Jag har muslimska v\u00e4nner som delar mina k\u00e4nslor och naturligtvis ska muslimer i allm\u00e4nhet inte blandas ihop med islamistiska extremister.<\/strong><\/p>\n<p><strong>Men de senare<\/strong> ska i sin tur behandlas efter vilka de \u00e4r och vad de vill. De har inte kommit hit f\u00f6r att skapa ett nytt och b\u00e4ttre liv.<\/p>\n<p><strong>Utan f\u00f6r att d\u00f6da. Och mot de ambitionerna<\/strong>\u00a0<strong>hj\u00e4lper varken kaffe, kanelbullar eller armband.<\/strong><\/p>\n<p><strong>I de byggnader d\u00e4r beslut fattas<\/strong> sitter v\u00e5ra politiker och r\u00f6star f\u00f6r feministisk sn\u00f6r\u00f6jning, att cyklister ska f\u00e5 cykla mot r\u00f6tt, att f\u00f6rlossningsavdelningar ska l\u00e4ggas ner, att sjuka barn ska f\u00e5 sin assistans indragen och att vi samtidigt ska satsa drygt 43 miljoner p\u00e5 forskning om det romska spr\u00e5kets utveckling i v\u00e4rlden. Detta samtidigt som sjukv\u00e5rd och polis g\u00e5r p\u00e5 kn\u00e4na och skolresultaten rasar.<\/p>\n<p><a href=\"https:\/\/www.svt.se\/nyheter\/uutiset\/svenska\/43-8-miljoner-kronor-till-romsk-forskning\">https:\/\/www.svt.se\/nyheter\/uutiset\/svenska\/43-8-miljoner-kronor-till-romsk-forskning<\/a><\/p>\n<p><strong>Men framf\u00f6rallt<\/strong> &#8211; samtidigt som n\u00e5gra tusen islamistiska terrorister fnattar runt\u00a0(m\u00e5nga av dem p\u00e5 din bekostnad) och funderar p\u00e5 var n\u00e4sta bomb ska spr\u00e4ngas eller n\u00e4sta lastbil ska vansinnesk\u00f6ras f\u00f6r att s\u00e5 m\u00e5nga svenskar som m\u00f6jligt ska d\u00f6.<\/p>\n<p><em><strong>Hur i helvete<\/strong><\/em> till\u00e5ts det ske?<\/p>\n<p><strong>Oj, f\u00f6rl\u00e5t!<\/strong> Jag gl\u00f6mde ju att vi \u00e4r en <em>humanistisk stormakt<\/em>, som herr Statsministern uttryckte det.<\/p>\n<p><strong>Det \u00e4r ju viktigt att resten av v\u00e4rlden ser och respekterar det, eller hur?<\/strong><\/p>\n<p>&nbsp;<\/p>\n<div id=\"wp_fb_like_button\" style=\"margin:5px 0;float:none;height:100px;\"><script src=\"http:\/\/connect.facebook.net\/en_US\/all.js#xfbml=1\"><\/script><fb:like href=\"https:\/\/www.ohrlund.se\/blogg\/borde-ju-halla-kaften-11-men-varmt-valkommen-till-sverige-terrorister\/\" send=\"true\" layout=\"standard\" width=\"450\" show_faces=\"true\" font=\"arial\" action=\"like\" colorscheme=\"light\"><\/fb:like><\/div>","protected":false},"excerpt":{"rendered":"<p>Prioriteringar. &#8221;Vi tar ansvar.&#8221; &#8221;Jag tar ansvar.&#8221; &#8221;Sakliga, ansvarsfulla diskussioner \u00f6ver blockgr\u00e4nsen.&#8221; Har du h\u00f6rt det f\u00f6rr? I skrivande stund sitter v\u00e5ra h\u00f6gt avl\u00f6nade politiker vid kaffeborden och pratar, tv\u00e5 m\u00e5nader efter valet. Och prioriteringen \u00e4r klar &#8211; diskussionerna handlar &hellip; <a href=\"https:\/\/www.ohrlund.se\/blogg\/borde-ju-halla-kaften-11-men-varmt-valkommen-till-sverige-terrorister\/\">Forts\u00e4tt l\u00e4sa <span class=\"meta-nav\">&rarr;<\/span><\/a><\/p>\n","protected":false},"author":2,"featured_media":0,"comment_status":"closed","ping_status":"open","sticky":false,"template":"","format":"standard","meta":{"_jetpack_memberships_contains_paid_content":false,"footnotes":""},"categories":[1],"tags":[],"class_list":["post-3886","post","type-post","status-publish","format-standard","hentry","category-okategoriserade"],"jetpack_featured_media_url":"","jetpack_sharing_enabled":true,"post_mailing_queue_ids":[],"_links":{"self":[{"href":"https:\/\/www.ohrlund.se\/blogg\/wp-json\/wp\/v2\/posts\/3886","targetHints":{"allow":["GET"]}}],"collection":[{"href":"https:\/\/www.ohrlund.se\/blogg\/wp-json\/wp\/v2\/posts"}],"about":[{"href":"https:\/\/www.ohrlund.se\/blogg\/wp-json\/wp\/v2\/types\/post"}],"author":[{"embeddable":true,"href":"https:\/\/www.ohrlund.se\/blogg\/wp-json\/wp\/v2\/users\/2"}],"replies":[{"embeddable":true,"href":"https:\/\/www.ohrlund.se\/blogg\/wp-json\/wp\/v2\/comments?post=3886"}],"version-history":[{"count":1,"href":"https:\/\/www.ohrlund.se\/blogg\/wp-json\/wp\/v2\/posts\/3886\/revisions"}],"predecessor-version":[{"id":3887,"href":"https:\/\/www.ohrlund.se\/blogg\/wp-json\/wp\/v2\/posts\/3886\/revisions\/3887"}],"wp:attachment":[{"href":"https:\/\/www.ohrlund.se\/blogg\/wp-json\/wp\/v2\/media?parent=3886"}],"wp:term":[{"taxonomy":"category","embeddable":true,"href":"https:\/\/www.ohrlund.se\/blogg\/wp-json\/wp\/v2\/categories?post=3886"},{"taxonomy":"post_tag","embeddable":true,"href":"https:\/\/www.ohrlund.se\/blogg\/wp-json\/wp\/v2\/tags?post=3886"}],"curies":[{"name":"wp","href":"https:\/\/api.w.org\/{rel}","templated":true}]}}