{"id":3910,"date":"2019-06-25T06:37:22","date_gmt":"2019-06-25T04:37:22","guid":{"rendered":"https:\/\/www.ohrlund.se\/blogg\/?p=3910"},"modified":"2019-06-25T06:37:22","modified_gmt":"2019-06-25T04:37:22","slug":"lat-mig-prata-lite-om-mamma","status":"publish","type":"post","link":"https:\/\/www.ohrlund.se\/blogg\/lat-mig-prata-lite-om-mamma\/","title":{"rendered":"L\u00e5t mig prata lite om mamma."},"content":{"rendered":"<p><strong>Jag st\u00e5r d\u00e4r<\/strong> i l\u00e4genheten i Solna och inser att jag aldrig mer kommer hit.<\/p>\n<p><strong>L\u00e4genheten som var mitt hem<\/strong> i 18 \u00e5r och min mammas i mer \u00e4n 60 \u00e5r.<\/p>\n<p><strong>Nu \u00e4r det r\u00f6rigt.<\/strong> Sops\u00e4ckar \u00f6verallt, m\u00f6bler och saker i en r\u00f6ra. En m\u00e4nniskas hela liv m\u00e5ste sorteras, kastas, fraktas bort snabbt. L\u00e4genheten m\u00e5ste t\u00f6mmas, s\u00e4ljas. Processen blir full av synnerligen sm\u00e4rtsamma insikter.<\/p>\n<p><strong>Ingenting \u00e4r l\u00e4ngre v\u00e4rt n\u00e5got.<\/strong><\/p>\n<p><strong>De antika m\u00f6blerna<\/strong> som mamma hoppades kunna s\u00e4lja f\u00f6r att f\u00e5 in lite pengar p\u00e5 slutet. Kristallkronorna. Den d\u00e4r fina R\u00f6rstrandsservisen. Kristallglasen. Kopparkittlarna, de gamla.<\/p>\n<p><strong>Auktionshusen vill inte komma och titta.<\/strong> De kartonger med det finaste som vi k\u00f6r dit, ber de oss ta med hem igen.<\/p>\n<p><strong>Ingenting, ett livs samlingar, \u00e4r l\u00e4ngre v\u00e4rt n\u00e5got.<\/strong><\/p>\n<p><strong>Jag st\u00e5r d\u00e4r nu<\/strong> och tittar p\u00e5 sakerna och dammet p\u00e5 golvet och p\u00e4rmen fr\u00e5n hemtj\u00e4nsten och sjukhuss\u00e4ngen och rullstolarna och &#8230; r\u00e4ddar den fula porslinshunden som en av mina d\u00f6ttrar alltid velat ha. Och pappas flygvapenm\u00e4rken. Och en liten v\u00e4rdel\u00f6s sak som alltid betytt n\u00e5got f\u00f6r mig. Och &#8230;<\/p>\n<p><strong>Sedan st\u00e4nger jag<\/strong> d\u00f6rren till rummet d\u00e4r jag skrev och \u00e4lskade med n\u00e5gra som \u00e4lskade mig.<\/p>\n<p><strong>Och g\u00e5r f\u00f6r alltid.<\/strong><\/p>\n<p><b>L\u00e5t mig prata lite om mamma:<\/b><\/p>\n<p><a href=\"https:\/\/www.ohrlund.se\/blogg\/wp-content\/uploads\/2019\/06\/Mamma-03.jpg\"><img loading=\"lazy\" decoding=\"async\" class=\"alignnone size-full wp-image-3911\" src=\"https:\/\/www.ohrlund.se\/blogg\/wp-content\/uploads\/2019\/06\/Mamma-03.jpg\" alt=\"\" width=\"134\" height=\"197\" \/><\/a><\/p>\n<p><strong>Anna Barbro Irmelin \u00d6stling<\/strong> f\u00f6ddes den 17 juli 1921 i Ronneby, son till Edward \u00d6stling som var godsf\u00f6rest\u00e5ndare vid j\u00e4rnv\u00e4gen, och Alma som var fullt upptagen med att ta hand om s\u00e5v\u00e4l Barbro som de fem syskonen. Det h\u00e4r var p\u00e5 den tiden n\u00e4r Barbro, d\u00e5 hon n\u00e5dde upp till telefonen, kom till en telefonist och kunde s\u00e4ga \u201dF\u00e5r jag prata med pappa\u201d och snabbt blev framkopplad till j\u00e4rnv\u00e4gsstationens godsavdelning.<\/p>\n<p><strong>Alma blev tidigt \u00e4nka<\/strong> och ensam med de sex barnen i ett stort hus. Barnen fick i sin tur kavla upp \u00e4rmarna och arbeta f\u00f6r att skapa egna liv. Under 33 \u00e5r skaffade Barbro sig en mycket gedigen utbildning samtidigt som hon arbetade, bland annat i Praktisk Aff\u00e4rspsykologi, N\u00e4ringsidkarens Vardagsjuridik, Teknisk Engelska, Finansiell Franska, Spanska och Ryska. Hon utbildade sig till reseledare, genomgick stabskursen f\u00f6r officerare vid Kungliga Flygkrigsh\u00f6gskolan och senare en bef\u00e4lsutbildning i den svenska flygledningen.<\/p>\n<p><strong>Karri\u00e4ren inleddes vid 15 \u00e5rs \u00e5lder<\/strong> som journalistvolont\u00e4r vid Blekinge Dagblad. Tre \u00e5r senare hade Barbro flyttat till Malm\u00f6 och blev anst\u00e4lld som maskinskriverska p\u00e5 Mazetti chokladfabrik och d\u00e4refter vid Svenska Sockerfabriksaktiebolaget. Hon flyttade s\u00e5 sm\u00e5ningom till Stockholm och blev bland annat privatsekreterare hos riksdagsmannen \u00c5ke Wiberg.<\/p>\n<p><strong>Under andra v\u00e4rldskriget<\/strong> samt de efterf\u00f6ljande \u00e5ren hade Barbro en rad sp\u00e4nnande anst\u00e4llningar som korrespondent, privatsekreterare och \u00f6vers\u00e4ttare. Hon tillbringade ocks\u00e5 tid i Tyskland, Schweiz och Frankrike f\u00f6r spr\u00e5kstudier.<\/p>\n<p><strong>Ett intyg,<\/strong> undertecknat \u201dmed utm\u00e4rkt h\u00f6gaktning\u201d av assistenten K Palmquist vid Psykotekniska Institutet vid Stockholms H\u00f6gskola, lyder:<\/p>\n<p><em>\u201dBer h\u00e4rmed f\u00e5 meddela att den av Eder s\u00f6kta tj\u00e4nsten \u00e5 Psykotekniska Institutet numera \u00e4r tillsatt. Vi tacka f\u00f6r det intresse Ni visade genom att deltaga i testningen, till vilken ni g\u00e4rna f\u00e5r h\u00e4nvisa om Ni s\u00f6ker annan befattning. Eder placering i testningen var gynnsam.\u201d<\/em><\/p>\n<p><strong>Den 15 augusti 1953<\/strong> utn\u00e4mnde chefen f\u00f6r Flygvapnet, generalen Nordenski\u00f6ld, Barbro till Lotta av kaptens tj\u00e4nsteklass. Hennes anst\u00e4llning som personalassistent vid Flygstaben i Stockholm kom att vara i n\u00e4stan sju \u00e5r. Bland annat var hon chef f\u00f6r alla flyglottor i Sverige, vilket innebar att utforma utbildningar och g\u00f6ra inspektionsresor \u00f6ver hela landet.<\/p>\n<p><a href=\"https:\/\/www.ohrlund.se\/blogg\/wp-content\/uploads\/2019\/06\/Mamma-01.jpg\"><img loading=\"lazy\" decoding=\"async\" class=\"alignnone size-full wp-image-3913\" src=\"https:\/\/www.ohrlund.se\/blogg\/wp-content\/uploads\/2019\/06\/Mamma-01.jpg\" alt=\"\" width=\"167\" height=\"193\" \/><\/a><\/p>\n<p><strong>Enligt Barbro var jobbet i Flygvapnet det b\u00e4sta hon hade haft<\/strong>, och hon skulle med gl\u00e4dje ha stannat om inte hennes man, flygofficeren Carl-Eric, hade blivit f\u00f6rflyttad fr\u00e5n Stockholm till flygflottiljen F 17 i Kallinge utanf\u00f6r Ronneby. Ironiskt nog var cirkeln sluten och Barbro var tillbaka i den stad hon l\u00e4mnat i tidiga ungdomen.<\/p>\n<p><a href=\"https:\/\/www.ohrlund.se\/blogg\/wp-content\/uploads\/2019\/06\/Pappa-01.jpg\"><img loading=\"lazy\" decoding=\"async\" class=\"alignnone size-full wp-image-3914\" src=\"https:\/\/www.ohrlund.se\/blogg\/wp-content\/uploads\/2019\/06\/Pappa-01.jpg\" alt=\"\" width=\"151\" height=\"181\" \/><\/a><\/p>\n<p><em>Flygofficeren och k\u00e4rleken, Carl-Eric \u00d6hrlund<\/em><\/p>\n<p>&nbsp;<\/p>\n<p><strong>Under \u00e5ren i Kallinge<\/strong> mellan 1959 och 1966 arbetade Barbro extra vid en revisionsbyr\u00e5 i Ronneby, samt som l\u00e4rarvikarie i skolor i Kallinge och Karlskrona.<\/p>\n<p><strong>1963<\/strong> vann Barbro, i en t\u00e4vling i Facits personaltidning, en treveckorsresa i USA med allt inkluderat. Maken Carl-Eric f\u00f6ljde f\u00f6rst\u00e5s med p\u00e5 det stora \u00e4ventyret och resultatet blev en l\u00e5ng serie researtiklar i de blekingska lokaltidningarna<\/p>\n<p><strong>N\u00e4r Carl-Eric f\u00f6rflyttats<\/strong> tillbaka till Stockholm fick Barbro anst\u00e4llning vid SE-Banken som arbetsledare f\u00f6r avdelningen f\u00f6r v\u00e4rdepapper och skatte\u00e4renden. Efter drygt fyra \u00e5r l\u00e4mnade hon banken f\u00f6r att bli revisor p\u00e5 en byr\u00e5 i Stockholm, d\u00e4r hon bland annat sk\u00f6tte skattearbetet \u00e5t k\u00e4nda ansikten som ABBA, Lill-Babs och Svenne Hedlund fr\u00e5n Hep Stars.<\/p>\n<p><strong>N\u00e4r maken Carl-Eric dog<\/strong> 1977 tog Barbro det kanske dj\u00e4rvaste steget i sitt liv genom att s\u00e4ga upp sig och starta en egen revisionsbyr\u00e5, som hon f\u00f6rst drev fr\u00e5n kontor p\u00e5 Drottninggatan i Stockholm (samtidigt som hon arbetade extra \u00e5t Riksg\u00e4ldskontoret), senare fr\u00e5n bostaden i Solna. Barbro fortsatte som revisor i 34 \u00e5r fram till 90 \u00e5rs \u00e5lder d\u00e5 hon gjorde den sista deklarationen \u00e5t en kund.<\/p>\n<p><strong>Barbro var en intelligent, disciplinerad och p\u00e5 alla s\u00e4tt driven kvinna, en d\u00e5tidens feminist<\/strong> som verkade genom att g\u00f6ra karri\u00e4r p\u00e5 egna meriter genom gedigna studier och h\u00e5rt arbete. Hon hade mycket best\u00e4mda \u00e5sikter \u2013 inte minst om att betala r\u00e4kningar p\u00e5 r\u00e4tta datum \u2013 och var inte alltid helt l\u00e4tt att ha att g\u00f6ra med.<\/p>\n<p><strong>Samtidigt<\/strong> var hon mycket omtyckt av sina kunder och efter makens d\u00f6d blev hon en av primadonnorna i Stockholms manliga homosexuella kretsar, d\u00e4r hon tillsammans med den \u00e4ldre operas\u00e5ngerskan \u201dPalten\u201d bj\u00f6ds till alla fester och behandlades som en drottning!<\/p>\n<p><strong>Tillbaka till nuet:<\/strong><\/p>\n<p><strong>Begravningsceremonin<\/strong> skulle vara enkel och s\u00e5 blir det. Efter kremeringen tar jag urnan i min bil &#8211; som jag gjorde med mormor, som jag gjorde med \u00e4lskade pappa &#8211; och k\u00f6r till Blekinge. Mina lika \u00e4lskade d\u00f6ttrar Isabell och Josephine ser till att roadtripen fylls med bra musik.<\/p>\n<p><strong>P\u00e5 fredagen h\u00e4nger regnet i luften<\/strong> men kommer aldrig riktigt. Tio minuter innan vi ska g\u00e5 in i kyrkan, granne med flygflottiljen F 17 d\u00e4r min far, \u00f6verstel\u00f6jtnanten, var stolt flygare och sedermera flygchef, h\u00e4nder n\u00e5got m\u00e4rkligt.<\/p>\n<p><strong>En briljant pilot<\/strong>\u00a0i en 39 JAS Gripen dyker upp och uppf\u00f6r en magnifik flyguppvisning som f\u00e5r det att sl\u00e5 lock f\u00f6r \u00f6ronen. Med full efterbr\u00e4nnkammare rollar han, inverterar, l\u00e5ter maskinen dansa \u00f6ver den regntunga himlen. Runt kyrkan, runt kyrkog\u00e5rden. Varv efter varv.<\/p>\n<p><strong>Som vore det ett tecken,<\/strong> kanske pappas h\u00e4lsning till mamma: <em>\u00c4ntligen, k\u00e4raste, kom till mig igen!<\/em><\/p>\n<p><a href=\"https:\/\/www.ohrlund.se\/blogg\/wp-content\/uploads\/2019\/06\/DSCN0047-e1561436187396.jpg\"><img loading=\"lazy\" decoding=\"async\" class=\"alignnone size-medium wp-image-3915\" src=\"https:\/\/www.ohrlund.se\/blogg\/wp-content\/uploads\/2019\/06\/DSCN0047-e1561436187396-225x300.jpg\" alt=\"\" width=\"225\" height=\"300\" srcset=\"https:\/\/www.ohrlund.se\/blogg\/wp-content\/uploads\/2019\/06\/DSCN0047-e1561436187396-225x300.jpg 225w, https:\/\/www.ohrlund.se\/blogg\/wp-content\/uploads\/2019\/06\/DSCN0047-e1561436187396-768x1024.jpg 768w\" sizes=\"auto, (max-width: 225px) 100vw, 225px\" \/><\/a>\u00a0<a href=\"https:\/\/www.ohrlund.se\/blogg\/wp-content\/uploads\/2019\/06\/DSCN0027-e1561436305561.jpg\"><img loading=\"lazy\" decoding=\"async\" class=\"alignnone size-medium wp-image-3916\" src=\"https:\/\/www.ohrlund.se\/blogg\/wp-content\/uploads\/2019\/06\/DSCN0027-e1561436305561-225x300.jpg\" alt=\"\" width=\"225\" height=\"300\" srcset=\"https:\/\/www.ohrlund.se\/blogg\/wp-content\/uploads\/2019\/06\/DSCN0027-e1561436305561-225x300.jpg 225w, https:\/\/www.ohrlund.se\/blogg\/wp-content\/uploads\/2019\/06\/DSCN0027-e1561436305561-768x1024.jpg 768w\" sizes=\"auto, (max-width: 225px) 100vw, 225px\" \/><\/a> <a href=\"https:\/\/www.ohrlund.se\/blogg\/wp-content\/uploads\/2019\/06\/DSCN0053.jpg\"><img loading=\"lazy\" decoding=\"async\" class=\"alignnone size-medium wp-image-3917\" src=\"https:\/\/www.ohrlund.se\/blogg\/wp-content\/uploads\/2019\/06\/DSCN0053-300x225.jpg\" alt=\"\" width=\"300\" height=\"225\" srcset=\"https:\/\/www.ohrlund.se\/blogg\/wp-content\/uploads\/2019\/06\/DSCN0053-300x225.jpg 300w, https:\/\/www.ohrlund.se\/blogg\/wp-content\/uploads\/2019\/06\/DSCN0053-768x576.jpg 768w, https:\/\/www.ohrlund.se\/blogg\/wp-content\/uploads\/2019\/06\/DSCN0053-1024x768.jpg 1024w, https:\/\/www.ohrlund.se\/blogg\/wp-content\/uploads\/2019\/06\/DSCN0053-400x300.jpg 400w\" sizes=\"auto, (max-width: 300px) 100vw, 300px\" \/><\/a><\/p>\n<p><strong>Kerstin Graff<\/strong> \u00e4r inte bara en synnerligen god v\u00e4n utan ocks\u00e5 pr\u00e4st i en f\u00f6rsamling i Sk\u00e5ne. Jag har fr\u00e5gat om hon vill hj\u00e4lpa oss att f\u00f6ra mamma till den sista vilan och hon har svarat att hon k\u00e4nner sig hedrad.<\/p>\n<p><strong>Vi \u00e4r f\u00e5 d\u00e4r i Bred\u00e5kra kyrka i Kallinge.<\/strong> Och det k\u00e4nns bra. Jag, d\u00f6ttrarna, min kusin som mer \u00e4r min ende bror. Kerstin och hennes man Micke. Kantorn och en assistent. Inga fler.<\/p>\n<p><a href=\"https:\/\/www.ohrlund.se\/blogg\/wp-content\/uploads\/2019\/06\/DSCN0068.jpg\"><img loading=\"lazy\" decoding=\"async\" class=\"alignnone size-medium wp-image-3918\" src=\"https:\/\/www.ohrlund.se\/blogg\/wp-content\/uploads\/2019\/06\/DSCN0068-300x225.jpg\" alt=\"\" width=\"300\" height=\"225\" srcset=\"https:\/\/www.ohrlund.se\/blogg\/wp-content\/uploads\/2019\/06\/DSCN0068-300x225.jpg 300w, https:\/\/www.ohrlund.se\/blogg\/wp-content\/uploads\/2019\/06\/DSCN0068-768x576.jpg 768w, https:\/\/www.ohrlund.se\/blogg\/wp-content\/uploads\/2019\/06\/DSCN0068-1024x768.jpg 1024w, https:\/\/www.ohrlund.se\/blogg\/wp-content\/uploads\/2019\/06\/DSCN0068-400x300.jpg 400w\" sizes=\"auto, (max-width: 300px) 100vw, 300px\" \/><\/a><\/p>\n<p><strong>Kerstin dirigerar vackert en ceremoni som blir oerh\u00f6rt vacker.<\/strong>\u00a0Josephine, Isabell och jag har valt musik av br\u00f6derna G\u00e4rdestad, Marie Fredriksson och Tommy Nilsson. Isabell sjunger <em>Amazing Grace<\/em>. Allt \u00e4r i sin enkelhet n\u00e4rmast sm\u00e4rtsamt vackert och samtidigt befriande.<\/p>\n<p><a href=\"https:\/\/www.ohrlund.se\/blogg\/wp-content\/uploads\/2019\/06\/DSCN0058-e1561436506397.jpg\"><img loading=\"lazy\" decoding=\"async\" class=\"alignnone size-medium wp-image-3919\" src=\"https:\/\/www.ohrlund.se\/blogg\/wp-content\/uploads\/2019\/06\/DSCN0058-e1561436506397-225x300.jpg\" alt=\"\" width=\"225\" height=\"300\" srcset=\"https:\/\/www.ohrlund.se\/blogg\/wp-content\/uploads\/2019\/06\/DSCN0058-e1561436506397-225x300.jpg 225w, https:\/\/www.ohrlund.se\/blogg\/wp-content\/uploads\/2019\/06\/DSCN0058-e1561436506397-768x1024.jpg 768w\" sizes=\"auto, (max-width: 225px) 100vw, 225px\" \/><\/a><\/p>\n<p><strong>Efter\u00e5t b\u00e4r jag urnan<\/strong> i famnen bort till familjegraven. Det regnar lite nu. Kerstin s\u00e4ger att t\u00e5rarna \u00e4r Guds. Vackert.<\/p>\n<p><strong>Kerstins ord, gl\u00e4dje, gester n\u00e4r jag s\u00e4nkt urnan i jorden, blir den vackraste avslutningen,<\/strong> och tillsammans vandrar vi alla efter\u00e5t mot en underbart levande middag d\u00e4r vi p\u00e5 alla s\u00e4tt i m\u00e5nga timmar diskuterar livet i alla dess former.<\/p>\n<p><a href=\"https:\/\/www.ohrlund.se\/blogg\/wp-content\/uploads\/2019\/06\/Kerstin-grav-1.jpg\"><img loading=\"lazy\" decoding=\"async\" class=\"alignnone  wp-image-3920\" src=\"https:\/\/www.ohrlund.se\/blogg\/wp-content\/uploads\/2019\/06\/Kerstin-grav-1-300x225.jpg\" alt=\"\" width=\"256\" height=\"195\" \/><\/a>\u00a0\u00a0<a href=\"https:\/\/www.ohrlund.se\/blogg\/wp-content\/uploads\/2019\/06\/Kerstin-grav-2.jpg\"><img loading=\"lazy\" decoding=\"async\" class=\"alignnone  wp-image-3921\" src=\"https:\/\/www.ohrlund.se\/blogg\/wp-content\/uploads\/2019\/06\/Kerstin-grav-2-300x225.jpg\" alt=\"\" width=\"251\" height=\"191\" \/><\/a><\/p>\n<p><strong>P\u00e5 \u00e5terseende, mamma. B\u00e4ttre kunde det inte ha slutat.<\/strong><\/p>\n<p><a href=\"https:\/\/www.ohrlund.se\/blogg\/wp-content\/uploads\/2019\/06\/DSCN0090.jpg\"><img loading=\"lazy\" decoding=\"async\" class=\"alignnone size-medium wp-image-3922\" src=\"https:\/\/www.ohrlund.se\/blogg\/wp-content\/uploads\/2019\/06\/DSCN0090-300x225.jpg\" alt=\"\" width=\"300\" height=\"225\" srcset=\"https:\/\/www.ohrlund.se\/blogg\/wp-content\/uploads\/2019\/06\/DSCN0090-300x225.jpg 300w, https:\/\/www.ohrlund.se\/blogg\/wp-content\/uploads\/2019\/06\/DSCN0090-768x576.jpg 768w, https:\/\/www.ohrlund.se\/blogg\/wp-content\/uploads\/2019\/06\/DSCN0090-1024x768.jpg 1024w, https:\/\/www.ohrlund.se\/blogg\/wp-content\/uploads\/2019\/06\/DSCN0090-400x300.jpg 400w\" sizes=\"auto, (max-width: 300px) 100vw, 300px\" \/><\/a><\/p>\n<p><strong>Tack Isabell, Josephine, Per, Kerstin och Micke.<\/strong><\/p>\n<p>&nbsp;<\/p>\n<p>&nbsp;<\/p>\n<div id=\"wp_fb_like_button\" style=\"margin:5px 0;float:none;height:100px;\"><script src=\"http:\/\/connect.facebook.net\/en_US\/all.js#xfbml=1\"><\/script><fb:like href=\"https:\/\/www.ohrlund.se\/blogg\/lat-mig-prata-lite-om-mamma\/\" send=\"true\" layout=\"standard\" width=\"450\" show_faces=\"true\" font=\"arial\" action=\"like\" colorscheme=\"light\"><\/fb:like><\/div>","protected":false},"excerpt":{"rendered":"<p>Jag st\u00e5r d\u00e4r i l\u00e4genheten i Solna och inser att jag aldrig mer kommer hit. L\u00e4genheten som var mitt hem i 18 \u00e5r och min mammas i mer \u00e4n 60 \u00e5r. Nu \u00e4r det r\u00f6rigt. Sops\u00e4ckar \u00f6verallt, m\u00f6bler och saker &hellip; <a href=\"https:\/\/www.ohrlund.se\/blogg\/lat-mig-prata-lite-om-mamma\/\">Forts\u00e4tt l\u00e4sa <span class=\"meta-nav\">&rarr;<\/span><\/a><\/p>\n","protected":false},"author":2,"featured_media":0,"comment_status":"closed","ping_status":"open","sticky":false,"template":"","format":"standard","meta":{"_jetpack_memberships_contains_paid_content":false,"footnotes":""},"categories":[1],"tags":[],"class_list":["post-3910","post","type-post","status-publish","format-standard","hentry","category-okategoriserade"],"jetpack_featured_media_url":"","jetpack_sharing_enabled":true,"post_mailing_queue_ids":[],"_links":{"self":[{"href":"https:\/\/www.ohrlund.se\/blogg\/wp-json\/wp\/v2\/posts\/3910","targetHints":{"allow":["GET"]}}],"collection":[{"href":"https:\/\/www.ohrlund.se\/blogg\/wp-json\/wp\/v2\/posts"}],"about":[{"href":"https:\/\/www.ohrlund.se\/blogg\/wp-json\/wp\/v2\/types\/post"}],"author":[{"embeddable":true,"href":"https:\/\/www.ohrlund.se\/blogg\/wp-json\/wp\/v2\/users\/2"}],"replies":[{"embeddable":true,"href":"https:\/\/www.ohrlund.se\/blogg\/wp-json\/wp\/v2\/comments?post=3910"}],"version-history":[{"count":2,"href":"https:\/\/www.ohrlund.se\/blogg\/wp-json\/wp\/v2\/posts\/3910\/revisions"}],"predecessor-version":[{"id":3924,"href":"https:\/\/www.ohrlund.se\/blogg\/wp-json\/wp\/v2\/posts\/3910\/revisions\/3924"}],"wp:attachment":[{"href":"https:\/\/www.ohrlund.se\/blogg\/wp-json\/wp\/v2\/media?parent=3910"}],"wp:term":[{"taxonomy":"category","embeddable":true,"href":"https:\/\/www.ohrlund.se\/blogg\/wp-json\/wp\/v2\/categories?post=3910"},{"taxonomy":"post_tag","embeddable":true,"href":"https:\/\/www.ohrlund.se\/blogg\/wp-json\/wp\/v2\/tags?post=3910"}],"curies":[{"name":"wp","href":"https:\/\/api.w.org\/{rel}","templated":true}]}}