{"id":3926,"date":"2019-08-29T18:06:46","date_gmt":"2019-08-29T16:06:46","guid":{"rendered":"https:\/\/www.ohrlund.se\/blogg\/?p=3926"},"modified":"2019-08-29T18:06:46","modified_gmt":"2019-08-29T16:06:46","slug":"slattens-predikan","status":"publish","type":"post","link":"https:\/\/www.ohrlund.se\/blogg\/slattens-predikan\/","title":{"rendered":"Sl\u00e4ttens predikan"},"content":{"rendered":"<p><strong>Kanske l\u00e4ste du om det.<\/strong> Kanske undrade du.<\/p>\n<p><strong>\u00d6hrlund predikar<\/strong> i kyrkan? Som att ta Dj\u00e4vulen sj\u00e4lv i b\u00e5ten? Lika troligt som att ett UFO skulle landa utanf\u00f6r din bostad?<\/p>\n<p><strong>S\u00e5 h\u00e4r<\/strong> ligger det till: En av alla mina underbara v\u00e4nner \u00e4r Kerstin Graff, pr\u00e4st i G\u00e4rsn\u00e4s f\u00f6rsamling p\u00e5 \u00d6sterlen.<\/p>\n<p><a href=\"https:\/\/www.ohrlund.se\/blogg\/wp-content\/uploads\/2019\/08\/Dags-predikan-0194.jpg\"><img loading=\"lazy\" decoding=\"async\" class=\"alignnone  wp-image-3928\" src=\"https:\/\/www.ohrlund.se\/blogg\/wp-content\/uploads\/2019\/08\/Dags-predikan-0194-300x300.jpg\" alt=\"\" width=\"392\" height=\"392\" srcset=\"https:\/\/www.ohrlund.se\/blogg\/wp-content\/uploads\/2019\/08\/Dags-predikan-0194-300x300.jpg 300w, https:\/\/www.ohrlund.se\/blogg\/wp-content\/uploads\/2019\/08\/Dags-predikan-0194-150x150.jpg 150w, https:\/\/www.ohrlund.se\/blogg\/wp-content\/uploads\/2019\/08\/Dags-predikan-0194-768x768.jpg 768w, https:\/\/www.ohrlund.se\/blogg\/wp-content\/uploads\/2019\/08\/Dags-predikan-0194-1024x1024.jpg 1024w\" sizes=\"auto, (max-width: 392px) 100vw, 392px\" \/><\/a><\/p>\n<p><em>Foto: Michael Graff<\/em><\/p>\n<p><strong>Kerstin vet <\/strong>att min tro haltar bet\u00e4nkligt. Icke desto mindre har vi haft m\u00e5nga fina, givande diskussioner om livet, andlighet, gudstro, m\u00e4nniskor och allt m\u00f6jligt annat sp\u00e4nnande, inte minst under sena kv\u00e4llar.<\/p>\n<p><a href=\"https:\/\/www.ohrlund.se\/blogg\/wp-content\/uploads\/2019\/08\/Kerstin-grav-2.jpg\"><img loading=\"lazy\" decoding=\"async\" class=\"alignnone  wp-image-3929\" src=\"https:\/\/www.ohrlund.se\/blogg\/wp-content\/uploads\/2019\/08\/Kerstin-grav-2-300x225.jpg\" alt=\"\" width=\"331\" height=\"250\" \/><\/a><\/p>\n<p><strong>En kort tid<\/strong> efter att Kerstin gjort min mammas begravningsceremoni till ett av mina finaste minnen, fr\u00e5gade hon en kv\u00e4ll om jag ville g\u00e4stpredika i Stiby kyrka.<\/p>\n<p><strong>Jag trodde f\u00f6rst<\/strong> att hon skojade. Men hon utvecklade som vanligt kloka och fina tankar och jag ins\u00e5g att det handlade om en stor \u00e4ra och om en av mitt livs st\u00f6rsta utmaningar.<\/p>\n<p><strong>S\u00e5 jag tackade ja.<\/strong><\/p>\n<p><strong>Vi diskuterade<\/strong> detaljerna. Jag ville prata om det f\u00f6r mig viktigaste och vackraste ordet i v\u00e4rlden och det var helt okej, men jag hade en del att f\u00f6rh\u00e5lla mig till &#8211; s\u00f6ndagens tema &#8221;N\u00e5dens g\u00e5vor&#8221; och n\u00e5gra utdrag ur bibeltexter.<\/p>\n<p><strong>\u00c4nnu en utmaning,<\/strong> att f\u00e5 ihop alltihop.<\/p>\n<p><strong>N\u00e4sta steg<\/strong> var att tillskriva biskopen i Lunds Stift och beg\u00e4ra <em><strong>Venia Concionandi<\/strong><\/em> &#8211; tillst\u00e5nd att predika trots att man inte \u00e4r pr\u00e4stvigd. Resultatet blev ett vackert svarsbrev som ska ramas in och h\u00e4ngas bredvid de brev jag har fr\u00e5n bland andra prinsessan Victoria och Drottningen av England.<\/p>\n<p><strong>Och s\u00e5<\/strong> kom den magiska s\u00f6ndagen.<\/p>\n<p><a href=\"https:\/\/www.ohrlund.se\/blogg\/wp-content\/uploads\/2019\/08\/Dags-predikan-0158.jpg\"><img loading=\"lazy\" decoding=\"async\" class=\"alignnone  wp-image-3930\" src=\"https:\/\/www.ohrlund.se\/blogg\/wp-content\/uploads\/2019\/08\/Dags-predikan-0158-300x300.jpg\" alt=\"\" width=\"411\" height=\"411\" srcset=\"https:\/\/www.ohrlund.se\/blogg\/wp-content\/uploads\/2019\/08\/Dags-predikan-0158-300x300.jpg 300w, https:\/\/www.ohrlund.se\/blogg\/wp-content\/uploads\/2019\/08\/Dags-predikan-0158-150x150.jpg 150w, https:\/\/www.ohrlund.se\/blogg\/wp-content\/uploads\/2019\/08\/Dags-predikan-0158-768x768.jpg 768w, https:\/\/www.ohrlund.se\/blogg\/wp-content\/uploads\/2019\/08\/Dags-predikan-0158-1024x1024.jpg 1024w\" sizes=\"auto, (max-width: 411px) 100vw, 411px\" \/><\/a> <a href=\"https:\/\/www.ohrlund.se\/blogg\/wp-content\/uploads\/2019\/08\/Dags-predikan-0167.jpg\"><img loading=\"lazy\" decoding=\"async\" class=\"alignnone  wp-image-3931\" src=\"https:\/\/www.ohrlund.se\/blogg\/wp-content\/uploads\/2019\/08\/Dags-predikan-0167-300x199.jpg\" alt=\"\" width=\"413\" height=\"279\" \/><\/a><\/p>\n<p><em>Foto: Michael Graff<\/em><\/p>\n<p><strong>Nerv\u00f6s?<\/strong> undrade m\u00e5nga av v\u00e4nnerna.<\/p>\n<p><strong>Faktiskt inte.<\/strong> Inte i s\u00e4llskap med Kerstin och hennes h\u00e4rlige man Micke.<\/p>\n<p><strong>Solen m\u00e5lade \u00d6sterlen<\/strong> i extra vackra f\u00e4rger, den svaga brisen f\u00f6rm\u00e5dde inte d\u00e4mpa hettan n\u00e4r termometern visade 28 grader.<\/p>\n<p><strong>F\u00f6r de flesta av Guds barn<\/strong> lockade f\u00f6rmodligen bad, solande och grillande mer \u00e4n att \u00e5ka till en kyrka men en trogen skara, inklusive n\u00e5gra av mina Facebook-gillare, b\u00e4nkade sig och det r\u00e4ckte bra f\u00f6r att det skulle bli en fin stund.<\/p>\n<p><strong>Tack Kerstin, kyrkoherde Eva Asp och biskop Johan Tyrberg<\/strong> f\u00f6r att jag fick chansen. Tack Kerstin och Micke f\u00f6r en underbar middag i er tr\u00e4dg\u00e5rd efter\u00e5t &#8211; jag hade ju uttryckligen \u00f6nskat mig falukorv och makaroner! ;o)<\/p>\n<p><strong>Den nattliga hemf\u00e4rden<\/strong> i skr\u00e4mmande t\u00e4t dimma gav ocks\u00e5 upphov till fler viktiga reflektioner om livet.<\/p>\n<p><strong>F\u00f6r dig som inte var med,<\/strong> men \u00e4nd\u00e5 \u00e4r nyfiken, publicerar jag h\u00e4r min Sl\u00e4ttens Predikan i sin helhet. Jag hoppas att orden leder till goda tankar:<\/p>\n<p>&nbsp;<\/p>\n<p>Respekt.<\/p>\n<p>Smaka p\u00e5 ordet. Viska det f\u00f6r dig sj\u00e4lv. S\u00e4g det g\u00e5ng p\u00e5 g\u00e5ng.<\/p>\n<p>Enligt mig \u00e4r det v\u00e4rldens vackraste och kanske allra viktigaste ord.<\/p>\n<p>Respekt.<\/p>\n<p>Om <em>alla<\/em> m\u00e4nniskor p\u00e5 jorden hade hedrat ordets inneb\u00f6rd s\u00e5 hade vi inte haft n\u00e5gra konflikter, krig eller terrord\u00e5d. Inga mord, v\u00e5ldt\u00e4kter, skjutningar eller bombd\u00e5d, allt det som blivit en sm\u00e4rtsam verklighet \u00e4ven i v\u00e5rt land.<\/p>\n<p>Jag v\u00e4grar att tro att n\u00e5gon <em>f\u00f6ds<\/em> ond. Dessv\u00e4rre tror jag inte heller att n\u00e5gon <em>f\u00f6ds<\/em> med respekt.<\/p>\n<p>Men n\u00e5gonstans ifr\u00e5n \u2013 kanske just fr\u00e5n Gud \u2013 har vi f\u00e5tt denna n\u00e5dens g\u00e5va att l\u00e4ra oss, att f\u00f6rst\u00e5 och att ge. Ty respekt \u00e4r inget man kan kr\u00e4va utan att samtidigt ge. Ge v\u00e4rme, k\u00e4rlek, f\u00f6rst\u00e5else.<\/p>\n<p>Och f\u00f6rl\u00e5telse.<\/p>\n<p>Det d\u00e4r med f\u00f6rl\u00e5telse \u00e4r sv\u00e5rt. Mycket sv\u00e5rt. I Matteusevangeliet l\u00e4ser jag:<\/p>\n<p>\u201dD\u00e5 kom Petrus fram till honom och sade:<\/p>\n<p>\u201dHerre, hur m\u00e5nga g\u00e5nger skall min broder kunna g\u00f6ra or\u00e4tt mot mig och \u00e4nd\u00e5 f\u00e5 f\u00f6rl\u00e5telse av mig? S\u00e5 mycket som sju g\u00e5nger?\u201d<\/p>\n<p>Jesus svarade: \u201dJag s\u00e4ger dig: inte sju g\u00e5nger utan sjuttiosju g\u00e5nger\u201d.<\/p>\n<p>Jag t\u00e4nker p\u00e5 det som h\u00e4nde p\u00e5 den norska \u00f6n Ut\u00f6ya \u00e5r 2011. Kan f\u00f6r\u00e4ldrar, syskon, sl\u00e4ktingar och v\u00e4nner f\u00f6rl\u00e5ta att Anders Bering Breivik tog livet av 69 ungdomar p\u00e5 \u00f6n? Kan anh\u00f6riga f\u00f6rl\u00e5ta att \u00e5tta personer dog av hans spr\u00e4ngd\u00e5d i centrala Oslo?<\/p>\n<p>Jag har sv\u00e5rt att tro det.<\/p>\n<p>Jag har pratat en hel del med Stefan \u00c5kerman, pappa till elva\u00e5riga Ebba som dog i terrord\u00e5det p\u00e5 Drottninggatan i Stockholm den 7 april 2017 n\u00e4r Rahkmat Akilov tog livet av fem personer och skadade ytterligare tio.<\/p>\n<p>Stefans liv \u00e4r sedan dess en oavbruten, m\u00f6rk sm\u00e4rta och blir aldrig detsamma igen. Och han kan inte f\u00f6rl\u00e5ta den som tog hans enda barn ifr\u00e5n honom.<\/p>\n<p>Hat \u00e4r ett oerh\u00f6rt starkt ord och f\u00f6rl\u00e5telsens absoluta motsats. Stefan \u00c5kerman hatar Rahkmat Akilov. Han har ocks\u00e5 en stark ilska mot Sveriges ledning, som l\u00e4t den utvisade Akilov vara kvar i landet l\u00e4nge nog f\u00f6r att h\u00e4mnas sin utvisning.<\/p>\n<p>Det \u00e4r f\u00f6rst\u00e5s l\u00e4ttare att f\u00f6rl\u00e5ta n\u00e5got, om man inte sj\u00e4lv har blivit drabbad av det som skedde, \u00c4nd\u00e5 har jag sv\u00e5rt att tro att man, som m\u00e4nniska, kan f\u00f6rl\u00e5ta allt.<\/p>\n<p>En v\u00e4n till mig sa en g\u00e5ng:<\/p>\n<p>Gud kanske f\u00f6rl\u00e5ter allt, men jag g\u00f6r det inte.<\/p>\n<p>Men kanske \u00e4r den st\u00f6rsta g\u00e5van av alla att man kan f\u00f6rl\u00e5ta sig sj\u00e4lv, till och med f\u00f6r att man hatar?<\/p>\n<p>Ur Romarbrevet l\u00e4ser jag:<\/p>\n<p>\u201dVi har olika g\u00e5vor allt efter den n\u00e5d vi har f\u00e5tt: profetisk g\u00e5va i f\u00f6rh\u00e5llande till v\u00e5r tro, tj\u00e4nandets g\u00e5va hos den som tj\u00e4nar, undervisningens g\u00e5va hos den som undervisar, tr\u00f6stens g\u00e5va hos den som tr\u00f6star och f\u00f6rmanar, g\u00e5van att frikostigt dela med sig, att vara nitisk som ledare och att med glatt hj\u00e4rta visa barmh\u00e4rtighet.\u201d<\/p>\n<p>Och Respekt, skulle jag vilja till\u00e4gga.<\/p>\n<p>Det vackraste och viktigaste ordet jag vet.<\/p>\n<p>Genom att visa respekt bygger vi det goda. Det fina, det vackra, det barmh\u00e4rtiga.<\/p>\n<p>Dagligen matas vi med nyheter om ondskan och dess effekter. Alltf\u00f6r s\u00e4llan f\u00e5r vi l\u00e4sa om de goda m\u00e4nniskorna och handlingarna.<\/p>\n<p>Godhet s\u00e4ljer inga l\u00f6snummer. Barmh\u00e4rtighet ger inga tittarsiffror. Av n\u00e5gon anledning f\u00f6redrar majoriteten dramat.<\/p>\n<p>Men det \u00e4r faktiskt du och jag som avg\u00f6r vad vi vill l\u00e4sa, lyssna p\u00e5 och titta p\u00e5. Genom att g\u00f6ra bra val blir det l\u00e4ttare f\u00f6r oss att komma ih\u00e5g att de goda m\u00e4nniskorna och handlingarna p\u00e5 jorden \u00e4r l\u00e5ngt fler \u00e4n de onda. Att m\u00e4nniskor varje dag hj\u00e4lper varandra, ser till att de svaga f\u00e5r mat, v\u00e5rd och tr\u00f6st, att de ensamma f\u00e5r s\u00e4llskap.<\/p>\n<p>Vi lever i orostider med onda inslag vi inte har sett tidigare, speciellt inte i v\u00e5rt lilla land som varit s\u00e5 f\u00f6rskonat fr\u00e5n naturkatastrofer, krig och terror.<\/p>\n<p>Men det finns hopp.<\/p>\n<p>Jag \u00e4r \u00f6vertygad om att det goda samh\u00e4llet byggs av sm\u00e5 kvarter. N\u00e4r m\u00e4nniskor i ett kvarter skapar respekt, v\u00e4rme, n\u00e4rhet, hj\u00e4lpsamhet och trygghet, kommer de som bor i n\u00e4sta kvarter att titta dit\u00e5t och s\u00e4ga:<\/p>\n<p>\u201dDet d\u00e4r ser trevligt ut. S\u00e5 vill jag ocks\u00e5 leva.\u201d<\/p>\n<p>Och s\u00e5 g\u00e5r man och pratar med grannen.<\/p>\n<p>Och de goda kvarteren v\u00e4xer.<\/p>\n<p>Naturligtvis \u00e4r det inte l\u00e4tt. Naturligtvis g\u00e5r det heller inte fort.<\/p>\n<p>Men det g\u00e5r. F\u00f6r att vi m\u00e4nniskor har f\u00e5tt de verktyg, de n\u00e5dens g\u00e5vor, som kr\u00e4vs f\u00f6r att bygga och v\u00e5rda det goda.<\/p>\n<p>Ett av verktygen \u00e4r samtalet. Det <em>riktiga <\/em>samtalet. I den nya, digitala v\u00e4rlden \u00e4r det alltf\u00f6r l\u00e4tt att g\u00f6mma sig bakom en datask\u00e4rm, kanske f\u00e5 ur sig h\u00e5rda ord som man inte sagt om man stod \u00f6ga mot \u00f6ga med mottagaren. Det \u00e4r ocks\u00e5 alltf\u00f6r l\u00e4tt att bara trycka dit en smiley eller en \u201dtummen upp\u201d ist\u00e4llet f\u00f6r att verkligen prata, f\u00f6rklara sig, dela med sig av sina k\u00e4nslor. I den digitala kommunikationen missar vi det s\u00e5 viktiga kroppsspr\u00e5ket och d\u00e4rf\u00f6r \u00f6kar ocks\u00e5 risken f\u00f6r missf\u00f6rst\u00e5nd. N\u00e5got som \u00e4r menat som ett sk\u00e4mt kan tas emot h\u00e5rt i andra \u00e4nden om man gl\u00f6mmer den d\u00e4r lilla smileyn, eller om man inte kommer med en varm och bra f\u00f6rklaring efter\u00e5t. Och n\u00e4r du pl\u00f6tsligt l\u00e4mnar datorn f\u00f6r att brygga kaffe eller f\u00f6r att n\u00e5gon ropar p\u00e5 dig, undrar f\u00f6rst\u00e5s personen i den andra \u00e4nden varf\u00f6r kommunikationen pl\u00f6tsligt avbr\u00f6ts, avslutades. Blev du arg? Tycker du inte om honom eller henne l\u00e4ngre? Riskerna \u00e4r stora och jag har tyv\u00e4rr sett exempel p\u00e5 hur till synes sm\u00e5 misstag har lett till stora missf\u00f6rst\u00e5nd och ibland \u2013 konflikter.<\/p>\n<p>Visst \u00e4r det praktiskt med datorer och ingen av oss vill v\u00e4l i dag vara utan Internet med alla fantastiska m\u00f6jligheter det ger? Men det ena utesluter inte det andra. Vi kan fortfarande prata med varandra i telefon. \u00d6ga mot \u00f6ga.<\/p>\n<p>S\u00e5 gl\u00f6m aldrig vikten av att prata p\u00e5 riktigt. F\u00f6r det d\u00e4r med att vara tillsammans, se den andra m\u00e4nniskan, se kroppsspr\u00e5ket och h\u00f6ra tonfallet \u2013 den samvaron kan ingen maskin i v\u00e4rlden ers\u00e4tta.<\/p>\n<p>S\u00e5 ta din granne, din v\u00e4n. i handen. Samtala.<\/p>\n<p>Tillsammans kan ni g\u00f6ra det. Samtalet \u00e4r en befriande terapi som vi alla beh\u00f6ver, inte minst i sv\u00e5ra stunder. Men samtalet, det riktiga samtalet, \u00e4r ocks\u00e5 gl\u00e4dje, \u00f6verraskningar och en v\u00e4g till n\u00e5got gott, n\u00e5got b\u00e4ttre.<\/p>\n<p>Bara s\u00e5 kan det goda vinna \u00f6ver det onda.<\/p>\n<p>Och det goda \u00e4r, i alla former, n\u00e5dens g\u00e5vor.<\/p>\n<p>&nbsp;<\/p>\n<p>&nbsp;<\/p>\n<div id=\"wp_fb_like_button\" style=\"margin:5px 0;float:none;height:100px;\"><script src=\"http:\/\/connect.facebook.net\/en_US\/all.js#xfbml=1\"><\/script><fb:like href=\"https:\/\/www.ohrlund.se\/blogg\/slattens-predikan\/\" send=\"true\" layout=\"standard\" width=\"450\" show_faces=\"true\" font=\"arial\" action=\"like\" colorscheme=\"light\"><\/fb:like><\/div>","protected":false},"excerpt":{"rendered":"<p>Kanske l\u00e4ste du om det. Kanske undrade du. \u00d6hrlund predikar i kyrkan? Som att ta Dj\u00e4vulen sj\u00e4lv i b\u00e5ten? Lika troligt som att ett UFO skulle landa utanf\u00f6r din bostad? S\u00e5 h\u00e4r ligger det till: En av alla mina underbara &hellip; <a href=\"https:\/\/www.ohrlund.se\/blogg\/slattens-predikan\/\">Forts\u00e4tt l\u00e4sa <span class=\"meta-nav\">&rarr;<\/span><\/a><\/p>\n","protected":false},"author":2,"featured_media":0,"comment_status":"closed","ping_status":"open","sticky":false,"template":"","format":"standard","meta":{"_jetpack_memberships_contains_paid_content":false,"footnotes":""},"categories":[1],"tags":[],"class_list":["post-3926","post","type-post","status-publish","format-standard","hentry","category-okategoriserade"],"jetpack_featured_media_url":"","jetpack_sharing_enabled":true,"post_mailing_queue_ids":[],"_links":{"self":[{"href":"https:\/\/www.ohrlund.se\/blogg\/wp-json\/wp\/v2\/posts\/3926","targetHints":{"allow":["GET"]}}],"collection":[{"href":"https:\/\/www.ohrlund.se\/blogg\/wp-json\/wp\/v2\/posts"}],"about":[{"href":"https:\/\/www.ohrlund.se\/blogg\/wp-json\/wp\/v2\/types\/post"}],"author":[{"embeddable":true,"href":"https:\/\/www.ohrlund.se\/blogg\/wp-json\/wp\/v2\/users\/2"}],"replies":[{"embeddable":true,"href":"https:\/\/www.ohrlund.se\/blogg\/wp-json\/wp\/v2\/comments?post=3926"}],"version-history":[{"count":2,"href":"https:\/\/www.ohrlund.se\/blogg\/wp-json\/wp\/v2\/posts\/3926\/revisions"}],"predecessor-version":[{"id":3933,"href":"https:\/\/www.ohrlund.se\/blogg\/wp-json\/wp\/v2\/posts\/3926\/revisions\/3933"}],"wp:attachment":[{"href":"https:\/\/www.ohrlund.se\/blogg\/wp-json\/wp\/v2\/media?parent=3926"}],"wp:term":[{"taxonomy":"category","embeddable":true,"href":"https:\/\/www.ohrlund.se\/blogg\/wp-json\/wp\/v2\/categories?post=3926"},{"taxonomy":"post_tag","embeddable":true,"href":"https:\/\/www.ohrlund.se\/blogg\/wp-json\/wp\/v2\/tags?post=3926"}],"curies":[{"name":"wp","href":"https:\/\/api.w.org\/{rel}","templated":true}]}}