{"id":3940,"date":"2019-11-22T17:02:49","date_gmt":"2019-11-22T15:02:49","guid":{"rendered":"https:\/\/www.ohrlund.se\/blogg\/?p=3940"},"modified":"2019-11-22T17:02:53","modified_gmt":"2019-11-22T15:02:53","slug":"borde-ju-halla-kaften-13-men-skjut-nagon-och-fa-en-gratis-calzone","status":"publish","type":"post","link":"https:\/\/www.ohrlund.se\/blogg\/borde-ju-halla-kaften-13-men-skjut-nagon-och-fa-en-gratis-calzone\/","title":{"rendered":"Borde ju h\u00e5lla k\u00e4ften (13), men: Skjut n\u00e5gon och f\u00e5 en gratis Calzone!"},"content":{"rendered":"\n<p><strong>N\u00e4r en av<\/strong> mina m\u00e5nga polisv\u00e4nner skickar\nmig uppgifterna vet jag inte om det \u00e4r sk\u00e4mt eller allvar, om jag ska skratta\neller gr\u00e5ta.<\/p>\n\n\n\n<p><strong>Att polisen i Malm\u00f6<\/strong> har bjudit in tolv av stadens gangsters (varav nio d\u00f6k upp) till ett m\u00f6te, som avslutades med att polis och \u00e5klagare bj\u00f6d dem p\u00e5 \u2013 pizza.<\/p>\n\n\n\n<p><strong>Jo \u2013 du l\u00e4ste r\u00e4tt.<\/strong><\/p>\n\n\n\n<figure class=\"wp-block-image size-large\"><img loading=\"lazy\" decoding=\"async\" width=\"474\" height=\"196\" src=\"https:\/\/www.ohrlund.se\/blogg\/wp-content\/uploads\/2019\/11\/Pizzapolis-1.jpg\" alt=\"\" class=\"wp-image-3941\" srcset=\"https:\/\/www.ohrlund.se\/blogg\/wp-content\/uploads\/2019\/11\/Pizzapolis-1.jpg 474w, https:\/\/www.ohrlund.se\/blogg\/wp-content\/uploads\/2019\/11\/Pizzapolis-1-300x124.jpg 300w\" sizes=\"auto, (max-width: 474px) 100vw, 474px\" \/><\/figure>\n\n\n\n<p><strong>Men strax visar det sig<\/strong> att b\u00e5de\nmainstreammedia och nymedia har rapporterat om h\u00e4ndelsen och att det dessutom\ninte var f\u00f6rsta g\u00e5ngen det h\u00f6lls pizzaparty f\u00f6r kriminella.<\/p>\n\n\n\n<p><a href=\"https:\/\/www.expressen.se\/kvallsposten\/kriminella-i-hemligt-mote-med-polis-och-aklagare-\/\">https:\/\/www.expressen.se\/kvallsposten\/kriminella-i-hemligt-mote-med-polis-och-aklagare-\/<\/a><\/p>\n\n\n\n<p><strong>N\u00e4r jag t\u00e4nker efter<\/strong> s\u00e5 f\u00f6rst\u00e5r jag att <em>grundtanken<\/em>\nverkligen \u00e4r god: Om man ber\u00e4ttar f\u00f6r busarna att de kan hamna i f\u00e4ngelse om de\nskjuter ihj\u00e4l n\u00e5gon, och att deras \u00e4godelar kan bli beslagtagna, s\u00e5 ska de klia\nsig i huvudet, sluta skjuta och skaffa sig ett b\u00e4ttre liv som nio-till-femmare.<\/p>\n\n\n\n<p><strong>Om busarna nu<\/strong> vore s\u00e5na som a) lyssnar och b) dr\u00f6mmer om en nio-till-fem-karri\u00e4r (finn fem fel redan h\u00e4r).<\/p>\n\n\n\n<p><strong>Jag \u00e4r allts\u00e5 inte<\/strong> helt \u00f6vertygad om att\ntekniken fungerar, med eller utan Calzone eller plattpizza.<\/p>\n\n\n\n<p><strong>En av<\/strong> mina m\u00e5nga invandrarv\u00e4nner som k\u00f6r\ntaxi i m\u00e5nga timmar, sex dagar i veckan, skrattar s\u00e5 att han tjuter n\u00e4r jag\nber\u00e4ttar:<\/p>\n\n\n\n<p><strong>\u201dDu skojar med mig, mannen?<\/strong> I v\u00e5ra l\u00e4nder bjuder inte polisen de kriminella p\u00e5 pizza, de bjuder p\u00e5 st\u00e5lr\u00f6r i kn\u00e4sk\u00e5larna, det brukar funka.\u201d<\/p>\n\n\n\n<p><strong>Vad han f\u00f6rs\u00f6ker s\u00e4ga<\/strong> \u00e4r att kulturskillnaderna\nofta \u00e4r betydligt djupare \u00e4n vad vi kan f\u00f6rest\u00e4lla oss. Att kriminella\nnysvenskar kommer fr\u00e5n f\u00f6rh\u00e5llanden s\u00e5 h\u00e5rda, att vi inte ens kan f\u00f6rest\u00e4lla\noss vilka regler som g\u00e4ller d\u00e4r. Vare sig internt i gangsterkulturen, eller\nfr\u00e5n polisens sida. Att varken pizza eller kaffe och kanelbullar hj\u00e4lper mot\ngrov kriminalitet.<\/p>\n\n\n\n<p><strong>Utan att<\/strong> man, enligt det gamla ordspr\u00e5ket,\nm\u00e5ste <em>prata med b\u00f6nder p\u00e5 b\u00f6nders vis<\/em> om man vill uppn\u00e5 n\u00e5got.<\/p>\n\n\n\n<p><strong>Jag vet inte<\/strong> om det h\u00e4r med pizzatr\u00e4ffar\nverkligen \u00e4r en polisi\u00e4r id\u00e9 fr\u00e5n allra f\u00f6rsta b\u00f6rjan eller om det \u00e4r n\u00e5gon\nfrist\u00e5ende, v\u00e4lbetald konsult som har kliat sig i huvudet och kommit p\u00e5 n\u00e5got\nsom ska f\u00e5 Sverige att framst\u00e5 som det humanaste landet i v\u00e4rlden.<\/p>\n\n\n\n<p><strong>Jag hoppas p\u00e5 det senare.<\/strong><\/p>\n\n\n\n<p><strong>Och jag \u00e4r fortfarande skeptisk<\/strong> till metodens\nresultat.<\/p>\n\n\n\n<figure class=\"wp-block-image size-large\"><img loading=\"lazy\" decoding=\"async\" width=\"320\" height=\"286\" src=\"https:\/\/www.ohrlund.se\/blogg\/wp-content\/uploads\/2019\/11\/Pizzapolis-2.jpg\" alt=\"\" class=\"wp-image-3942\" srcset=\"https:\/\/www.ohrlund.se\/blogg\/wp-content\/uploads\/2019\/11\/Pizzapolis-2.jpg 320w, https:\/\/www.ohrlund.se\/blogg\/wp-content\/uploads\/2019\/11\/Pizzapolis-2-300x268.jpg 300w\" sizes=\"auto, (max-width: 320px) 100vw, 320px\" \/><\/figure>\n\n\n\n<p><strong>Nu vill v\u00e4n av ordning<\/strong> naturligtvis att jag ska l\u00e4gga fram ett ofelbart dunderrecept p\u00e5 hur man f\u00f6r stopp p\u00e5 den v\u00e5ldsamt accelererande kriminaliteten i landet som f\u00f6rvandlats till ett slags krigszon.<\/p>\n\n\n\n<p><strong>Det kan jag naturligtvis inte.<\/strong><\/p>\n\n\n\n<p><strong>Det har redan g\u00e5tt f\u00f6r l\u00e5ngt.<\/strong><\/p>\n\n\n\n<p><strong>Alldeles f\u00f6r l\u00e5ngt.<\/strong><\/p>\n\n\n\n<p><strong>Jag ser framf\u00f6r mig<\/strong> att vanliga, hyggliga\nm\u00e4nniskor kommer att g\u00f6ra n\u00e5got \u00e5t det politikerna inte gjort n\u00e5got \u00e5t.<\/p>\n\n\n\n<p><strong>De kommer inte<\/strong> att f\u00f6r evigt stillatigande\nse p\u00e5 medan deras d\u00f6ttrar gruppv\u00e5ldtas, medan barn skjuts ihj\u00e4l, medan det\nspr\u00e4ngs fler bomber h\u00e4r \u00e4n i de flesta l\u00e4nder. Det kommer att byggas <em>gated\ncommunities<\/em> d\u00e4r dyra bost\u00e4der blir sluts\u00e5lda p\u00e5 rekordtid. Det kommer att\nbildas medborgargarden. Det kommer, s\u00e5 sm\u00e5ningom, att skjutas tillbaka.<\/p>\n\n\n\n<p><strong>Redan n\u00e4r jag 1990<\/strong> flyttade hem fr\u00e5n\nKalifornien, efter att i sex m\u00e5nader ha \u00e5kt med och studerat den kaliforniska\npolisens specialinriktade task force (<em>CRASH \u2013 Community Resources Against\nStreet Hodlums<\/em>) mot g\u00e4ngv\u00e5ld, skrev jag att segregationen och g\u00e4ngv\u00e5ldet en\nvacker dag skulle bli verklighet h\u00e4r, om man inte tog problemet p\u00e5 allvar.<\/p>\n\n\n\n<p><strong>Nu s\u00e4ger statsministern<\/strong> att \u201dvi inte s\u00e5g\ndet komma\u201d.<\/p>\n\n\n\n<p><strong>Jag hoppas<\/strong> att han enbart pratar f\u00f6r sig\nsj\u00e4lv och sina kolleger.<\/p>\n\n\n\n<p><strong>Tror jag p\u00e5 f\u00f6rebyggande insatser<\/strong> n\u00e4r det g\u00e4ller att bek\u00e4mpa kriminalitet? <strong>Absolut.<\/strong> Men bara om insatserna \u00e4r rej\u00e4la och s\u00e4tts in riktigt tidigt. N\u00e4r en ung man (oftast, ju) v\u00e4l har f\u00e5tt fotf\u00e4ste i den kriminella v\u00e4rlden \u00e4r det tusen g\u00e5nger sv\u00e5rare att sl\u00e4pa honom d\u00e4rifr\u00e5n.<\/p>\n\n\n\n<p><strong>Och n\u00e4r vederb\u00f6rande<\/strong> v\u00e4l har gjort ett par\nf\u00e4ngelsevoltor \u00e4r det ofta k\u00f6rt. Eller som en av cheferna f\u00f6r v\u00e5ra svenska kriminalv\u00e5rdsanstalter\nmed ironi i r\u00f6sten sa till mig n\u00e4r jag var p\u00e5 studiebes\u00f6k:<\/p>\n\n\n\n<p><strong>\u201dJa, vi \u00e4r ju inte s\u00e5 bra p\u00e5 kriminal<em>v\u00e5rd<\/em>.\u201d<\/strong><\/p>\n\n\n\n<p><strong>Vad han syftade p\u00e5<\/strong> var, att mellan 66 och 67 procent av de intagna p\u00e5 landets s\u00e4kraste anstalter d\u00e5 var d\u00f6mda redan tidigare.<\/p>\n\n\n\n<p><strong>V\u00e4n av ordning<\/strong> p\u00e5pekar alltid att det inte\nfinns n\u00e5gra som helst bel\u00e4gg f\u00f6r att l\u00e5nga f\u00e4ngelsestraff f\u00f6rhindrar att den\nd\u00f6mde beg\u00e5r nya brott. Siffran jag refererade till ovan kan ses som en\nbekr\u00e4ftelse p\u00e5 detta.<\/p>\n\n\n\n<p><strong>\u00c5 andra sidan<\/strong> k\u00e4nner jag inte heller till\nn\u00e5gon forskning som visar att milda straff eller pizzatr\u00e4ffar f\u00f6rhindrar n\u00e5gon\nfr\u00e5n att m\u00f6rda n\u00e5gon igen, eller beg\u00e5 andra brott.<\/p>\n\n\n\n<p><strong>Det enda jag k\u00e4nner till<\/strong>, \u00e4r att den som\nsitter inl\u00e5st har v\u00e4ldigt sv\u00e5rt att skada eller m\u00f6rda n\u00e5gon oskyldig\nmedborgare.<\/p>\n\n\n\n<p><strong>N\u00e5gonstans<\/strong> m\u00e5ste vi kanske komma ih\u00e5g att\nalla faktiskt har ett ansvar f\u00f6r sitt liv och sina handlingar. Att onda\nhandlingar leder till konsekvenser.<\/p>\n\n\n\n<p><strong>Och d\u00e5 menar jag inte pizza.<\/strong><\/p>\n\n\n\n<p><em>Dag \u00d6hrlund<\/em><\/p>\n<div id=\"wp_fb_like_button\" style=\"margin:5px 0;float:none;height:100px;\"><script src=\"http:\/\/connect.facebook.net\/en_US\/all.js#xfbml=1\"><\/script><fb:like href=\"https:\/\/www.ohrlund.se\/blogg\/borde-ju-halla-kaften-13-men-skjut-nagon-och-fa-en-gratis-calzone\/\" send=\"true\" layout=\"standard\" width=\"450\" show_faces=\"true\" font=\"arial\" action=\"like\" colorscheme=\"light\"><\/fb:like><\/div>","protected":false},"excerpt":{"rendered":"<p>N\u00e4r en av mina m\u00e5nga polisv\u00e4nner skickar mig uppgifterna vet jag inte om det \u00e4r sk\u00e4mt eller allvar, om jag ska skratta eller gr\u00e5ta. Att polisen i Malm\u00f6 har bjudit in tolv av stadens gangsters (varav nio d\u00f6k upp) till &hellip; <a href=\"https:\/\/www.ohrlund.se\/blogg\/borde-ju-halla-kaften-13-men-skjut-nagon-och-fa-en-gratis-calzone\/\">Forts\u00e4tt l\u00e4sa <span class=\"meta-nav\">&rarr;<\/span><\/a><\/p>\n","protected":false},"author":2,"featured_media":0,"comment_status":"closed","ping_status":"open","sticky":false,"template":"","format":"standard","meta":{"_jetpack_memberships_contains_paid_content":false,"footnotes":""},"categories":[1],"tags":[],"class_list":["post-3940","post","type-post","status-publish","format-standard","hentry","category-okategoriserade"],"jetpack_featured_media_url":"","jetpack_sharing_enabled":true,"post_mailing_queue_ids":[],"_links":{"self":[{"href":"https:\/\/www.ohrlund.se\/blogg\/wp-json\/wp\/v2\/posts\/3940","targetHints":{"allow":["GET"]}}],"collection":[{"href":"https:\/\/www.ohrlund.se\/blogg\/wp-json\/wp\/v2\/posts"}],"about":[{"href":"https:\/\/www.ohrlund.se\/blogg\/wp-json\/wp\/v2\/types\/post"}],"author":[{"embeddable":true,"href":"https:\/\/www.ohrlund.se\/blogg\/wp-json\/wp\/v2\/users\/2"}],"replies":[{"embeddable":true,"href":"https:\/\/www.ohrlund.se\/blogg\/wp-json\/wp\/v2\/comments?post=3940"}],"version-history":[{"count":3,"href":"https:\/\/www.ohrlund.se\/blogg\/wp-json\/wp\/v2\/posts\/3940\/revisions"}],"predecessor-version":[{"id":3945,"href":"https:\/\/www.ohrlund.se\/blogg\/wp-json\/wp\/v2\/posts\/3940\/revisions\/3945"}],"wp:attachment":[{"href":"https:\/\/www.ohrlund.se\/blogg\/wp-json\/wp\/v2\/media?parent=3940"}],"wp:term":[{"taxonomy":"category","embeddable":true,"href":"https:\/\/www.ohrlund.se\/blogg\/wp-json\/wp\/v2\/categories?post=3940"},{"taxonomy":"post_tag","embeddable":true,"href":"https:\/\/www.ohrlund.se\/blogg\/wp-json\/wp\/v2\/tags?post=3940"}],"curies":[{"name":"wp","href":"https:\/\/api.w.org\/{rel}","templated":true}]}}