{"id":3959,"date":"2019-12-15T16:01:07","date_gmt":"2019-12-15T14:01:07","guid":{"rendered":"https:\/\/www.ohrlund.se\/blogg\/?p=3959"},"modified":"2019-12-15T16:01:10","modified_gmt":"2019-12-15T14:01:10","slug":"julsaga-ewert-truut-och-tomtens-bekymmer","status":"publish","type":"post","link":"https:\/\/www.ohrlund.se\/blogg\/julsaga-ewert-truut-och-tomtens-bekymmer\/","title":{"rendered":"Julsaga: Ewert Truut och Tomtens bekymmer"},"content":{"rendered":"\n<p><\/p>\n\n\n\n<p>Ewert Truut fimpade cigarretten och h\u00e4llde upp ett glas whisky. N\u00e4r han gick genom vardagsrummet fram till f\u00f6nstren noterade han att Alice Capone och Neger-Joe hade krupit ihop tillsammans i den stora, mjuka kattkorgen.<\/p>\n\n\n\n<p>Alice sov. Neger-Joe spann.<\/p>\n\n\n\n<p>Bra.<\/p>\n\n\n\n<p>Ewert tittade ut \u00f6ver Vasaparken och Odengatan. Klockan var sju p\u00e5 kv\u00e4llen, det var beckm\u00f6rkt ute och i skenet fr\u00e5n gatlyktorna kunde han se att det f\u00f6ll en del bl\u00f6tsn\u00f6, som f\u00f6rmodligen skulle vara borta snabbt om det inte fr\u00f6s p\u00e5 under natten.<\/p>\n\n\n\n<p>Vad hade de sagt p\u00e5 v\u00e4derrapporten? Skulle det frysa p\u00e5 under natten?<\/p>\n\n\n\n<p>Han kom inte ih\u00e5g och i \u00e4rlighetens namn brydde han sig inte heller.<\/p>\n\n\n\n<p>Det lackade mot jul och dagarna gick fort. Tack och lov f\u00f6rsvann n\u00e4tterna lika snabbt eftersom Ewert lade sig sent, hade sv\u00e5rt att sova och vaknade tidigt. Han och hela hans grupp, det vill s\u00e4ga b\u00e5de Carolina och den r\u00f6dbetsjuicedrickande veganen fr\u00e5n S\u00f6dermalm, var lediga.<\/p>\n\n\n\n<p>Irriterande.<\/p>\n\n\n\n<p>\u00a0Sj\u00e4lv hade han likav\u00e4l kunnat jobba eftersom han inte hade den minsta aning om hur han skulle f\u00e5 juldagarna att g\u00e5. Men regionpolischefen Stefan Berger hade kallat in honom och sett bekymrad ut.<\/p>\n\n\n\n<p>\u00a0\u201dDu har s\u00e5 mycket innest\u00e5ende komptid och semester att ta ut, att revisorerna p\u00e5pekat att det \u00f6verskrider alla till\u00e5tna gr\u00e4nser.\u201d<\/p>\n\n\n\n<p>\u00a0\u201dStryk h\u00e4lften, d\u00e5, om det \u00e4r s\u00e5 f\u00f6rbannat petigt\u201d, muttrade Truut.<\/p>\n\n\n\n<p>\u201dDu vet att det inte g\u00e5r. G\u00e5 hem nu, det \u00e4r en order. Kom inte tillbaka f\u00f6rr\u00e4n i b\u00f6rjan av januari.\u201d<\/p>\n\n\n\n<p>Och Ewert hade g\u00e5tt hem.<\/p>\n\n\n\n<p>Till den l\u00e4genhet d\u00e4r katterna just nu var hans enda s\u00e4llskap.<\/p>\n\n\n\n<p>Och troligen skulle det f\u00f6rbli s\u00e5 under de flesta av helgdagarna.<\/p>\n\n\n\n<p>Claudia hade rest till sl\u00e4ktingar i \u00d6sterrike tillsammans med sina vuxna barn. De skulle \u00e4gna en hel del av tiden \u00e5t skid\u00e5kning och visst, hon hade fr\u00e5gat Ewert om han ville \u00e5ka med.<\/p>\n\n\n\n<p>Av ren artighet.<\/p>\n\n\n\n<p>Hon visste vad han tyckte om skid\u00e5kning.<\/p>\n\n\n\n<p>Carolina skulle tillbringa den mesta tiden tillsammans med sin chilenska familj i f\u00f6rorten. <\/p>\n\n\n\n<p>Carro hade v\u00e4nligt fr\u00e5gat om han ville fira jul med dem.<\/p>\n\n\n\n<p>Ewert hade artigt tackat nej och muttrat n\u00e5got om att han var upptagen. Carolinas forskande blick hade avsl\u00f6jat att hon inte trodde p\u00e5 honom.<\/p>\n\n\n\n<p>Tydligen skulle hon\noch familjen f\u00e5 bes\u00f6k av sl\u00e4ktingar fr\u00e5n Chile och Ewert tordes inte t\u00e4nka p\u00e5\nhur m\u00e5nga som skulle tr\u00e4nga ihop sig i deras l\u00e4genhet.<\/p>\n\n\n\n<p>Det var \u00e5 andra sidan inte hans problem.<\/p>\n\n\n\n<p>Hans problem var att han inte skulle f\u00e5 tr\u00e4ffa Kim och Kayo, vilket sm\u00e4rtade honom.<\/p>\n\n\n\n<p>Sonens nya f\u00f6rh\u00e5llande med den odr\u00e4glige Gunnar, en man i hans egen \u00e5lder, var en nagel i \u00f6gat p\u00e5 Ewert. F\u00f6r det f\u00f6rsta hade mannen, som s\u00e4kert sysslade med n\u00e5got olagligt, omoraliskt mycket pengar. Han skr\u00f6t g\u00e4rna om det, spred dem omkring sig och sk\u00e4mde bort b\u00e5de Kim och Kayo p\u00e5 ett s\u00e4tt som var oh\u00e4lsosamt. Dessutom hade han den d\u00e5liga smaken att s\u00e4ga att han var Kayos nye farfar.<\/p>\n\n\n\n<p>\u00a0Fan ta karln.<\/p>\n\n\n\n<p>\u00a0Ewert h\u00e4llde upp mer whisky, t\u00e4nde en John Silver och drog n\u00e5gra djupa bloss.<\/p>\n\n\n\n<p>\u00a0Gunnar hade naturligtvis bokat en resa i f\u00f6rsta klass till n\u00e5gon lyxig hotellanl\u00e4ggning p\u00e5 en karibisk \u00f6 som Ewert inte ens kunde uttala namnet p\u00e5.<\/p>\n\n\n\n<p>D\u00e4r skulle de stanna i fjorton dagar.<\/p>\n\n\n\n<p>Kayo var f\u00f6rst\u00e5s \u00f6verlycklig. Gunnar hade ber\u00e4ttat f\u00f6r henne att hon skulle f\u00e5 bada i ett turkosf\u00e4rgat hav, att hon skulle f\u00e5 en egen kokosn\u00f6t och hur mycket glass som helst. Hon skulle f\u00e5 \u00e5ka med fina b\u00e5tar och kanske till och med flyga fallsk\u00e4rm.<\/p>\n\n\n\n<p>Gunnar hade inte fr\u00e5gat om Ewert ville f\u00f6lja med.<\/p>\n\n\n\n<p>Fan ta karln.<\/p>\n\n\n\n<p>Och om n\u00e5got h\u00e4nde Kayo s\u00e5 skulle Ewert personligen strypa honom.<\/p>\n\n\n\n<p>Han sammanfattade l\u00e4get.<\/p>\n\n\n\n<p>Ingen Claudia.<\/p>\n\n\n\n<p>Ingen Kim och ingen Kayo.<\/p>\n\n\n\n<p>Ingen Carolina.<\/p>\n\n\n\n<p>Vem mer hade han?<\/p>\n\n\n\n<p>Ingen, mer \u00e4n katterna.<\/p>\n\n\n\n<p>Nere p\u00e5 gatan gick en ensam man l\u00e5ngsamt med en portf\u00f6lj i handen. Var han p\u00e5 v\u00e4g hem till sin familj, eller var han lika ensam, lika r\u00e5dvill mitt i livet, som Ewert sj\u00e4lv?<\/p>\n\n\n\n<p>N\u00e5ja, han hade varit ensam f\u00f6rr och det skulle s\u00e4kert komma tillf\u00e4llen n\u00e4r han var ensam igen. Och i \u00e4rlighetens namn \u2013 var inte julen \u00f6verreklamerad? Som barn tindrade man med \u00f6gonen inf\u00f6r \u00e5rets h\u00f6gtid och tanken p\u00e5 att bli \u00f6ver\u00f6st med paket.<\/p>\n\n\n\n<p>Som vuxen s\u00e5g man hur barndomens vackra fantasier hade f\u00f6rvandlats till ett desperat, kommersiellt jippo d\u00e4r butikerna b\u00f6rjade skylta och spela julmusik redan i oktober.<\/p>\n\n\n\n<p>Det borde vara straffbart.<\/p>\n\n\n\n<p>Ewert gick bort till skivspelaren och satte p\u00e5 <em>On every street<\/em>. Han log n\u00e4r han t\u00e4nkte p\u00e5 den d\u00e4r natten p\u00e5 klubben, vad den nu hette, n\u00e4r de hade dansat till just den l\u00e5ten.<\/p>\n\n\n\n<p>Han och hon, vad hon nu hette. Hon som senare p\u00e5 natten f\u00f6ljde med honom hem, men var f\u00f6rsvunnen n\u00e4sta morgon.<\/p>\n\n\n\n<p>Tjugo\u00e5tta \u00e5r sedan.<\/p>\n\n\n\n<p>Ewert suckade. <\/p>\n\n\n\n<p>Tiden gick alldeles\nf\u00f6r fort och han hade kastat bort alldeles f\u00f6r mycket.<\/p>\n\n\n\n<p>Beg\u00e5tt misstag. S\u00e5rat\nm\u00e4nniskor.<\/p>\n\n\n\n<p>Gjort sig sj\u00e4lv illa.<\/p>\n\n\n\n<p>Han uppt\u00e4ckte att\nglaset var tomt och fr\u00e5gade sig sj\u00e4lv om han ville ha mer.<\/p>\n\n\n\n<p>Tja, vad fan. Han\nskulle inte jobba n\u00e4sta dag och risken f\u00f6r att krimjouren skulle ringa in honom\nmot Bergers order, var f\u00f6rsumlig. Men kanske hellre ett glas r\u00f6tt \u00e4n\nytterligare en whisky.<\/p>\n\n\n\n<p>Ewert h\u00e4mtade vinet\noch \u00e5terv\u00e4nde till f\u00f6nstret mot Odengatan.<\/p>\n\n\n\n<p>Han betraktade\ntankfullt m\u00e4nniskorna som passerade p\u00e5 trottoaren, de som klev av och p\u00e5\nbussen. Ungdomar, par, mammor med barnvagnar, \u00e4ldre som hade sv\u00e5rt att g\u00e5.<\/p>\n\n\n\n<p>M\u00e4nniskor. De som\nutgjorde storstadens puls.<\/p>\n\n\n\n<p>Han \u00e4lskade det och\nsamtidigt saknade han stillheten som r\u00e5tt n\u00e4r han bodde i huset vid havet i\nSk\u00e5ne. Men var sak hade sin tid och nu var han tillbaka i sitt \u00e4lskade\nStockholm. Om inte Gud eller Dj\u00e4vulen hindrade honom s\u00e5 t\u00e4nkte han bita sig\nfast h\u00e4r resten av livet.<\/p>\n\n\n\n<p>Med undantag f\u00f6r sm\u00e5\nutflykter hit och dit, f\u00f6rst\u00e5s.<\/p>\n\n\n\n<p>Signalen fr\u00e5n mobilen\navbr\u00f6t Ewerts tankar och han rynkade pannan.<\/p>\n\n\n\n<p>Vem ringde nu?<\/p>\n\n\n\n<p>Han k\u00e4nde inte igen\nnumret p\u00e5 displayen. S\u00e4kert en av de d\u00e4r f\u00f6rbannde telefonf\u00f6rs\u00e4ljarna men i s\u00e5\nfall skulle han f\u00e5 sig en rej\u00e4l avhyvling, vare sig det var jultider eller ej.<\/p>\n\n\n\n<p>\u201dTruut.\u201d<\/p>\n\n\n\n<p>R\u00f6sten i andra \u00e4nden\nl\u00e4t sliten men var v\u00e4lbekant:<\/p>\n\n\n\n<p>\u201dHej, det \u00e4r jag.\u201d<\/p>\n\n\n\n<p>Ewert stelnade till\noch k\u00e4nde hur pulsen \u00f6kade.<\/p>\n\n\n\n<p>Tomten.<\/p>\n\n\n\n<p>Den riktige tomten.<\/p>\n\n\n\n<p>De hade varit goda v\u00e4nner i sextio \u00e5r. Tomten var en redig karl, som levde som de flesta tio m\u00e5nader om \u00e5ret. Han hade familj och avbetalningar, bodde i radhus, tvingades g\u00e5 p\u00e5 a-kassa i l\u00e5nga perioder, hade f\u00f6r h\u00f6gt kolesterolv\u00e4rden och tog v\u00e4l n\u00e5gra j\u00e4rn f\u00f6r mycket. Men, t\u00e4nkte Ewert, en hyvens kille med glimten i \u00f6gat och massor av yrkesstolthet.<\/p>\n\n\n\n<p>\u201dKul att h\u00f6ra ifr\u00e5n sig\u201d, sa Ewert. \u201dDet var l\u00e4nge sedan.\u201d<\/p>\n\n\n\n<p>\u201dJa, du vet hur det \u00e4r, jag \u00e4r ju lite s\u00e4songsbetonad, hehe. Vad sysslar du med?\u201d<\/p>\n\n\n\n<p>\u201dMest det gamla vanliga. Mord och annat el\u00e4nde.\u201d<\/p>\n\n\n\n<p>\u201dJa, men nu, just nu?\u201d<\/p>\n\n\n\n<p>\u201dInget speciellt. Tar ett j\u00e4rn och funderar \u00f6ver livet.\u201d<\/p>\n\n\n\n<p>\u201dHar du lust att g\u00f6ra det tillsammans med mig? Jag beh\u00f6ver n\u00e5gon att snacka med.\u201d<\/p>\n\n\n\n<p>Ewert blev f\u00f6rv\u00e5nad.<\/p>\n\n\n\n<p>\u201dEhm, ja \u2026 visst, varf\u00f6r inte.\u201d<\/p>\n\n\n\n<p>\u201dDet ligger en hyfsad pub p\u00e5 Fleminggatan, jag kan vara d\u00e4r om en halvtimme om trafiken inte \u00e4r f\u00f6r j\u00e4vlig och jag hittar en parkering.\u201d<\/p>\n\n\n\n<p>Truut kv\u00e4vde ett skratt. Hur fan parkerade man en sl\u00e4de och en hel hoper renar i en stad som t\u00f6nten till trafikborgarr\u00e5d hade lyckats f\u00f6rst\u00f6ra f\u00f6r allt som hette biltrafik?<\/p>\n\n\n\n<p>Han kastade en blick p\u00e5 klockan.<\/p>\n\n\n\n<p>\u201dInga problem, jag kommer. Om jag \u00e4r d\u00e4r f\u00f6re dig s\u00e5 tar jag ett bord. Whisky?\u201d<\/p>\n\n\n\n<p>\u201dTrodde aldrig att du skulle fr\u00e5ga. Vi ses!\u201d<\/p>\n\n\n\n<p>Ewert tog p\u00e5 sig slips och kavaj. N\u00e4r han gick mot hallen kastade Neger-Joe ett s\u00f6mnigt \u00f6ga p\u00e5 honom.<\/p>\n\n\n\n<p>\u201dSk\u00f6t om dig och mamma nu\u201d, sa Ewert. \u201dJag kommer snart.\u201d<\/p>\n\n\n\n<p>P\u00e5 gatan ringde han efter en taxi som tog honom till puben p\u00e5 n\u00e5gra minuter. Ewert tog ett bord, best\u00e4llde tv\u00e5 whisky och studerade menyn. Han hade visserligen \u00e4tit middag n\u00e5gra timmar tidigare, men n\u00e5got litet skulle man v\u00e4l \u00e4nd\u00e5 kunna f\u00e5 ner.<\/p>\n\n\n\n<p>Tomten kom fl\u00e5sande in p\u00e5 puben n\u00e5got senare \u00e4n avtalat. Ewert tyckte att han s\u00e5g sliten ut och betydligt smalare \u00e4n \u00e5ret innan. De skakade hand och lyfte sina glas till sk\u00e5l.\u00a0\u00a0\u00a0\u00a0\u00a0 <\/p>\n\n\n\n<p>\u201dHur \u00e4r l\u00e4get?\u201d\nundrade Ewert bekymrat.<\/p>\n\n\n\n<p>\u201dF\u00f6r j\u00e4vligt\u201d,\nst\u00f6nade Tomten. \u201dI \u00e5r k\u00e4nns det v\u00e4rre \u00e4n n\u00e5gonsin\u201d.<\/p>\n\n\n\n<p>Han tog sig \u00e5t ryggen\nmed en grimas:<\/p>\n\n\n\n<p>\u201dDet \u00e4r dom h\u00e4r\ndatorerna. Jag kn\u00e4cker mig p\u00e5 att k\u00e5nka p\u00e5 laptops och surfplattor. Varf\u00f6r kan\ndom inte ge ungarna raggsockor som f\u00f6rr? Och vet du vad \u2013 ungj\u00e4vlarna i\nf\u00f6rorterna skriver att de vill ha pistoler och handgranater i julklapp! N\u00e5gra\nav dem kallade mig f\u00f6r \u2019bror\u2019 och kastade tomflaskor mot sl\u00e4den. En av renarna\nfick en i skallen och blev alldeles snurrig. Det d\u00e4r borde man ber\u00e4tta f\u00f6r\nregeringen. Om vi hade n\u00e5n, allts\u00e5.\u201d<\/p>\n\n\n\n<p>Sedan ber\u00e4ttade han\nom allt det andra och Ewert lyssnade uppm\u00e4rksamt.<\/p>\n\n\n\n<p>Det var stressigt.\nEfter tio m\u00e5naders arbetsl\u00f6shet fick Tomten jobba h\u00e4cken av sig och hann inte\nmed i alla fall. D\u00e5lig l\u00f6n, hemska arbetstider, p\u00e5t\u00e4nda renar och\nvisstidsanst\u00e4llda nissar som knappt f\u00f6rstod svenska, h\u00f6rde till vardagen.<\/p>\n\n\n\n<p>\u201dTa bara\ntransporterna\u201d, muttrade han. \u201dJag har \u00e5kt omkring i den d\u00e4r sl\u00e4dj\u00e4veln s\u00e5\nl\u00e4nge jag kan minnas. Den har varken hands-free, v\u00e4rmestol, ABS, GPS eller\nfram-medsdrift. Den \u00e4r helt enkelt livsfarlig, och jag vet inte hur m\u00e5nga\ng\u00e5nger vi har \u00e5kt i diket de senaste \u00e5ren. Renarna \u00e4r v\u00e4l inte v\u00e4rldens\nmilj\u00f6v\u00e4nligaste heller &#8211; de skiter ju ner hela stan under ett pass. I \u00e5r la jag\nin om att f\u00e5 en Chevavan ist\u00e4llet, men det finns inte pengar, s\u00e4ger chefen.\nT\u00e4nk dig sj\u00e4lv &#8211; Transport skulle aldrig godk\u00e4nna att en enda av deras andra gubbar\nk\u00f6rde en meter under samma villkor som jag, med \u00f6verlass och allt!\u201d<\/p>\n\n\n\n<p>Truut nickade\neftert\u00e4nksamt. Tomten fr\u00e5gade hur han hade det, Ewert gn\u00e4llde lite f\u00f6r sakens\nskull men konstaterade att Tomten hade betydligt v\u00e4rre problem. <\/p>\n\n\n\n<p>Och fler.<\/p>\n\n\n\n<p>Mannen med den r\u00f6da\nluvan och det stora sk\u00e4gget t\u00f6mde sitt glas.<\/p>\n\n\n\n<p>\u201dMan b\u00f6rjar ju bli till \u00e5ren\u201d, sa han bekymrat. \u201dAtt g\u00e5 arbetsl\u00f6s st\u00f6rre delen av \u00e5ret \u00e4r kn\u00e4ckande f\u00f6r sj\u00e4lvk\u00e4nslan. Och inte nog med det. Nu k\u00e4nns det som om ingen riktigt vill ha en ens under h\u00f6gs\u00e4song! Man ska fortfarande riskera att bryta ryggen av sig varje g\u00e5ng man kastar sig ner genom en skitig skorsten, eller snubblar uppf\u00f6r en villag\u00e5ng som ingen skottat, bara f\u00f6r att se ungj\u00e4vlarna klistrade framf\u00f6r en dator ist\u00e4llet f\u00f6r att tindra med \u00f6gonen. \u2019Tomten kommer\u2019, s\u00e4ger f\u00f6r\u00e4ldarna. \u2019Vem bryr sig?\u2019, s\u00e4ger ungarna och kollar in v\u00e5ld p\u00e5 Internet ist\u00e4llet. N\u00e4\u00e4e, det var b\u00e4ttre f\u00f6rr. Kan man f\u00e5 en whisky till, f\u00f6rresten?\u201d<\/p>\n\n\n\n<p>Ewert k\u00e4nde vart\nvinden bl\u00e5ste, s\u00e5 han best\u00e4llde in en hel flaska. De flyttade fr\u00e5n bardisken\ntill ett mysigt b\u00e5s med levande ljus och allt. B\u00e5da k\u00e4nde att de ville ha n\u00e5got\natt tugga p\u00e5.<\/p>\n\n\n\n<p>Truut vinkade till\nsig servitrisen.<\/p>\n\n\n\n<p>\u201dEn liten trevlig\njultallrik, kanske?\u201d fr\u00e5gade hon och sneglade undrande p\u00e5 Tomtens kl\u00e4der.<\/p>\n\n\n\n<p>\u201dNej f\u00f6r faan!\u201d r\u00f6t\nTomten.<\/p>\n\n\n\n<p>Flickan hoppade till\noch s\u00e5g nerv\u00f6s ut.<\/p>\n\n\n\n<p>\u201dF\u00f6rl\u00e5t\u201d, muttrade\nTomten. \u201dJag menade inget illa. Kan du inte bara fixa ihop lite plock som inte\n\u00e4r s\u00e5 juligt? Och ingen korv, tack&#8230;\u201d<\/p>\n\n\n\n<p>\u201dDetsamma f\u00f6r mig\u201d,\nsa Ewert. \u201dOch en sup skulle inte sitta iv\u00e4gen.\u201d<\/p>\n\n\n\n<p>Hon skrev febrilt i\nsitt lilla block och gick iv\u00e4g.<\/p>\n\n\n\n<p>Ewert fr\u00e5gade om\nTomten kunde lita p\u00e5 nissarna nuf\u00f6rtiden? Den gamle v\u00e4nnen s\u00e5g en aning\nbedr\u00f6vad ut n\u00e4r han svarade:<\/p>\n\n\n\n<p>\u201d\u00c4h, det \u00e4r mest skit\nmed dem. F\u00f6rr hade jag samma killar heltidsanst\u00e4llda \u00e5ret runt. Vi var ett bra\ng\u00e4ng som kunde planera ordentligt. Men f\u00f6r n\u00e5gra \u00e5r sen blev alla uppsagda och\nbara vi tomtar fick s\u00f6ka om v\u00e5ra tj\u00e4nster. Nu f\u00e5r jag plocka in ALU-praktikanter\noch FAS 3-folk och nyanl\u00e4nda som nissar varje \u00e5r. Alla ska l\u00e4ras upp fr\u00e5n\nb\u00f6rjan men de skiter i vilket, eftersom de vet att de f\u00e5r sparken om en m\u00e5nad i\nalla fall.\u201d<\/p>\n\n\n\n<p>Nedsk\u00e4rningarna hade\nf\u00e5tt andra effekter ocks\u00e5, ber\u00e4ttade Tomten. F\u00f6rr var landet uppdelat i\ndistrikt, som servades av ett helt g\u00e4ng tomtar under en chefstomte. Men efter\natt h\u00e4lften fick sparken, ut\u00f6kades distrikten till orimliga proportioner.<\/p>\n\n\n\n<p>\u201dVi hinner helt\nenkelt inte. Hur ska jag ska kunna dela ut klappar fr\u00e5n Link\u00f6ping till\n\u00d6stersund p\u00e5 en kv\u00e4ll? Det r\u00e4cker med att en liten parvel gillar mig, vill att\njag ska snacka en stund eller leka med hans nya t\u00e5g, f\u00f6r att schemat ska spricka.\nEller att en ensamst\u00e5ende mamma t\u00e4nder till, bjuder p\u00e5 ett j\u00e4rn och vill att\nman ska stanna en stund efter l\u00e4ggdags. D\u00e5 g\u00e5r allt \u00e5t skogen. F\u00f6rra \u00e5ret var\ndet ett g\u00e4ng i G\u00e4vle som inte fick sina klappar f\u00f6rr\u00e4n i mars, f\u00f6r att jag inte\nhann med. Och den utdelningen fick jag inte ens betalt f\u00f6r.\u201d <\/p>\n\n\n\n<p>Maten kom in, de \u00e5t\nlite under tystnad och sk\u00e5lade. I smyg betraktade Ewert sin gamle v\u00e4n. Han s\u00e5g\nverkligen tr\u00f6tt och sliten ut.<\/p>\n\n\n\n<p>\u201dHur \u00e4r det med\nMajsan och ungarna d\u00e5?\u201d fr\u00e5gade Truut.<\/p>\n\n\n\n<p>Tomten suckade tungt:<\/p>\n\n\n\n<p>\u201dDet \u00e4r v\u00e4l b\u00e4ttre\nnu, men vi hade en kris f\u00f6r ett tag sen. Jag hade ett prassel med en hemmafru i\nUppsala f\u00f6rra julen &#8230; \u201d<\/p>\n\n\n\n<p>Ewert h\u00f6jde p\u00e5\n\u00f6gonbrynen.<\/p>\n\n\n\n<p>\u201dVa? Finns det fortfarande\nhemmafruar? Jag trodde att det var politiskt inkorrekt.\u201d<\/p>\n\n\n\n<p>\u201dH\u00e4h\u00e4, en och annan, bara\u201d, frustade Tomten. \u201dOch du har r\u00e4tt, de f\u00e5 som vi har kvar f\u00e5r vi v\u00e4l l\u00e4gga i formalin och st\u00e4lla p\u00e5 museum snart.\u201d<\/p>\n\n\n\n<p>Han fortsatte:<\/p>\n\n\n\n<p>\u201dDet var f\u00f6rst\u00e5s\nkorkat av mig att leka med den d\u00e4r damen, n\u00e5got slags \u00e5lderskris kanske. N\u00e4r\nMajsan fattade vad jag h\u00f6ll p\u00e5 med b\u00f6rjade hon prassla med en av mina nissar, s\u00e5\njag blev riktigt sur. Vi har b\u00f6rjat om p\u00e5 ny kula, fast det \u00e4r lite gnissligt\nmellan oss och vi br\u00e5kar r\u00e4tt ofta. Hon har till och med f\u00f6reslagit att vi ska\nfira jul p\u00e5 skilda h\u00e5ll f\u00f6r att f\u00e5 en paus fr\u00e5n varandra. Och s\u00e5 tjatar hon om\natt jag ska skaffa ett b\u00e4ttre, mer regelbundet jobb med mindre br\u00e5k. Jag fick\nju p\u00e5 k\u00e4ften f\u00f6rra \u00e5ret&#8230;\u201d<\/p>\n\n\n\n<p>\u201dVa?\u201d sa Ewert. \u201dBer\u00e4tta!\u201d<\/p>\n\n\n\n<p>Tomten skakade p\u00e5\nhuvudet:<\/p>\n\n\n\n<p>\u201dJag kom ut fr\u00e5n en\nhyresk\u00e5k mitt i Stockholm och skulle kasta upp toms\u00e4cken och sticka. Men sl\u00e4den\nvar omringad av ett g\u00e4ng s\u00e5na d\u00e4r militanta veganer som h\u00f6ll p\u00e5 att spreja\nslagord p\u00e5 den och f\u00f6rs\u00f6kte t\u00e4nda eld p\u00e5 den, medan n\u00e5gra andra f\u00f6rs\u00f6kte sl\u00e4ppa\nloss renarna. Jag undrade f\u00f6rst\u00e5s vad fan dom h\u00f6ll p\u00e5 med? N\u00e5gon liten veganbrud\nb\u00f6rjade yra om djurpl\u00e5geri och att dom inte st\u00e4llde upp p\u00e5 att djur\nmisshandlades. Jag sa att hon kunde ta sig i h\u00e4cken och d\u00e5 sa hon att det var\nsexuella trakasserier, och sen var festen ig\u00e5ng. Dom var v\u00e4l en tre, fyra\nstycken som hoppade p\u00e5 mig,&nbsp; men akta dig\nvad d\u00e4ng dom fick! Jag brukar ha ett baseballtr\u00e4 liggande i sl\u00e4den, just in\ncase, och nu fick dom smaka k\u00e4pp. Men ett par snytingar fick jag ju f\u00f6rst\u00e5s&#8230;\u201d<\/p>\n\n\n\n<p>Truut skakade p\u00e5\nhuvudet.<\/p>\n\n\n\n<p>\u201dJa du, jag har f\u00e5tt\nin en s\u00e5n d\u00e4r vegantjomme i min grupp ocks\u00e5. Han \u00e4r visserligen inte militant,\nmen han f\u00f6rs\u00f6ker f\u00e5 mig att dricka hemmagjord r\u00f6dbetsjuice.\u201d<\/p>\n\n\n\n<p>\u201dFy f\u00f6r helvete!\u201d<\/p>\n\n\n\n<p>\u201dMmm, men hittills\nhar jag lyckats spola ner den i toaletten.\u201d<\/p>\n\n\n\n<p>Tomten smakade p\u00e5 sin\nwhisky.<\/p>\n\n\n\n<p>\u201dN\u00e4\u00e4e\u201d, sa han\nfundersamt. \u201dDet b\u00f6rjar bli f\u00f6r bra det h\u00e4r. Det \u00e4r inte alls som det var f\u00f6rr.\nMan skulle dra fr\u00e5n hela skiten&#8230;\u201d<\/p>\n\n\n\n<p>Ewert nickade\nfundersamt.<\/p>\n\n\n\n<p>\u201dVad skulle du vilja\ng\u00f6ra ist\u00e4llet?\u201d<\/p>\n\n\n\n<p>\u201dTja\u201d, man har ju\nhaft lite tid att t\u00e4nka under de h\u00e4r \u00e5ren. Memoarer verkar ju patetiskt,\nvarenda snattande politiker och otrogen k\u00e4ndis skriver ju snyftb\u00f6cker f\u00f6r att\nf\u00e5 f\u00f6rst\u00e5else. Men att ligga n\u00e4ck p\u00e5 en strand i V\u00e4stindien vore ju inte helt\nfel. \u00d6ppna en bar kanske. Eller bara l\u00e4sa bra deckare. Jag tror att jag s\u00f6ker sjukpension\nefter den h\u00e4r s\u00e4songen. Tror du att dom accepterar s\u00f6nderfrusen r\u00f6v som\narbetsskada, he-he?\u201d<\/p>\n\n\n\n<p>De sk\u00e5lade igen och det\nblev en l\u00e5ng och glad kv\u00e4ll, trots allt. <\/p>\n\n\n\n<p>N\u00e4r Ewert och Tomten\nvacklade ut fr\u00e5n puben stod sl\u00e4den snett parkerad halvv\u00e4gs upp p\u00e5 trottoaren.<\/p>\n\n\n\n<p>En p-bot p\u00e5 ettusen\ntrehundra kronor satt fasttejpad p\u00e5 sidan.<\/p>\n\n\n\n<p>\u201dGe mig den d\u00e4r\u201d, sa\nTruut, \u201ds\u00e5 ska jag f\u00e5 den avskriven. J\u00e4vla trams, det h\u00e4r \u00e4r ju tj\u00e4nsteut\u00f6vning,\nkan man s\u00e4ga.\u201d<\/p>\n\n\n\n<p>&nbsp;Renarna stod d\u00e4r och glodde, h\u00e4ngde med\nhuvudena och tuggade p\u00e5 n\u00e5got. <\/p>\n\n\n\n<p>Tomten erbj\u00f6d Ewert\nskjuts hem, men han avb\u00f6jde.<\/p>\n\n\n\n<p>\u201dJag tar en promenad,\ndet piggar upp. Men du, om Majsan menar allvar med att ni ska vara p\u00e5 skilda\nh\u00e5ll i jul, s\u00e5 kanske du har lust att komma hem till mig? Jag sitter ocks\u00e5\nensam. Det blir inget m\u00e4rkv\u00e4rdigt, lite enkel mat och n\u00e5gra supar. Vad s\u00e4ger\ndu?\u201d<\/p>\n\n\n\n<p>Tomten sken upp.<\/p>\n\n\n\n<p>\u201dDet l\u00e5ter inte illa\nalls, bara jag blir klar med utdelningen i tid. Jag ringer dig. Ta det lugnt\nnu.\u201d<\/p>\n\n\n\n<p>Det \u00e4r det enda jag\ng\u00f6r nu, t\u00e4nkte Ewert. Tyv\u00e4rr.<\/p>\n\n\n\n<p>Han stod kvar och\ntittade n\u00e4r Tomten \u00e5kte. Det var en imponerande syn n\u00e4r renarna snedstartade\nupp\u00e5t och drog j\u00e4rnet ut mot Tomtens f\u00f6rort. L\u00e5ngt inombords undrade Ewert om\ndet trots deras samtal nyss, var sista g\u00e5ngen han skulle se sin gamle v\u00e4n.<\/p>\n\n\n\n<p>Ewert slog undan\nfarh\u00e5gorna och b\u00f6rjade l\u00e5ngsamt g\u00e5 hem\u00e5t, uppiggad efter m\u00f6tet med Tomten.<\/p>\n\n\n\n<p>Pl\u00f6tsligt stod en ung\nman kl\u00e4dd i Adidasbyxor och huvtr\u00f6ja framf\u00f6r honom.<\/p>\n\n\n\n<p>Han hade en f\u00e4llkniv\ni handen.<\/p>\n\n\n\n<p>\u201dEy, brorsan, hit med\nmobilen och cash, va?\u201d<\/p>\n\n\n\n<p>Ewert k\u00e4nde sig pl\u00f6tsligt\noerh\u00f6rt gammal och tr\u00f6tt. F\u00f6rr kunde man g\u00e5 hem fr\u00e5n krogen i lugn och ro utan\natt n\u00e5got yngel skulle komma fram och j\u00e4vlas.<\/p>\n\n\n\n<p>Han sp\u00e4nde \u00f6gonen i\nden som hade t\u00e4nkt sig en karri\u00e4r som r\u00e5nare.<\/p>\n\n\n\n<p>\u201dDin morsa!\u201d<\/p>\n\n\n\n<p>Grabben tittade\nstor\u00f6gt p\u00e5 honom och brast ut i gapskratt.<\/p>\n\n\n\n<p>\u201dJag \u00e4r aina\u201d, fortsatte Truut. \u201dG\u00e5 hem nu innan barnprogrammen \u00e4r slut och innan jag ger dig fett med pisk och d\u00e4nger dig i finkan. Och ta hit knivj\u00e4veln! Shoo bree!\u201d<\/p>\n\n\n\n<p>Pojken l\u00e4mnade \u00f6ver\nkniven och blev st\u00e5ende lutad mot en husv\u00e4gg medan han skakade av skratt.<\/p>\n\n\n\n<p>Truut b\u00f6jde ner huvudet f\u00f6r att grabben inte skulle se hans flin och gick vidare med raska steg medan han l\u00e4t kniven glida ner i rockfickan, stolt \u00f6ver sina talanger n\u00e4r det g\u00e4llde f\u00f6rortsslang.<\/p>\n\n\n\n<p>Och kniven kunde ju vara bra att ha.<\/p>\n\n\n\n<p>Medan han gick \u00f6ver\nS:t Eriksbron t\u00e4nkte han att hans jul kanske inte skulle bli s\u00e5 bedr\u00f6vlig i\nalla fall, i alla fall inte om Tomten kom f\u00f6rbi. Lite skinka, prinskorvar, kokt\npotatis, franskbr\u00f6d och n\u00e5gra supar. Kanske skulle han till och med g\u00f6ra egen\nsenap, som p\u00e5 den gamla goda tiden.<\/p>\n\n\n\n<p>Sedan kunde de koppla\nav och ljuga tillsammans.<\/p>\n\n\n\n<p>Det kunde bli en trevlig kv\u00e4ll och katterna skulle naturligtvis f\u00e5 frossa i det b\u00e4sta som fanns att f\u00e5 f\u00f6r dem.<\/p>\n\n\n\n<p>Kanske skulle Ewert ge sig sj\u00e4lv en teknisk nymodighet i julklapp. Byta VHS-spelaren mot en s\u00e5dan d\u00e4r DVD, eller vad de hette. Visserligen var det irriterande att han skulle beh\u00f6va k\u00f6pa alla sina favoritfilmer i det nya formatet, men \u00e4nd\u00e5.<\/p>\n\n\n\n<p>Han hade r\u00e5d och han var v\u00e4rd det.<\/p>\n\n\n\n<p>Medan Ewert fortsatte\nhem\u00e5t i den kalla vinternatten med sn\u00f6n knarrande under sulorna, mindes han\nVictor Rydbergs &#8221;Tomten&#8221;. Han t\u00e4nkte p\u00e5 sin v\u00e4ns framtidsplaner och\ntravesterade:<\/p>\n\n\n\n<p><em>Midvinternattens\nk\u00f6ld \u00e4r h\u00e5rd<\/em><\/p>\n\n\n\n<p><em>veganer\nsamlas p\u00e5 var g\u00e5rd<\/em><\/p>\n\n\n\n<p><em>Smider\nplaner i tung dimma<\/em><\/p>\n\n\n\n<p><em>om\natt sl\u00e5 Tomten i midnattstimma<\/em><\/p>\n\n\n\n<p><em>Men\nack kommer planen <\/em><\/p>\n\n\n\n<p><em>sn\u00f6pligt\ntill korta<\/em><\/p>\n\n\n\n<p><em>N\u00e4r\nde pl\u00f6tsligt m\u00e4rker<\/em><\/p>\n\n\n\n<p><em>att\nTomten \u00e4r borta<\/em><\/p>\n\n\n\n<p><em>Sn\u00f6n\nlyser vit p\u00e5 fur och gran<\/em><\/p>\n\n\n\n<p><em>sn\u00f6n\nlyser vit p\u00e5 taken<\/em><\/p>\n\n\n\n<p><em>P\u00e5\nen soldr\u00e4nkt strand ligger tomten,<\/em><\/p>\n\n\n\n<p><em>ensam,\nglad och naken&#8230;<\/em><\/p>\n<div id=\"wp_fb_like_button\" style=\"margin:5px 0;float:none;height:100px;\"><script src=\"http:\/\/connect.facebook.net\/en_US\/all.js#xfbml=1\"><\/script><fb:like href=\"https:\/\/www.ohrlund.se\/blogg\/julsaga-ewert-truut-och-tomtens-bekymmer\/\" send=\"true\" layout=\"standard\" width=\"450\" show_faces=\"true\" font=\"arial\" action=\"like\" colorscheme=\"light\"><\/fb:like><\/div>","protected":false},"excerpt":{"rendered":"<p>Ewert Truut fimpade cigarretten och h\u00e4llde upp ett glas whisky. N\u00e4r han gick genom vardagsrummet fram till f\u00f6nstren noterade han att Alice Capone och Neger-Joe hade krupit ihop tillsammans i den stora, mjuka kattkorgen. Alice sov. Neger-Joe spann. Bra. Ewert &hellip; <a href=\"https:\/\/www.ohrlund.se\/blogg\/julsaga-ewert-truut-och-tomtens-bekymmer\/\">Forts\u00e4tt l\u00e4sa <span class=\"meta-nav\">&rarr;<\/span><\/a><\/p>\n","protected":false},"author":2,"featured_media":0,"comment_status":"closed","ping_status":"open","sticky":false,"template":"","format":"standard","meta":{"_jetpack_memberships_contains_paid_content":false,"footnotes":""},"categories":[1],"tags":[],"class_list":["post-3959","post","type-post","status-publish","format-standard","hentry","category-okategoriserade"],"jetpack_featured_media_url":"","jetpack_sharing_enabled":true,"post_mailing_queue_ids":[],"_links":{"self":[{"href":"https:\/\/www.ohrlund.se\/blogg\/wp-json\/wp\/v2\/posts\/3959","targetHints":{"allow":["GET"]}}],"collection":[{"href":"https:\/\/www.ohrlund.se\/blogg\/wp-json\/wp\/v2\/posts"}],"about":[{"href":"https:\/\/www.ohrlund.se\/blogg\/wp-json\/wp\/v2\/types\/post"}],"author":[{"embeddable":true,"href":"https:\/\/www.ohrlund.se\/blogg\/wp-json\/wp\/v2\/users\/2"}],"replies":[{"embeddable":true,"href":"https:\/\/www.ohrlund.se\/blogg\/wp-json\/wp\/v2\/comments?post=3959"}],"version-history":[{"count":3,"href":"https:\/\/www.ohrlund.se\/blogg\/wp-json\/wp\/v2\/posts\/3959\/revisions"}],"predecessor-version":[{"id":3962,"href":"https:\/\/www.ohrlund.se\/blogg\/wp-json\/wp\/v2\/posts\/3959\/revisions\/3962"}],"wp:attachment":[{"href":"https:\/\/www.ohrlund.se\/blogg\/wp-json\/wp\/v2\/media?parent=3959"}],"wp:term":[{"taxonomy":"category","embeddable":true,"href":"https:\/\/www.ohrlund.se\/blogg\/wp-json\/wp\/v2\/categories?post=3959"},{"taxonomy":"post_tag","embeddable":true,"href":"https:\/\/www.ohrlund.se\/blogg\/wp-json\/wp\/v2\/tags?post=3959"}],"curies":[{"name":"wp","href":"https:\/\/api.w.org\/{rel}","templated":true}]}}