{"id":3963,"date":"2019-12-23T13:10:06","date_gmt":"2019-12-23T11:10:06","guid":{"rendered":"https:\/\/www.ohrlund.se\/blogg\/?p=3963"},"modified":"2019-12-23T13:10:09","modified_gmt":"2019-12-23T11:10:09","slug":"tankar-dagen-fore","status":"publish","type":"post","link":"https:\/\/www.ohrlund.se\/blogg\/tankar-dagen-fore\/","title":{"rendered":"Tankar dagen f\u00f6re"},"content":{"rendered":"\n<p>Jag sitter h\u00e4r och sitter, med kryckan bredvid och\nfoten i den plastpj\u00e4xa som jag inte alls \u00e4r god v\u00e4n med.<\/p>\n\n\n\n<p>Det skulle inte vara s\u00e5. Just nu skulle jag vara l\u00e5ngt borta, av m\u00e5nga sk\u00e4l.<\/p>\n\n\n\n<p>\u00d6det ville annorlunda. Men snart, s\u00e5.<\/p>\n\n\n\n<p>Jag tittar tillbaka p\u00e5 ett omv\u00e4lvande \u00e5r. Ett \u00e5r d\u00e5 jag drabbades av sjukdom, illvilja, ondska, or\u00e4ttvisa, mammas d\u00f6d och till sist en bruten fot.<\/p>\n\n\n\n<p>Men ocks\u00e5 ett av de b\u00e4sta \u00e5ren i mitt liv.<\/p>\n\n\n\n<p>V\u00e5ren d\u00e5 de f\u00f6rsta solstr\u00e5larna lyste p\u00e5 porlande\nvatten och fick mig att se helt nya l\u00f6sningar.<\/p>\n\n\n\n<p>Dagarna i solen. Bilder. <\/p>\n\n\n\n<p>De l\u00e5nga sommarn\u00e4tterna med dig i det stora rummet\nmellan hav och natur, d\u00e4r orden och musiken fl\u00f6dade, d\u00e4r vackra tankar och viskningar\navl\u00f6ste varandra. <\/p>\n\n\n\n<p>N\u00e4tterna som aldrig fick ta slut.<\/p>\n\n\n\n<p>H\u00f6strusket sedan, d\u00e5 jag fick mer v\u00e4rme, omtanke\noch k\u00e4rlek i alla former, fr\u00e5n fler m\u00e4nniskor \u00e4n n\u00e5gonsin.<\/p>\n\n\n\n<p>Och nu forts\u00e4tter det vackra.<\/p>\n\n\n\n<p>Ni vet alla vilka ni \u00e4r, ni vet hur tacksam jag \u00e4r\noch att jag \u00e4lskar er.<\/p>\n\n\n\n<p>Julen blir den b\u00e4sta p\u00e5 mycket l\u00e4nge. Lugn, inga\nkrav, inga m\u00e5sten. Jag och mina k\u00e4raste.<\/p>\n\n\n\n<p>D\u00e4refter \u2013 val p\u00e5 en livskarta d\u00e4r jag har fler\nm\u00f6jligheter \u00e4n p\u00e5 mycket l\u00e4nge.<\/p>\n\n\n\n<p>Jag \u00e4r priviligierad.<\/p>\n\n\n\n<p>Samtidigt blir jag sorgsen n\u00e4r jag pratar med\nm\u00e4nniskor. N\u00e5gra ser fram mot de kommande helgerna men \u00e4nnu fler \u00e4r\n\u00e5ngestfyllda.<\/p>\n\n\n\n<p>Kraven tycks enorma. N\u00e5gon bekymrar sig f\u00f6r hur\ndyrt det blir med julklappar, till m\u00e4nniskor de inte ens vill ge n\u00e5got till,\nmen k\u00e4nner att de m\u00e5ste. Andra, m\u00e5nga andra, gruvar sig f\u00f6r att fira\ntillsammans med m\u00e4nniskor de inte trivs med.<\/p>\n\n\n\n<p>F\u00f6r att n\u00e5gon annan \u00f6nskar, vill eller kr\u00e4ver det.<\/p>\n\n\n\n<p>Illa. Det var inte s\u00e5 det var t\u00e4nkt.<\/p>\n\n\n\n<p>Ett liv, en g\u00e5va. Sekunder, minuter, timmar som\naldrig kommer tillbaka.<\/p>\n\n\n\n<p>Ett liv.<\/p>\n\n\n\n<p>Ta en l\u00e5ng promenad i ensamhet. Fundera \u00f6ver vad\ndu verkligen vill g\u00f6ra av det som \u00e4r kvar.<\/p>\n\n\n\n<p>Och g\u00f6r det. Det g\u00e5r. Det \u00e4r faktiskt bara en\nm\u00e4nniska som kan best\u00e4mma det.<\/p>\n\n\n\n<p>Du.<\/p>\n\n\n\n<p>Jag \u00f6nskar dig och ro och gl\u00e4dje under helgerna.<\/p>\n\n\n\n<p>Och ett h\u00e4lsosamt, lyckligt, alldeles fantastiskt\n2020!<\/p>\n<div id=\"wp_fb_like_button\" style=\"margin:5px 0;float:none;height:100px;\"><script src=\"http:\/\/connect.facebook.net\/en_US\/all.js#xfbml=1\"><\/script><fb:like href=\"https:\/\/www.ohrlund.se\/blogg\/tankar-dagen-fore\/\" send=\"true\" layout=\"standard\" width=\"450\" show_faces=\"true\" font=\"arial\" action=\"like\" colorscheme=\"light\"><\/fb:like><\/div>","protected":false},"excerpt":{"rendered":"<p>Jag sitter h\u00e4r och sitter, med kryckan bredvid och foten i den plastpj\u00e4xa som jag inte alls \u00e4r god v\u00e4n med. Det skulle inte vara s\u00e5. Just nu skulle jag vara l\u00e5ngt borta, av m\u00e5nga sk\u00e4l. \u00d6det ville annorlunda. Men &hellip; <a href=\"https:\/\/www.ohrlund.se\/blogg\/tankar-dagen-fore\/\">Forts\u00e4tt l\u00e4sa <span class=\"meta-nav\">&rarr;<\/span><\/a><\/p>\n","protected":false},"author":2,"featured_media":0,"comment_status":"closed","ping_status":"open","sticky":false,"template":"","format":"standard","meta":{"_jetpack_memberships_contains_paid_content":false,"footnotes":""},"categories":[1],"tags":[],"class_list":["post-3963","post","type-post","status-publish","format-standard","hentry","category-okategoriserade"],"jetpack_featured_media_url":"","jetpack_sharing_enabled":true,"post_mailing_queue_ids":[],"_links":{"self":[{"href":"https:\/\/www.ohrlund.se\/blogg\/wp-json\/wp\/v2\/posts\/3963","targetHints":{"allow":["GET"]}}],"collection":[{"href":"https:\/\/www.ohrlund.se\/blogg\/wp-json\/wp\/v2\/posts"}],"about":[{"href":"https:\/\/www.ohrlund.se\/blogg\/wp-json\/wp\/v2\/types\/post"}],"author":[{"embeddable":true,"href":"https:\/\/www.ohrlund.se\/blogg\/wp-json\/wp\/v2\/users\/2"}],"replies":[{"embeddable":true,"href":"https:\/\/www.ohrlund.se\/blogg\/wp-json\/wp\/v2\/comments?post=3963"}],"version-history":[{"count":1,"href":"https:\/\/www.ohrlund.se\/blogg\/wp-json\/wp\/v2\/posts\/3963\/revisions"}],"predecessor-version":[{"id":3964,"href":"https:\/\/www.ohrlund.se\/blogg\/wp-json\/wp\/v2\/posts\/3963\/revisions\/3964"}],"wp:attachment":[{"href":"https:\/\/www.ohrlund.se\/blogg\/wp-json\/wp\/v2\/media?parent=3963"}],"wp:term":[{"taxonomy":"category","embeddable":true,"href":"https:\/\/www.ohrlund.se\/blogg\/wp-json\/wp\/v2\/categories?post=3963"},{"taxonomy":"post_tag","embeddable":true,"href":"https:\/\/www.ohrlund.se\/blogg\/wp-json\/wp\/v2\/tags?post=3963"}],"curies":[{"name":"wp","href":"https:\/\/api.w.org\/{rel}","templated":true}]}}