{"id":3983,"date":"2020-01-23T04:14:42","date_gmt":"2020-01-23T02:14:42","guid":{"rendered":"https:\/\/www.ohrlund.se\/blogg\/?p=3983"},"modified":"2020-01-23T04:14:45","modified_gmt":"2020-01-23T02:14:45","slug":"vanmakt-och-raseri","status":"publish","type":"post","link":"https:\/\/www.ohrlund.se\/blogg\/vanmakt-och-raseri\/","title":{"rendered":"Vanmakt och raseri"},"content":{"rendered":"\n<p><strong>Klockan \u00e4r 02.30 n\u00e4r detta skrivs<\/strong>, efter att jag har talat i telefon i \u00f6ver en timme med min dotter.<\/p>\n\n\n\n<p><strong>Hon har inte f\u00e5tt \u00e4ta eller dricka p\u00e5 \u00f6ver 30 timmar. F\u00f6r andra dagen ligger hon i en sjukhusk\u00f6 och v\u00e4ntar p\u00e5 akut operation.<\/strong><\/p>\n\n\n\n<p><strong>I dag har hon v\u00e4ntat sedan klockan 11.00.<\/strong><\/p>\n\n\n\n<p><strong>Nu \u00e4r den 02.29.<\/strong><\/p>\n\n\n\n<p><strong>Femton och en halv timmes v\u00e4ntan<\/strong> med \u00e5ngest, sm\u00e4rtor och bristf\u00e4lliga besked.<\/p>\n\n\n\n<p><strong>Hon har haft panik\u00e5ngestattacker, igen.<\/strong> Hon har ofattbara sm\u00e4rtor. I timmar har hon f\u00e5tt h\u00f6ra att hon \u00e4r &#8221;f\u00f6rst i k\u00f6n&#8221;.<\/p>\n\n\n\n<p><strong>Jag fylls av vanmakt.<\/strong> Vanmakt f\u00f6r att inte kunna g\u00f6ra n\u00e5got f\u00f6r att d\u00e4mpa lidandet hos en av de tv\u00e5 m\u00e4nniskor jag \u00e4lskar mest i v\u00e4rlden.<\/p>\n\n\n\n<p><strong>Jag fylls av raseri.<\/strong> Dels f\u00f6r att aset som en g\u00e5ng orsakade allt det h\u00e4r lidandet hos henne, sitter och flinar obekymrad n\u00e5gonstans. Dels f\u00f6r att de som styr &#8211; och styrt &#8211; landet har till\u00e5tit stora delar av v\u00e5rden att rasa ihop.<\/p>\n\n\n\n<p><strong>Politikerna <em>s\u00e5g det inte komma<\/em>.<\/strong><\/p>\n\n\n\n<p>Eller?<\/p>\n\n\n\n<p>Sedan i november har jag tillbringat f\u00f6rsvarliga delar av min tid liggande p\u00e5 sjukhus, opererats flera g\u00e5nger och jag ska snart in igen f\u00f6r att ligga d\u00e4r och opereras p\u00e5 nytt. Jag har sett stressen och hetsen, pratat med dag-, kv\u00e4lls- och nattpersonal. H\u00f6rt det ena vittnesm\u00e5let efter det andra om hur illa det verkligen \u00e4r. Om hur personalen g\u00e5r p\u00e5 kn\u00e4na, f\u00f6rs\u00f6ker le och h\u00e5lla modet uppe men bryter ihop n\u00e4r ingen ser. Jag har glatts och f\u00f6rv\u00e5nats \u00f6ver vilken fin, noggrann v\u00e5rd och omtanke jag f\u00e5tt fr\u00e5n dem som trots allt orkar forts\u00e4tta slita. Tack, ni alla!<\/p>\n\n\n\n<p><strong>Men jag ser vart\u00e5t det barkar och nu g\u00e5r det fort. I Sveriges st\u00f6rsta stad, med ett av v\u00e4rldens h\u00f6gsta skattetryck, varslar man 800 v\u00e5rdpersoner om upps\u00e4gning n\u00e4r de beh\u00f6vs som allra mest.<\/strong> <strong>Idioti i sin prydno.<\/strong><\/p>\n\n\n\n<p>Politikerna <em>s\u00e5g det inte komma. <\/em>Jag citerar Statistiska Centralbyr\u00e5ns hemsida:<\/p>\n\n\n\n<p> &#8221;V<em>id millennieskiftet \u00e5r 2000 har Sverige 8,9 miljoner inv\u00e5nare. Invandringen forts\u00e4tter att \u00f6ka. Det handlar dels om personer som flyr fr\u00e5n krig och f\u00f6rtryck fr\u00e5n bland annat Irak, Afghanistan, Somalia och Syrien, och dels om arbetskraftsinvandring fr\u00e5n \u00f6vriga Europa i samband med att nya l\u00e4nder g\u00e5r med i EU. Dessutom \u00f6kar antalet utl\u00e4ndska studenter som kommer till Sverige. N\u00e4r inb\u00f6rdeskrig bryter ut i Syrien 2011 s\u00f6ker sig m\u00e5nga till Sverige och invandringen \u00f6vertr\u00e4ffar alla tidigare noteringar. Den h\u00f6ga invandringen medf\u00f6r att Syrien under 2017 g\u00e5r om Finland som det vanligaste f\u00f6delselandet f\u00f6r utrikes f\u00f6dda. Under \u00e5ren 2011\u20132017 \u00e4r andra vanliga invandrargrupper personer f\u00f6dda i Polen, Somalia och Irak. Dessutom \u00e4r det m\u00e5nga svenskar som \u00e5terv\u00e4nder efter att bott utomlands och d\u00e4rf\u00f6r r\u00e4knas in i statistiken. Samtidigt \u00e4r f\u00f6delsetalen h\u00f6ga och i januari 2017 passerar vi f\u00f6r f\u00f6rsta g\u00e5ngen 10 miljoner inv\u00e5nare i Sverige.<\/em>&#8221;<\/p>\n\n\n\n<p>\u00d6ver 1,1 miljoner fler inv\u00e5nare p\u00e5 17 \u00e5r! En markant procentuell \u00f6kning. Politikerna <em>s\u00e5g det inte komma,<\/em> trots att de fattade merparten av besluten som ledde till \u00f6kningen. Naturligtvis \u00e4r det l\u00e4ttast att sl\u00e5 p\u00e5 dem som styr landet nu, men siffrorna ovan visar att deras f\u00f6reg\u00e5ngare knappast \u00e4r utan skuld heller.<\/p>\n\n\n\n<p><strong>Fr\u00e5n SCB:s hemsida:<\/strong><\/p>\n\n\n\n<p>&#8221;<em>I framtiden f\u00f6rv\u00e4ntas befolkningen forts\u00e4tta \u00f6ka i n\u00e4stan samma takt och \u00e5r 2029 ber\u00e4knas folkm\u00e4ngden vara 11 miljoner. Enligt denna framskrivning \u00e4r vi 12 miljoner inv\u00e5nare i Sverige \u00e5r 2052 och knappt 13 miljoner \u00e5r 2070, det sista \u00e5ret i framskrivningen.<\/em>&#8221;<\/p>\n\n\n\n<p><strong>Ser ni det komma nu, d\u00e5?<\/strong><\/p>\n\n\n\n<p>Kanske. Men som vanligt g\u00e4ller det att h\u00e5lla masken in i det sista. Trots v\u00e5rdupproret och hundratals, tusentals desperata vittnesm\u00e5l fr\u00e5n l\u00e4kare, sjuksk\u00f6terskor, undersk\u00f6terskor och andra i v\u00e5rden, ler sjukhusadministrat\u00f6rer och rapporterar glatt upp\u00e5t att s\u00e4kerheten inte \u00e4r i fara f\u00f6r vare sig patienter eller personal. En lodr\u00e4t l\u00f6gn!<\/p>\n\n\n\n<p>En politiker har mage att kalla krisen f\u00f6r en &#8221;f\u00f6r\u00e4ndringsresa&#8221;.<\/p>\n\n\n\n<p>Jo, nog \u00e4r det en resa, alltid. Men inte f\u00f6r dig. Du slipper.<\/p>\n\n\n\n<p>Jag har ett f\u00f6rslag som kanske kunde hj\u00e4lpa, om det bara fanns n\u00e5gra s\u00e4ngar lediga: L\u00e5t ansvariga politiker ligga en vecka eller tv\u00e5 i en s\u00e4ng i ett dagrum, en korridor eller varf\u00f6r inte p\u00e5 en brits p\u00e5 akuten, f\u00f6r att s\u00e5 att s\u00e4ga <em>k\u00e4nna in verkligheten<\/em> en aning.<\/p>\n\n\n\n<p><strong>Och jag har ett krav: St\u00e4ll er f\u00f6r helvete &#8211; oavsett partitillh\u00f6righet &#8211; f\u00f6r <em>en <\/em>g\u00e5ngs skull rakryggade upp, erk\u00e4nn misstagen, be om urs\u00e4kt och kavla upp \u00e4rmarna f\u00f6r att st\u00e4lla n\u00e5got av det viktigaste i v\u00e5rt samh\u00e4lle tillr\u00e4tta!<\/strong> <\/p>\n\n\n\n<p><strong>Det \u00e4r n\u00e4mligen det ni \u00e4r valda f\u00f6r. <\/strong><\/p>\n\n\n\n<p><strong>Det \u00e4r n\u00e4mligen det ni har betalt f\u00f6r. <\/strong><\/p>\n\n\n\n<p><strong>G\u00f6r jobbet.<\/strong><\/p>\n\n\n\n<p><strong>Innan fler i den h\u00e5rt slitna v\u00e5rdpersonalen brakar ihop, s\u00e4ger upp sig och g\u00e5r hem.<\/strong><\/p>\n\n\n\n<p><strong>Innan fler d\u00f6r p\u00e5 akuten i on\u00f6dan.<\/strong><\/p>\n\n\n\n<p><strong>L\u00e4s min dotter Isabell Alisons senaste inl\u00e4gg i sin helhet h\u00e4r. Hon \u00e4r 24 \u00e5r och hennes liv har nyss b\u00f6rjat:<\/strong><\/p>\n\n\n\n<p>&#8221;<em>K\u00e4nde sm\u00e4rtor i s\u00f6ndags kv\u00e4ll. Avvaktade.<br>K\u00e4nde mig h\u00e4ngig och infekterad i m\u00e5ndags morse.<br>Avvaktade.<br>Skulle duscha och sticka iv\u00e4g p\u00e5 m\u00f6te under m\u00e5ndagseftermiddagen och m\u00f6ttes av stora m\u00e4ngder blod, var, yrsel och huvudv\u00e4rk. Satte mig ner p\u00e5 badrumsgolvet, sl\u00f6t \u00f6gonen, suckade.<br>Dags igen &#8211; tillbaka till akuten.<\/em><\/p>\n\n\n\n<p><em>Inv\u00e4ntar nu operation nummer elva p\u00e5 tre och ett halvt \u00e5r.<br>Sitter och andas ut i efterskalven av ett stortjut med krokodilt\u00e5rar i famnen p\u00e5 min k\u00e4rlek, mitt i natten p\u00e5 Falu lasarett, medan kroppen skakar och g\u00f6r ont.<\/em><\/p>\n\n\n\n<p><em>F\u00f6r jag v\u00e4ntade fem timmar p\u00e5 akuten i m\u00e5ndags &#8211; men d\u00e5 fanns det ingen chans till operation, jag var inte tillr\u00e4ckligt akut, inte prioriterad.<br>Jag ombads fasta fr\u00e5n midnatt och komma tillbaka tisdag morgon 07:00 i hopp om att f\u00e5 plats p\u00e5 akutprogrammet.<br>Vid 16 meddelades det att programmet var fullt och att jag inte skulle f\u00e5 plats. Jag skickades hem och ombads fasta fr\u00e5n senast midnatt och komma tillbaka idag, 11:00 f\u00f6r att opereras under dagen.<\/em><\/p>\n\n\n\n<p><em>Det har snart g\u00e5tt fjorton timmar. Jag har varit \u201dn\u00e4st p\u00e5 tur\u201d de senaste sju. Sm\u00e4rtan blir v\u00e4rre av n\u00e4ringsbristen och att inte ha \u00e4tit p\u00e5 28 timmar och morfinet r\u00e4cker inte till.<br>Det enda besked jag f\u00e5r &#8211; \u00e4r att jag ska v\u00e4nta.<\/em><\/p>\n\n\n\n<p><em>Jag \u00e4r en relativt t\u00e5lmodig, stark och kaxig individ; i vanliga fall. Men nu \u00e4r jag liten, har ont och har v\u00e4ntat tre och ett halvt \u00e5r p\u00e5 att f\u00e5 l\u00e4ka och bli frisk. Jag m\u00e5r s\u00e5 otroligt bra utanf\u00f6r den h\u00e4r bubblan. Jag beh\u00f6ver energin. Vill inte vara h\u00e4r.<br>Frustrationen bubblar \u00f6ver, det b\u00f6rjar brinna i mig och alla t\u00e5rar rinner ut.<\/em><\/p>\n\n\n\n<p><em>S\u00e5 ofantligt tacksam \u00f6ver min \u00e4lskade\u00a0<a href=\"https:\/\/www.facebook.com\/jonas.bogsjo?__tn__=%2CdK-R-R&amp;eid=ARBv5SOd73so5WUznBKmu2HIF6uk51snnLEEQ-OzllyHicCocECe8iDprDf7ZSSSeQP5LW2NuzarNHdx&amp;fref=mentions\">Jonas<\/a>, \u00f6ver\u00a0<a href=\"https:\/\/www.facebook.com\/profile.php?id=100015718453449&amp;__tn__=%2CdK-R-R&amp;eid=ARDP9odQb0LFDhdOLg9-M8s1ZxqvTWfcen7yHNoV2MeLQyCHxpwbtD30hzZjljQY4XrmgKiHDxqAR4Pn&amp;fref=mentions\">Karim<\/a>,\u00a0<a href=\"https:\/\/www.facebook.com\/martin.lindegren.5?__tn__=%2CdK-R-R&amp;eid=ARDBdbd-qP4KFUmU1nOe-WJa9h_pc5wsmfhQ7vuuSWhPQXqxfnXVQbTO0e3HRZsxRG07XQkPQj5ccPwv&amp;fref=mentions\">Martin<\/a>,\u00a0<a href=\"https:\/\/www.facebook.com\/profile.php?id=100008205887536&amp;__tn__=%2CdK-R-R&amp;eid=ARCXMFBwpWuN7JbmGA2jcM3S4dJx67pulJNTRJvUs3kW_9nWdoMk99YEuKTFuzIUd82wAYINO1oT-8CD&amp;fref=mentions\">Cassandra<\/a>\u00a0och\u00a0<a href=\"https:\/\/www.facebook.com\/alex.teurnberg?__tn__=%2CdK-R-R&amp;eid=ARBotU6LxVEdUsKQ4R7JyGJEIzLnm2Ftv-J7c807OUoRsmVJ1Sy8Hf9u1M1JixhFZzteVhxsj9xTR44p&amp;fref=mentions\">Alex<\/a>\u00a0som turats om att f\u00e5 mig att skratta, h\u00e5lla upp mig, h\u00e5lla mig s\u00e4llskap &#8211; till och med n\u00e4r jag sover &#8211; mata mig n\u00e4r de f\u00e5tt och b\u00e5de h\u00e5llit hand, kramat om och pussat p\u00e5 det onda. Sjukhus \u00e4r jobbigt, men inte lika jobbigt med er.<br>Jag \u00f6verlever det h\u00e4r ocks\u00e5. Men v\u00e5gar s\u00e4ga den h\u00e4r g\u00e5ngen, att det inte alls hade varit m\u00f6jligt utan er\u00a0&#x2764;&#xfe0f;<\/em><\/p>\n\n\n\n<p><em>Tusen tack till alla som st\u00f6ttar, skriver, ringer och finns just nu.<br>Det h\u00e4r sl\u00e5r s\u00e5 mycket h\u00e5rdare f\u00f6r att det aldrig tar slut och f\u00f6r att hj\u00e4lpen ligger s\u00e5 l\u00e5ngt borta.<br>Andas vidare.<br>V\u00e4ntar lite till.<\/em>&#8221;<\/p>\n<div id=\"wp_fb_like_button\" style=\"margin:5px 0;float:none;height:100px;\"><script src=\"http:\/\/connect.facebook.net\/en_US\/all.js#xfbml=1\"><\/script><fb:like href=\"https:\/\/www.ohrlund.se\/blogg\/vanmakt-och-raseri\/\" send=\"true\" layout=\"standard\" width=\"450\" show_faces=\"true\" font=\"arial\" action=\"like\" colorscheme=\"light\"><\/fb:like><\/div>","protected":false},"excerpt":{"rendered":"<p>Klockan \u00e4r 02.30 n\u00e4r detta skrivs, efter att jag har talat i telefon i \u00f6ver en timme med min dotter. Hon har inte f\u00e5tt \u00e4ta eller dricka p\u00e5 \u00f6ver 30 timmar. F\u00f6r andra dagen ligger hon i en sjukhusk\u00f6 och &hellip; <a href=\"https:\/\/www.ohrlund.se\/blogg\/vanmakt-och-raseri\/\">Forts\u00e4tt l\u00e4sa <span class=\"meta-nav\">&rarr;<\/span><\/a><\/p>\n","protected":false},"author":2,"featured_media":0,"comment_status":"closed","ping_status":"open","sticky":false,"template":"","format":"standard","meta":{"_jetpack_memberships_contains_paid_content":false,"footnotes":""},"categories":[1],"tags":[],"class_list":["post-3983","post","type-post","status-publish","format-standard","hentry","category-okategoriserade"],"jetpack_featured_media_url":"","jetpack_sharing_enabled":true,"post_mailing_queue_ids":[],"_links":{"self":[{"href":"https:\/\/www.ohrlund.se\/blogg\/wp-json\/wp\/v2\/posts\/3983","targetHints":{"allow":["GET"]}}],"collection":[{"href":"https:\/\/www.ohrlund.se\/blogg\/wp-json\/wp\/v2\/posts"}],"about":[{"href":"https:\/\/www.ohrlund.se\/blogg\/wp-json\/wp\/v2\/types\/post"}],"author":[{"embeddable":true,"href":"https:\/\/www.ohrlund.se\/blogg\/wp-json\/wp\/v2\/users\/2"}],"replies":[{"embeddable":true,"href":"https:\/\/www.ohrlund.se\/blogg\/wp-json\/wp\/v2\/comments?post=3983"}],"version-history":[{"count":3,"href":"https:\/\/www.ohrlund.se\/blogg\/wp-json\/wp\/v2\/posts\/3983\/revisions"}],"predecessor-version":[{"id":3986,"href":"https:\/\/www.ohrlund.se\/blogg\/wp-json\/wp\/v2\/posts\/3983\/revisions\/3986"}],"wp:attachment":[{"href":"https:\/\/www.ohrlund.se\/blogg\/wp-json\/wp\/v2\/media?parent=3983"}],"wp:term":[{"taxonomy":"category","embeddable":true,"href":"https:\/\/www.ohrlund.se\/blogg\/wp-json\/wp\/v2\/categories?post=3983"},{"taxonomy":"post_tag","embeddable":true,"href":"https:\/\/www.ohrlund.se\/blogg\/wp-json\/wp\/v2\/tags?post=3983"}],"curies":[{"name":"wp","href":"https:\/\/api.w.org\/{rel}","templated":true}]}}