{"id":4000,"date":"2020-04-18T01:21:10","date_gmt":"2020-04-17T23:21:10","guid":{"rendered":"https:\/\/www.ohrlund.se\/blogg\/?p=4000"},"modified":"2020-04-18T01:21:10","modified_gmt":"2020-04-17T23:21:10","slug":"en-tanke-i-svara-tider","status":"publish","type":"post","link":"https:\/\/www.ohrlund.se\/blogg\/en-tanke-i-svara-tider\/","title":{"rendered":"En tanke i sv\u00e5ra tider"},"content":{"rendered":"\n<p>En tanke i Coronatider<\/p>\n\n\n\n<p><strong>Note: I texten nedan kan varje &#8221;<em>billigt&#8221;<\/em> l\u00e4sas som <em>&#8221;konsumtion<\/em>&#8221;.<\/strong><\/p>\n\n\n\n<p>Det \u00e4r en besv\u00e4rlig tid. F\u00f6r v\u00e4rlden, f\u00f6r <em>de andra<\/em>, \u00e4r det l\u00e5ngt ifr\u00e5n den f\u00f6rsta.<\/p>\n\n\n\n<p>Men f\u00f6r oss, i <em>Det Lilla Landet Som Alltid Vet B\u00e4st<\/em>, tycks det vara v\u00e4rre \u00e4n f\u00f6r de flesta andra, om man f\u00e5r tro nyhetsrapporteringen.<\/p>\n\n\n\n<p>Utom m\u00f6jligen f\u00f6r USA. F\u00f6r allt \u00e4r i vanlig ordning Trumps fel och det \u00e4r j\u00e4tte-j\u00e4tte-j\u00e4tte-konstigt att d\u00f6dstalen d\u00e4r \u00e4r st\u00f6rre \u00e4n hos oss, i ett land med 330 miljoner inv\u00e5nare, och med ett v\u00e4sensskilt skattesystem. S\u00e5 l\u00e5t oss tala om det, f\u00f6r d\u00e5 beh\u00f6ver vi inte tala lika mycket om det som h\u00e4nder h\u00e4r.<\/p>\n\n\n\n<p>Och det \u00e4r ju befriande. B\u00e4st s\u00e5. Puh.<\/p>\n\n\n\n<p>D\u00e4remot \u00e4r det <em>inte alls<\/em> konstigt att vi under pandemin har mycket st\u00f6rre d\u00f6dlighet per capita \u00e4n Tyskland, med sina 70 miljoner. Eller Finland. Eller Norge. Eller Korea.<\/p>\n\n\n\n<p>F\u00f6r vi vet ju b\u00e4st.<\/p>\n\n\n\n<p>Alltid.<\/p>\n\n\n\n<p>S\u00e5 l\u00e5t oss ist\u00e4llet tala om det som h\u00e4nder hos <em>de andra<\/em>, d\u00e4r det alltid \u00e4r <em>v\u00e4rre<\/em>.<\/p>\n\n\n\n<p>Den obehagliga sanningen \u00e4r att vi \u2013 i det stora perspektivet \u2013 \u00e4r n\u00e5gra bortsk\u00e4mda j\u00e4vlar som har varit f\u00f6rskonade fr\u00e5n riktiga naturkatastrofer, och fr\u00e5n krig i hundratals \u00e5r, medan v\u00e5ra grannl\u00e4nder och har lidit s\u00e5 sent som under andra v\u00e4rldskriget. Andra l\u00e4nder, l\u00e5ngt senare.<\/p>\n\n\n\n<p>Den obehagliga sanningen \u00e4r att vi har levt p\u00e5 l\u00e5n och i \u00f6verkonsumtion och med tanken p\u00e5 att allt ska vara <em>billigt<\/em>. D\u00e4rf\u00f6r har vi fyllt v\u00e5ra hem med asiatiska varor, f\u00f6r det \u00e4r ju trevligare att betala 79 kronor f\u00f6r en t-shirt eller att\u00a0handla fr\u00e5n skojsiga \u201dWish\u201d, eller hur? D\u00e4rf\u00f6r har vi ocks\u00e5 till\u00e5tit oss (sk\u00e4ms!) att beklaga oss f\u00f6r att vi under Thailandssemestern sett sju\u00e5riga flickor sitta och sy p\u00e5 n\u00e4tterna, medan vi p\u00e5 en dag har druckit f\u00f6r mer pengar \u00e4n de tj\u00e4nar p\u00e5 en m\u00e5nad. <em>Guuuuud<\/em>, s\u00e5 hemskt!<\/p>\n\n\n\n<p>Dubbelmoral kallas det. Hyckleri, om du hellre vill.<\/p>\n\n\n\n<p>N\u00e4r nu v\u00e5ra egna mindre butiker, st\u00f6rre f\u00f6retag, barer, restauranger, hotell, resef\u00f6retag, flygbolag, sm\u00e5f\u00f6retagare och gudvetvilka f\u00e5r klappa igen, s\u00e5 f\u00e5r vi st\u00e5 d\u00e4r med l\u00e5ngn\u00e4san.<\/p>\n\n\n\n<p>F\u00f6r att <em>billigt<\/em> vann.<\/p>\n\n\n\n<p>H\u00e4romdagen sa min \u00e4lskade:<\/p>\n\n\n\n<p>\u201dDet vore nog b\u00e4st om det kom \u00e4nnu en pandemi, en \u00e4nnu v\u00e4rre, som raderade ut m\u00e4nskligheten s\u00e5 att djuren \u00e4ntligen f\u00e5r leva ifred.\u201d<\/p>\n\n\n\n<p>En krass, svart syn?<\/p>\n\n\n\n<p>Kanske har hon r\u00e4tt. Just nu tycks jorden m\u00e5 b\u00e4ttre \u00e4n p\u00e5 l\u00e4nge och naturen hj\u00e4lpligt, om \u00e4n haltande, f\u00f6rs\u00f6ka \u00e5terh\u00e4mta sig fr\u00e5n v\u00e5r brutala misshandel.<\/p>\n\n\n\n<p><em>Billigt<\/em> regerar inte f\u00f6r tillf\u00e4llet.<\/p>\n\n\n\n<p>Kanske, f\u00f6rhoppningsvis, har vi n\u00e5got att l\u00e4ra p\u00e5 sikt, av det som nu sker.<\/p>\n\n\n\n<p>L\u00e4ra oss vad som <em>egentligen<\/em> \u00e4r det viktiga i livet.<\/p>\n\n\n\n<p>Gamla grundv\u00e4rden som v\u00e4nner, n\u00e4rhet, k\u00e4rlek, omtanke, respekt.<\/p>\n\n\n\n<p>B\u00e5da f\u00f6tterna p\u00e5 jorden. En jord att respektera.<\/p>\n\n\n\n<p>Inte <em>billigt<\/em>.<\/p>\n\n\n\n<p>M\u00f6jligen kan det tolkas som en haltande j\u00e4mf\u00f6relse, men jag \u00f6nskar att du nu till\u00e4mpar din b\u00e4sta skoldanska och lyssnar p\u00e5 en av salig Kim Larsens absoluta m\u00e4sterverk \u2013 \u201dJutlandia\u201d.<\/p>\n\n\n\n<p>Det handlar om krigsskeppet med samma namn, som skickades till ett brinnande Koreakrig i slutet av 1940-talet, och d\u00e4r 16-\u00e5riga flickor fick agera sjuksk\u00f6terskor f\u00f6r att ta hand om unga m\u00e4n, skickade i d\u00f6den av de idioter som alltid styr krig.<\/p>\n\n\n\n<p>Och h\u00e4r sitter vi och tycker synd om oss sj\u00e4lva.<\/p>\n\n\n\n<p>Med all r\u00e4tt, n\u00e4r vi s\u00f6rjer de n\u00e4ra och \u00e4lskade som hastigt l\u00e4mnar oss i den f\u00f6rf\u00e4rliga pandemin.<\/p>\n\n\n\n<p>Utan n\u00e5gon r\u00e4tt, f\u00f6r att vi l\u00e4t oss dras med i allt som strider mot naturens lagar.<\/p>\n\n\n\n<p>Med k\u00e4rlek och omtanke hoppas jag att du och dina n\u00e4rmaste kommer ur det h\u00e4r s\u00e5 bra som m\u00f6jligt.<\/p>\n\n\n\n<p>Och att jag sj\u00e4lv l\u00e4r mig n\u00e5got viktigt av det.<\/p>\n\n\n\n<p>Lyssna nu p\u00e5 Kim och Kjukken:<\/p>\n\n\n\n<figure class=\"wp-block-embed-youtube wp-block-embed is-type-video is-provider-youtube wp-embed-aspect-16-9 wp-has-aspect-ratio\"><div class=\"wp-block-embed__wrapper\">\n<iframe loading=\"lazy\" title=\"Kim Larsen &amp; Kjukken - Jutlandia (Officiel Live-video)\" width=\"584\" height=\"329\" src=\"https:\/\/www.youtube.com\/embed\/H7yCFxsJ0PY?feature=oembed\" frameborder=\"0\" allow=\"accelerometer; autoplay; clipboard-write; encrypted-media; gyroscope; picture-in-picture; web-share\" referrerpolicy=\"strict-origin-when-cross-origin\" allowfullscreen><\/iframe>\n<\/div><\/figure>\n<div id=\"wp_fb_like_button\" style=\"margin:5px 0;float:none;height:100px;\"><script src=\"http:\/\/connect.facebook.net\/en_US\/all.js#xfbml=1\"><\/script><fb:like href=\"https:\/\/www.ohrlund.se\/blogg\/en-tanke-i-svara-tider\/\" send=\"true\" layout=\"standard\" width=\"450\" show_faces=\"true\" font=\"arial\" action=\"like\" colorscheme=\"light\"><\/fb:like><\/div>","protected":false},"excerpt":{"rendered":"<p>En tanke i Coronatider Note: I texten nedan kan varje &#8221;billigt&#8221; l\u00e4sas som &#8221;konsumtion&#8221;. Det \u00e4r en besv\u00e4rlig tid. F\u00f6r v\u00e4rlden, f\u00f6r de andra, \u00e4r det l\u00e5ngt ifr\u00e5n den f\u00f6rsta. Men f\u00f6r oss, i Det Lilla Landet Som Alltid Vet &hellip; <a href=\"https:\/\/www.ohrlund.se\/blogg\/en-tanke-i-svara-tider\/\">Forts\u00e4tt l\u00e4sa <span class=\"meta-nav\">&rarr;<\/span><\/a><\/p>\n","protected":false},"author":2,"featured_media":0,"comment_status":"closed","ping_status":"open","sticky":false,"template":"","format":"standard","meta":{"_jetpack_memberships_contains_paid_content":false,"footnotes":""},"categories":[1],"tags":[],"class_list":["post-4000","post","type-post","status-publish","format-standard","hentry","category-okategoriserade"],"jetpack_featured_media_url":"","jetpack_sharing_enabled":true,"post_mailing_queue_ids":[],"_links":{"self":[{"href":"https:\/\/www.ohrlund.se\/blogg\/wp-json\/wp\/v2\/posts\/4000","targetHints":{"allow":["GET"]}}],"collection":[{"href":"https:\/\/www.ohrlund.se\/blogg\/wp-json\/wp\/v2\/posts"}],"about":[{"href":"https:\/\/www.ohrlund.se\/blogg\/wp-json\/wp\/v2\/types\/post"}],"author":[{"embeddable":true,"href":"https:\/\/www.ohrlund.se\/blogg\/wp-json\/wp\/v2\/users\/2"}],"replies":[{"embeddable":true,"href":"https:\/\/www.ohrlund.se\/blogg\/wp-json\/wp\/v2\/comments?post=4000"}],"version-history":[{"count":4,"href":"https:\/\/www.ohrlund.se\/blogg\/wp-json\/wp\/v2\/posts\/4000\/revisions"}],"predecessor-version":[{"id":4004,"href":"https:\/\/www.ohrlund.se\/blogg\/wp-json\/wp\/v2\/posts\/4000\/revisions\/4004"}],"wp:attachment":[{"href":"https:\/\/www.ohrlund.se\/blogg\/wp-json\/wp\/v2\/media?parent=4000"}],"wp:term":[{"taxonomy":"category","embeddable":true,"href":"https:\/\/www.ohrlund.se\/blogg\/wp-json\/wp\/v2\/categories?post=4000"},{"taxonomy":"post_tag","embeddable":true,"href":"https:\/\/www.ohrlund.se\/blogg\/wp-json\/wp\/v2\/tags?post=4000"}],"curies":[{"name":"wp","href":"https:\/\/api.w.org\/{rel}","templated":true}]}}