{"id":4005,"date":"2020-04-25T01:54:14","date_gmt":"2020-04-24T23:54:14","guid":{"rendered":"https:\/\/www.ohrlund.se\/blogg\/?p=4005"},"modified":"2020-04-25T01:54:14","modified_gmt":"2020-04-24T23:54:14","slug":"allvar","status":"publish","type":"post","link":"https:\/\/www.ohrlund.se\/blogg\/allvar\/","title":{"rendered":"Allvar"},"content":{"rendered":"\n<p><strong>Det \u00e4r allvar nu.<\/strong><\/p>\n\n\n\n<p>Det h\u00e4r med pandemin \u00e4r p\u00e5 m\u00e5nga s\u00e4tt i h\u00f6g grad f\u00f6rvirrande.<\/p>\n\n\n\n<p>\u00c5 ena sidan \u00e4r den f\u00f6rf\u00e4rlig. Ingen vet med s\u00e4kerhet n\u00e4r ett fungerande vaccin kan vara tillg\u00e4ngligt. M\u00e4nniskor blir arbetsl\u00f6sa, sjuka och d\u00f6r. F\u00f6retag g\u00e5r i konkurs p\u00e5 l\u00f6pande band. Gator ligger \u00f6de. I m\u00e5nga l\u00e4nder \u00e4r upplopp och plundring redan vardag.<\/p>\n\n\n\n<p>\u00c5 andra sidan kommer d\u00f6dssiffrorna inte i n\u00e4rheten av dem som visar hur \u2013 under normala f\u00f6rh\u00e5llanden \u2013 m\u00e5nga som varje dag, \u00e5ret runt, d\u00f6r i malaria, tyfus, sv\u00e4lt, krig, hj\u00e4rt- och k\u00e4rlsjukdomar, trafikolyckor, sj\u00e4lvmord och annat el\u00e4nde.<\/p>\n\n\n\n<p>Men v\u00e5ra media g\u00f6r sitt b\u00e4sta f\u00f6r att piska upp paniken hos oss.<\/p>\n\n\n\n<p>Varje dag.<\/p>\n\n\n\n<p>De flesta l\u00e4nder har enats om str\u00e4nga regler f\u00f6r att begr\u00e4nsa smittan.<\/p>\n\n\n\n<p>Sverige, landet som alltid vet b\u00e4ttre, g\u00e5r en annan v\u00e4g.<\/p>\n\n\n\n<p>Jag \u00e4r varken l\u00e4kare, forskare eller epidemiolog, s\u00e5 jag ska egentligen inte yttra mig om vad som \u00e4r r\u00e4tt och fel.<\/p>\n\n\n\n<p>Men vissa saker uppr\u00f6r mig mer \u00e4n andra.<\/p>\n\n\n\n<p>F\u00f6r n\u00e5gon vecka sedan arrangerade Systembolaget (\u00e4gt och drivet av <em>staten<\/em>, f\u00f6r helvete!) en vinutf\u00f6rs\u00e4ljning (hall\u00e5!) i butiken i PK-huset i Stockholm. Detta jippo orsakade hundratals meter k\u00f6er d\u00e4r m\u00e4nniskor glatt stod f\u00f6r n\u00e4ra och hostade p\u00e5 varandra.<\/p>\n\n\n\n<p><strong>Om jag var diktator: 100 miljoner kronor i b\u00f6ter f\u00f6r Systembolaget. Minst. Och f\u00f6retagets VD Magdalena Gerger st\u00e4lls till svars i tv. I direkts\u00e4ndning. F\u00f6r att sedan f\u00e5 sparken. Utan avg\u00e5ngsvederlag.<\/strong><\/p>\n\n\n\n<p>L\u00e4s hennes uppenbart icke helt \u00e4rligt menande uttalande h\u00e4r: <\/p>\n\n\n\n<p><a href=\"https:\/\/www.omsystembolaget.se\/vart-uppdrag\/omtanke-viktigare-an-nagonsin\/\">https:\/\/www.omsystembolaget.se\/vart-uppdrag\/omtanke-viktigare-an-nagonsin\/<\/a><\/p>\n\n\n\n<p>S\u00e5 ordnade kl\u00e4df\u00f6retaget <strong>MQ<\/strong> utf\u00f6rs\u00e4ljning i sina butiker. Resultat: Likadana k\u00f6er av hostande, l\u00e5gbeg\u00e5vade m\u00e4nniskor.<\/p>\n\n\n\n<p>Jag funderar.<\/p>\n\n\n\n<p>Enligt min gamla tes om att det bara finns tv\u00e5 spr\u00e5k som <em>alla<\/em> vi m\u00e4nniskor p\u00e5 jorden f\u00f6rst\u00e5r \u2013 pengar och sm\u00e4rta \u2013 s\u00e5 f\u00e5r man ta till det andra n\u00e4r det f\u00f6rsta inte fungerar.<\/p>\n\n\n\n<p>Till skillnad fr\u00e5n i de flesta andra l\u00e4nder s\u00e5 har vi i Sverige hittills f\u00e5tt en frihet under ansvar. Bland annat:<\/p>\n\n\n\n<p>*Vi f\u00e5r g\u00e5 ut. Vi kan promenera p\u00e5 gator, torg och i skogar<\/p>\n\n\n\n<p>*Vi kan rasta v\u00e5ra husdjur utan meter-restriktioner som i exempelvis Spanien<\/p>\n\n\n\n<p>*Vi f\u00e5r k\u00f6ra bil utan restriktioner<\/p>\n\n\n\n<p>*Vi <em>b\u00f6r<\/em> inte, men <em>kan<\/em> om n\u00f6dv\u00e4ndigt, resa inom landet<\/p>\n\n\n\n<p>*Vi kan g\u00e5 till de restauranger som f\u00f6ljer rekommendationerna och ser till att g\u00e4sterna h\u00e5ller avst\u00e5nd<\/p>\n\n\n\n<p>*Vi kan vandra runt i shoppingcentra<\/p>\n\n\n\n<p>*V\u00e5ra barn kan tr\u00e4ffa sina kamrater<\/p>\n\n\n\n<p>Och vad h\u00e4nder?<\/p>\n\n\n\n<p><strong>Naturligtvis best\u00e4mmer sig en alltf\u00f6r stor skara l\u00e5gbeg\u00e5vade individer att de vet b\u00e4ttre och g\u00f6r som de vill.<\/strong><\/p>\n\n\n\n<p><strong>De sitter t\u00e4tt p\u00e5 uteserveringarna och sk\u00e5lar f\u00f6r sina permitteringspengar, f\u00f6r att det \u00e4r ballt i city och f\u00f6r att solen skiner. De g\u00e5r n\u00e4ra andra i livsmedelsaff\u00e4ren och hostar p\u00e5 b\u00e5de dem och gr\u00f6nsakerna. Under p\u00e5sken reste de mot b\u00e4ttre vetande till Sk\u00e5ne och Dalarna och fj\u00e4llen och \u2026<\/strong><\/p>\n\n\n\n<p><strong>Kort sagt \u2013 de skiter i allt.<\/strong> <strong>Vilket naturligtvis \u00f6kar risken f\u00f6r en total lock-down f\u00f6r oss alla.<\/strong><\/p>\n\n\n\n<p>Det som bekymrar mig mest \u00e4r egentligen inte just det. Utan mer att dessa m\u00e4nniskor faktiskt f\u00e5r r\u00f6sta, ta k\u00f6rkort och f\u00f6rs\u00f6ka f\u00f6r\u00f6ka sig.<\/p>\n\n\n\n<p>Det \u00e4r allvarligt, och dessv\u00e4rre inget att g\u00f6ra \u00e5t.<\/p>\n\n\n\n<p>Sj\u00e4lv sitter jag hemma, isolerad sedan l\u00e5ngt f\u00f6re pandemin av helt andra sk\u00e4l.<\/p>\n\n\n\n<p>Jag har inga problem med det. Jag har det bra. Jag har massor att g\u00f6ra, jag \u00e4r omgiven av omtanke och k\u00e4rlek.<\/p>\n\n\n\n<p>Hur kan det bli b\u00e4ttre? Hur kan det vara <em>sv\u00e5rt<\/em>?<\/p>\n\n\n\n<p>F\u00f6r \u00f6vrigt skiljer det sig inte mycket fr\u00e5n mitt vardagsliv f\u00f6re coronan.<\/p>\n\n\n\n<p>Ensamhet, isolering, \u00e4r inget <em>straff<\/em>. Det kan vara r\u00e4tt nyttigt.<\/p>\n\n\n\n<p>Tidigare har jag bekymrats mer \u00f6ver de kommande ekonomiska konsekvenserna av pandemin, \u00e4n de rent sjukdomsm\u00e4ssiga. Att vi kanske \u00e4r p\u00e5 v\u00e4g in i det v\u00e4rsta tillst\u00e5ndet sedan depressionen. I ett Sverige som varit f\u00f6rskonat fr\u00e5n \u2013 allt.<\/p>\n\n\n\n<p>Men n\u00e4r verkligheten kommer n\u00e4ra, \u00e4r det l\u00e4tt att revidera sitt syns\u00e4tt.<\/p>\n\n\n\n<p>N\u00e4r r\u00e4dslan tr\u00e4nger in, kastas vi alla n\u00e4rmare n\u00e5got h\u00f6gre vi vill tro p\u00e5.<\/p>\n\n\n\n<p>I kv\u00e4ll messade f\u00f6rst n\u00e5gra goda v\u00e4nner att <em>tre<\/em> av deras v\u00e4nner redan d\u00f6tt i den f\u00f6rf\u00e4rliga verklighet vi nu lever i.<\/p>\n\n\n\n<p>Sedan ringde L.<\/p>\n\n\n\n<p>Hon \u00e4r en v\u00e4n som st\u00e5r mig n\u00e4ra. En p\u00e5 in- och utsidan mycket vacker m\u00e4nniska. En k\u00e4rleksfull m\u00e4nniska, mor till fyra barn som beh\u00f6ver henne.<\/p>\n\n\n\n<p>L gr\u00e4t och var fruktansv\u00e4rt r\u00e4dd. Hes, kunde knappt f\u00e5 fram n\u00e5gra ord.<\/p>\n\n\n\n<p>Hon har nyss tillbringat tv\u00e5 veckor p\u00e5 sjukhus och sv\u00e4vat mellan liv och d\u00f6d, p\u00e5 grund av en kombination av olika tillst\u00e5nd. Fyrtionio \u00e5r och pigg, levnadsglad, fram\u00e5t.<\/p>\n\n\n\n<p>Nu livr\u00e4dd och nyss inf\u00f6rd med ambulans igen efter bara tv\u00e5 dagar i hemmet. Livr\u00e4dd.<\/p>\n\n\n\n<p>Och i morgon?<\/p>\n\n\n\n<p>Jag har, b\u00e5de f\u00f6rr och nyligen, legat tillr\u00e4ckligt mycket p\u00e5 sjukhus f\u00f6r att veta hur \u00e5ngesten kan ta ett krampaktigt grepp runt halsen fram\u00e5t natten, \u00e4ven n\u00e4r man inte \u00e4r d\u00f6dssjuk.<\/p>\n\n\n\n<p>Men L har dessutom sv\u00e5rt att andas. Det \u00e4r v\u00e4rre. Mycket, mycket v\u00e4rre.<\/p>\n\n\n\n<p>Och hon vet hur mycket hennes fyra barn beh\u00f6ver henne.<\/p>\n\n\n\n<p>De som hj\u00e4lpte henne under dygnen hemma, men som nu inte f\u00e5r bes\u00f6ka henne.<\/p>\n\n\n\n<p>Om jag trodde p\u00e5 Gud, skulle jag naturligtvis be f\u00f6r henne. Nu kan jag bara hoppas.<\/p>\n\n\n\n<p>Hennes samtal blir ytterligare en p\u00e5minnelse om mycket.<\/p>\n\n\n\n<p>Om hur tacksam jag kan vara f\u00f6r min situation. Sjuk, ja, men l\u00e5ngt, l\u00e5ngt ifr\u00e5n dem som nu lider p\u00e5 sjukhusen.<\/p>\n\n\n\n<p><strong>Om hur oerh\u00f6rt tacksam jag alltid har varit och \u00e4r mot v\u00e5ra hj\u00e4ltar och hj\u00e4ltinnor inom v\u00e5rden. Jag l\u00e5g inne p\u00e5 sjukhus l\u00e5ngt f\u00f6re coronan, s\u00e5g hur de gick p\u00e5 kn\u00e4na redan d\u00e5 och jag t\u00f6rs knappt t\u00e4nka p\u00e5 hur de har det nu. <em>S\u00e5 fuck you<\/em>, <em>politiker<\/em> (oavsett partif\u00e4rg) som monterade ner v\u00e5rden under flera \u00e5r.<\/strong><\/p>\n\n\n\n<p><strong><em>Vakna nu, f\u00f6r helvete!<\/em><\/strong><\/p>\n\n\n\n<p>Om hur oerh\u00f6rt tacksam jag \u00e4r f\u00f6r de andra hj\u00e4ltarna och hj\u00e4ltinnorna \u2013 hemtj\u00e4nstpersonal, distriktssk\u00f6terskor, brandm\u00e4n, poliser, v\u00e4ktare med flera \u2013 som varje dag jobbar vidare i riskzon f\u00f6r att uppr\u00e4tth\u00e5lla v\u00e5rt samh\u00e4lles allra, allra viktigaste funktioner.<\/p>\n\n\n\n<p>Om hur viktiga de sm\u00e5, n\u00e4ra sakerna \u00e4r. Om hur viktig v\u00e4nskapen och k\u00e4rleken \u00e4r.<\/p>\n\n\n\n<p>Om hur viktigt det \u00e4r att ge och inte bara hoppas p\u00e5 att f\u00e5.<\/p>\n\n\n\n<p>Om hur viktigt det \u00e4r att f\u00f6rst\u00e5 vad som <em>verkligen<\/em> \u00e4r viktigt i livet.<\/p>\n\n\n\n<p>M\u00f6jligen l\u00e5ter det kommande som religi\u00f6st dravel f\u00f6r den icke-troende, men:<\/p>\n\n\n\n<p>Vi svenskar \u00e4r, generellt sett, n\u00e5gra ohyggligt bortsk\u00e4mda j\u00e4vlar. Vi vet inte hur man stavar till naturkatastrof och vi har inte sett skuggan av ett krig p\u00e5 m\u00e5nga hundra \u00e5r.<\/p>\n\n\n\n<p>Vi \u00e4r inte offer f\u00f6r <em>n\u00e5got<\/em>.<\/p>\n\n\n\n<p>F\u00f6rr\u00e4n nu.<\/p>\n\n\n\n<p>Naturligtvis \u00e4r det hemskt. Men ur kaos och el\u00e4nde kommer f\u00f6rhoppningsvis ocks\u00e5 n\u00e5got gott. P\u00e5 sikt.<\/p>\n\n\n\n<p>Insikt om hur f\u00f6rbannat bra vi har det. Och om hur viktigt det \u00e4r att v\u00e5rda det lilla i det stora.<\/p>\n\n\n\n<p>Ta hand om dig nu \u2013 och sedan. Ta hand om dina n\u00e4ra p\u00e5 det s\u00e4tt du klokast kan. F\u00f6lj det sunda f\u00f6rnuftets rekommendationer.<\/p>\n\n\n\n<p>Och sn\u00e4lla, bli inte en av de d\u00e4r \u00f6versmarta som tycker att det \u00e4r kul att resa till where-ever eller sitta t\u00e4tt p\u00e5 en uteservering i solen.<\/p>\n\n\n\n<p>Det kan bli det sista du g\u00f6r. Eller de runt omkring dig.<\/p>\n\n\n\n<p>Och det vore v\u00e4l synd, \u00e4nd\u00e5?<\/p>\n\n\n\n<p>Det \u00e4r allvar nu.<\/p>\n<div id=\"wp_fb_like_button\" style=\"margin:5px 0;float:none;height:100px;\"><script src=\"http:\/\/connect.facebook.net\/en_US\/all.js#xfbml=1\"><\/script><fb:like href=\"https:\/\/www.ohrlund.se\/blogg\/allvar\/\" send=\"true\" layout=\"standard\" width=\"450\" show_faces=\"true\" font=\"arial\" action=\"like\" colorscheme=\"light\"><\/fb:like><\/div>","protected":false},"excerpt":{"rendered":"<p>Det \u00e4r allvar nu. Det h\u00e4r med pandemin \u00e4r p\u00e5 m\u00e5nga s\u00e4tt i h\u00f6g grad f\u00f6rvirrande. \u00c5 ena sidan \u00e4r den f\u00f6rf\u00e4rlig. Ingen vet med s\u00e4kerhet n\u00e4r ett fungerande vaccin kan vara tillg\u00e4ngligt. M\u00e4nniskor blir arbetsl\u00f6sa, sjuka och d\u00f6r. F\u00f6retag &hellip; <a href=\"https:\/\/www.ohrlund.se\/blogg\/allvar\/\">Forts\u00e4tt l\u00e4sa <span class=\"meta-nav\">&rarr;<\/span><\/a><\/p>\n","protected":false},"author":2,"featured_media":0,"comment_status":"closed","ping_status":"open","sticky":false,"template":"","format":"standard","meta":{"_jetpack_memberships_contains_paid_content":false,"footnotes":""},"categories":[1],"tags":[],"class_list":["post-4005","post","type-post","status-publish","format-standard","hentry","category-okategoriserade"],"jetpack_featured_media_url":"","jetpack_sharing_enabled":true,"post_mailing_queue_ids":[],"_links":{"self":[{"href":"https:\/\/www.ohrlund.se\/blogg\/wp-json\/wp\/v2\/posts\/4005","targetHints":{"allow":["GET"]}}],"collection":[{"href":"https:\/\/www.ohrlund.se\/blogg\/wp-json\/wp\/v2\/posts"}],"about":[{"href":"https:\/\/www.ohrlund.se\/blogg\/wp-json\/wp\/v2\/types\/post"}],"author":[{"embeddable":true,"href":"https:\/\/www.ohrlund.se\/blogg\/wp-json\/wp\/v2\/users\/2"}],"replies":[{"embeddable":true,"href":"https:\/\/www.ohrlund.se\/blogg\/wp-json\/wp\/v2\/comments?post=4005"}],"version-history":[{"count":3,"href":"https:\/\/www.ohrlund.se\/blogg\/wp-json\/wp\/v2\/posts\/4005\/revisions"}],"predecessor-version":[{"id":4008,"href":"https:\/\/www.ohrlund.se\/blogg\/wp-json\/wp\/v2\/posts\/4005\/revisions\/4008"}],"wp:attachment":[{"href":"https:\/\/www.ohrlund.se\/blogg\/wp-json\/wp\/v2\/media?parent=4005"}],"wp:term":[{"taxonomy":"category","embeddable":true,"href":"https:\/\/www.ohrlund.se\/blogg\/wp-json\/wp\/v2\/categories?post=4005"},{"taxonomy":"post_tag","embeddable":true,"href":"https:\/\/www.ohrlund.se\/blogg\/wp-json\/wp\/v2\/tags?post=4005"}],"curies":[{"name":"wp","href":"https:\/\/api.w.org\/{rel}","templated":true}]}}