{"id":4036,"date":"2021-07-19T01:45:58","date_gmt":"2021-07-18T23:45:58","guid":{"rendered":"https:\/\/www.ohrlund.se\/blogg\/?p=4036"},"modified":"2021-07-19T23:11:13","modified_gmt":"2021-07-19T21:11:13","slug":"allas-olika-varde-och-en-politisk-naivitet","status":"publish","type":"post","link":"https:\/\/www.ohrlund.se\/blogg\/allas-olika-varde-och-en-politisk-naivitet\/","title":{"rendered":"Allas olika v\u00e4rde och en politisk &#8221;naivitet&#8221;"},"content":{"rendered":"\n<p><strong>I samband med polismordet<\/strong> f\u00f6r en tid sedan fr\u00e5gade en reporter statsministern hur han tyckte att man skulle tala med barn om det som h\u00e4nt.<\/p>\n\n\n\n<p><strong>Stefan L\u00f6fven svarade:<\/strong><\/p>\n\n\n\n<p>&#8221;Jag tror det \u00e4r v\u00e4ldigt viktigt att barnen p\u00e5 n\u00e5got s\u00e4tt k\u00e4nner sig bekv\u00e4ma. Det \u00e4r ju inte s\u00e5 att de kommer bli skjutna snart..&#8221;<\/p>\n\n\n\n<p><strong>M\u00f6jligen hade han redan gl\u00f6mt<\/strong> tragedin f\u00f6r n\u00e5gra \u00e5r sedan n\u00e4r \u00e5tta\u00e5rige Yuusuf Warsame dog n\u00e4r en handgranat kastades in genom familjens l\u00e4genhetsf\u00f6nster i Biskopsg\u00e5rden i G\u00f6teborg:<\/p>\n\n\n\n<p><a href=\"https:\/\/www.aftonbladet.se\/nyheter\/a\/BJmXWe\/yuusuf-8-dodades-i-granatattacken\">https:\/\/www.aftonbladet.se\/nyheter\/a\/BJmXWe\/yuusuf-8-dodades-i-granatattacken<\/a><\/p>\n\n\n\n<p><strong>M\u00f6jligen hade han gl\u00f6mt det vidriga i<\/strong> att en tolv\u00e5rig flicka f\u00f6r knappt ett \u00e5r sedan sk\u00f6ts ihj\u00e4l<strong> <\/strong>p\u00e5 en bensinmack i Botkyrka s\u00f6der om Stockholm n\u00e4r hon rastade sin lilla hund.<\/p>\n\n\n\n<p><a href=\"https:\/\/www.svt.se\/nyheter\/lokalt\/stockholm\/stockholmspolisen-om-dodsskjutningen-i-borkyrka-12-arig-flicka-miste-livet\">https:\/\/www.svt.se\/nyheter\/lokalt\/stockholm\/stockholmspolisen-om-dodsskjutningen-i-borkyrka-12-arig-flicka-miste-livet<\/a><\/p>\n\n\n\n<p><strong>M\u00f6jligen.<\/strong><\/p>\n\n\n\n<p><strong>I s\u00e5 fall b\u00f6r han antingen friska upp minnet<\/strong> eller &#8211; tillsammans med sin kaxige justitieminister &#8211; ta sitt ansvar och avg\u00e5. Det \u00e4r n\u00e4mligen dessa tv\u00e5 herrar som \u00e4r ytterst ansvariga f\u00f6r vad som sker.<\/p>\n\n\n\n<p><strong>Nu, <\/strong>i helgen som gick, har ytterligare tv\u00e5 barn &#8211; en fem\u00e5ring och en sex\u00e5ring &#8211; f\u00e5tt kulor i sig. Statsministern: <em>&#8221;Jag tror det \u00e4r v\u00e4ldigt viktigt att barnen p\u00e5 n\u00e5got s\u00e4tt k\u00e4nner sig bekv\u00e4ma. Det \u00e4r ju inte s\u00e5 att de kommer bli skjutna snart..&#8221;<\/em><\/p>\n\n\n\n<p><strong>Barn blir skjutna i Sverige, L\u00f6fven. P\u00e5 din vakt. Vakna, f\u00f6r helvete!<\/strong><\/p>\n\n\n\n<p><strong>Jag t\u00e4nker p\u00e5 pratet om alla m\u00e4nniskors lika v\u00e4rde.<\/strong> <strong>N\u00e4r 46-\u00e5rige George Floyd blev d\u00f6dad under ett polisingripande<\/strong> ledde det till v\u00e5ldsamma upplopp v\u00e4rlden \u00f6ver samt debatter om polisbrutalitet och rasism. I Sverige demonstrerades det p\u00e5 gator och torg. S\u00e5 sm\u00e5ningom restes en staty \u00f6ver Floyd i USA och samtidigt spreds en del information om honom, som gl\u00f6mts bort tidigare:<\/p>\n\n\n\n<figure class=\"wp-block-image size-large\"><a href=\"https:\/\/www.ohrlund.se\/blogg\/wp-content\/uploads\/2021\/07\/George-Floyd-2.jpg\"><img loading=\"lazy\" decoding=\"async\" width=\"742\" height=\"1024\" src=\"https:\/\/www.ohrlund.se\/blogg\/wp-content\/uploads\/2021\/07\/George-Floyd-2-742x1024.jpg\" alt=\"\" class=\"wp-image-4038\" srcset=\"https:\/\/www.ohrlund.se\/blogg\/wp-content\/uploads\/2021\/07\/George-Floyd-2-742x1024.jpg 742w, https:\/\/www.ohrlund.se\/blogg\/wp-content\/uploads\/2021\/07\/George-Floyd-2-218x300.jpg 218w, https:\/\/www.ohrlund.se\/blogg\/wp-content\/uploads\/2021\/07\/George-Floyd-2-768x1059.jpg 768w, https:\/\/www.ohrlund.se\/blogg\/wp-content\/uploads\/2021\/07\/George-Floyd-2-1114x1536.jpg 1114w, https:\/\/www.ohrlund.se\/blogg\/wp-content\/uploads\/2021\/07\/George-Floyd-2.jpg 1284w\" sizes=\"auto, (max-width: 742px) 100vw, 742px\" \/><\/a><\/figure>\n\n\n\n<p><strong>Jag har inte sett <em>en<\/em> demonstration<\/strong>, inte en svensk protest, n\u00e4r \u00e5tta\u00e5rige Yuusuf Warsame dog i G\u00f6teborg. <\/p>\n\n\n\n<p><strong>Inte en demonstration, inte en protest<\/strong>, n\u00e4r den tolv\u00e5riga flickan sk\u00f6ts ihj\u00e4l p\u00e5 bensinmacken i Botkyrka. <\/p>\n\n\n\n<p><strong>Inte en demonstration<\/strong>, inte en svensk protest, n\u00e4r den drygt trettio\u00e5rige polismannen m\u00f6rdades i G\u00f6teborg och efterl\u00e4mnade en gravid sambo. <\/p>\n\n\n\n<p><strong>Och hittills inte en demonstration, inte en protest<\/strong>, mot att en fem\u00e5ring och en sex\u00e5ring f\u00e5tt kulor i sig av de grupperingar som anser sig ha r\u00e4tt att styra landet med v\u00e5ld.<\/p>\n\n\n\n<p><strong>Betyder det att svenska barns &#8211; eller en svensk polismans &#8211; liv inte \u00e4r lika mycket v\u00e4rda som George Floyds?<\/strong> Jag har sv\u00e5rt att tolka det p\u00e5 annat s\u00e4tt.<\/p>\n\n\n\n<p><strong>Eller ocks\u00e5 \u00e4r allt detta <\/strong>bara ett tecken p\u00e5 hur godhetsknarkande, mittf\u00e5resimmande och pk-smittade vi \u00e4r i Sverige. F\u00f6r visst \u00e4r det djupt tragiskt om allas liv inte \u00e4r lika mycket v\u00e4rda? Vad tror du att f\u00f6r\u00e4ldrarna till de d\u00f6dade och skjutna barnen k\u00e4nner? \u00c4nkan efter den m\u00f6rdade polismannen?<\/p>\n\n\n\n<p><strong>Det \u00e4r mycket nu<\/strong>, f\u00f6r herrar L\u00f6fven och Johansson.<\/p>\n\n\n\n<p><strong>Men tydligen inte n\u00e4r det g\u00e4ller skjutningarna<\/strong>, eftersom ingen av dem, eller deras v\u00e4lbetalda kolleger, orkar masa sig ut till de ber\u00f6rda omr\u00e5dena, prata med m\u00e4nniskor d\u00e4r, skaka hand med dem som drabbats.<\/p>\n\n\n\n<p><strong>&#8221;Vi tar ansvar f\u00f6r Sverige.&#8221;<\/strong><\/p>\n\n\n\n<p><strong>Nej. Det g\u00f6r ni inte.<\/strong> Ni har n\u00e4mligen viktigare saker f\u00f6r er:<\/p>\n\n\n\n<p><strong>Att till varje pris beh\u00e5lla makten. L\u00f6nen. Fringisarna. Pensionsvillkoren.<\/strong><\/p>\n\n\n\n<p><strong>Jag kommer ih\u00e5g att jag var bekymrad<\/strong> f\u00f6r den h\u00e4r typen av v\u00e5ld i Sverige redan 1989 n\u00e4r jag flyttade hem efter n\u00e5gra \u00e5r som utrikeskorrespondent i Kalifornien. Jag hade bes\u00f6kt ett av v\u00e4rldens h\u00e5rdaste f\u00e4ngelser &#8211; San Quentin &#8211; i n\u00e5gra dagar. Jag hade \u00e5kt med den amerikanska polisens specialstyrkor i ett halv\u00e5r. Speciellt <em>CRASH &#8211; Community Resources Against Street Hodlums<\/em> &#8211; som \u00e4r en speciell insatsstyrka mot kriminella g\u00e4ng. Jag hade sett skjutna och d\u00f6dade barn och vuxna, sett mis\u00e4ren och orsaken till mycket av det d\u00f6dliga v\u00e5ldet. Jag befarade att det skulle kunna bli likadant i Sverige om vi inte var vakna, s\u00e5g upp och agerade.<\/p>\n\n\n\n<p><strong>Det tog lite l\u00e4ngre tid<\/strong> \u00e4n jag trott.<\/p>\n\n\n\n<p><strong>Men nu \u00e4r vi sedan l\u00e4nge d\u00e4r.<\/strong><\/p>\n\n\n\n<p><strong>Och v\u00e5ra politiker n\u00f6jer sig med<\/strong> att klippa ur sig n\u00e5gra floskler f\u00f6r att sedan sticka huvudet i sanden och ta till alla m\u00f6jliga och om\u00f6jliga tricks f\u00f6r att beh\u00e5lla makten.<\/p>\n\n\n\n<p><strong>Oavsett om barn, poliser eller andra oskyldiga skjuts, skadas eller d\u00f6r.<\/strong><\/p>\n\n\n\n<p><strong>Det har allts\u00e5 ingenting med &#8221;naivitet&#8221; att g\u00f6ra<\/strong> fr\u00e5n politikernas sida. Utan enbart r\u00e4dsla, dumhet, inkompetens eller m\u00f6jligen alltihop. <\/p>\n\n\n\n<p><strong>Skr\u00e4mmande.<\/strong><\/p>\n\n\n\n<p><strong>Vi st\u00e5r nu inf\u00f6r ett v\u00e4gsk\u00e4l <\/strong>sedan den 17-\u00e5ring som anklagas f\u00f6r polismordet ska \u00e5talas. F\u00f6r n\u00e5got halv\u00e5r sedan d\u00f6mdes han till tre m\u00e5naders ungdomsv\u00e5rd efter att ha f\u00f6rs\u00f6kt m\u00f6rda en annan m\u00e4nniska med kniv.<\/p>\n\n\n\n<p><strong>Nu har \u00e5klagaren och domaren att ta st\u00e4llning till<\/strong> vilket straff som kan anses l\u00e4mpligt f\u00f6r n\u00e5gon som m\u00f6rdat en svensk polis p\u00e5 \u00f6ppen gata.<\/p>\n\n\n\n<p><strong>Och vilken v\u00e4g de \u00e4n v\u00e4ljer att g\u00e5<\/strong>, kommer de att f\u00e5 en svidande kritik. Om 17-\u00e5ringen klarar sig med n\u00e5got \u00e5rs f\u00e4ngelse s\u00e5 \u00e4r det f\u00f6r milt. Om de d\u00f6mande sl\u00e5r n\u00e4ven i bordet och ger honom tolv \u00e5rs f\u00e4ngelse, \u00e4r det synd om den stackars &#8221;pojken&#8221;.<\/p>\n\n\n\n<p><strong>Men v\u00e4gsk\u00e4let har ocks\u00e5 en annan sida.<\/strong> I v\u00e4rsta fall har 17-\u00e5ringen satt en ny standard f\u00f6r de g\u00e4ngkriminella:<\/p>\n\n\n\n<p><strong>Skjut en snut!<\/strong><\/p>\n\n\n\n<p><strong>I Biskopsg\u00e5rden dracks det champagne<\/strong> och sk\u00e5lades f\u00f6r att det nu var <em>&#8221;en aina (polis) mindre&#8221;.<\/em><\/p>\n\n\n\n<p><strong>De sk\u00e5lade f\u00f6r att en polis hade m\u00f6rdats!<\/strong><\/p>\n\n\n\n<p><strong>Jag befarar att 17-\u00e5ringen<\/strong> &#8211; n\u00e4r han \u00e4n kommer ut fr\u00e5n Kriminalv\u00e5rdens vackra rum i modern, skandinavisk design &#8211; kommer att hyllas som en hj\u00e4lte i &#8221;orten&#8221;. En rappare kommer att skriva en hyllningstext till honom och han uppn\u00e5r kultstatus.<\/p>\n\n\n\n<p><strong>D\u00e5, mina v\u00e4nner, \u00e4r vi lika illa ute som m\u00e4nniskorna i Los Angeles slumomr\u00e5den.<\/strong><\/p>\n\n\n\n<p><strong>Inte minst p\u00e5 grund av oss sj\u00e4lva.<\/strong> F\u00f6r att vi inte demonstrerar, gapar, skriker och vr\u00e5lar ut v\u00e5r protest mot det som sker. F\u00f6r att vi bara knyter n\u00e4ven i fickan och muttrar. F\u00f6r att vi inte st\u00e4ller krav p\u00e5 dem som styr landet.<\/p>\n\n\n\n<p><strong>Dags att \u00e4ndra taktik?<\/strong><\/p>\n\n\n\n<p><\/p>\n\n\n\n<p><\/p>\n\n\n\n<p><\/p>\n\n\n\n<p><\/p>\n\n\n\n<p><\/p>\n\n\n\n<p> <\/p>\n<div id=\"wp_fb_like_button\" style=\"margin:5px 0;float:none;height:100px;\"><script src=\"http:\/\/connect.facebook.net\/en_US\/all.js#xfbml=1\"><\/script><fb:like href=\"https:\/\/www.ohrlund.se\/blogg\/allas-olika-varde-och-en-politisk-naivitet\/\" send=\"true\" layout=\"standard\" width=\"450\" show_faces=\"true\" font=\"arial\" action=\"like\" colorscheme=\"light\"><\/fb:like><\/div>","protected":false},"excerpt":{"rendered":"<p>I samband med polismordet f\u00f6r en tid sedan fr\u00e5gade en reporter statsministern hur han tyckte att man skulle tala med barn om det som h\u00e4nt. Stefan L\u00f6fven svarade: &#8221;Jag tror det \u00e4r v\u00e4ldigt viktigt att barnen p\u00e5 n\u00e5got s\u00e4tt k\u00e4nner &hellip; <a href=\"https:\/\/www.ohrlund.se\/blogg\/allas-olika-varde-och-en-politisk-naivitet\/\">Forts\u00e4tt l\u00e4sa <span class=\"meta-nav\">&rarr;<\/span><\/a><\/p>\n","protected":false},"author":2,"featured_media":0,"comment_status":"closed","ping_status":"open","sticky":false,"template":"","format":"standard","meta":{"_jetpack_memberships_contains_paid_content":false,"footnotes":""},"categories":[1],"tags":[],"class_list":["post-4036","post","type-post","status-publish","format-standard","hentry","category-okategoriserade"],"jetpack_featured_media_url":"","jetpack_sharing_enabled":true,"post_mailing_queue_ids":[],"_links":{"self":[{"href":"https:\/\/www.ohrlund.se\/blogg\/wp-json\/wp\/v2\/posts\/4036","targetHints":{"allow":["GET"]}}],"collection":[{"href":"https:\/\/www.ohrlund.se\/blogg\/wp-json\/wp\/v2\/posts"}],"about":[{"href":"https:\/\/www.ohrlund.se\/blogg\/wp-json\/wp\/v2\/types\/post"}],"author":[{"embeddable":true,"href":"https:\/\/www.ohrlund.se\/blogg\/wp-json\/wp\/v2\/users\/2"}],"replies":[{"embeddable":true,"href":"https:\/\/www.ohrlund.se\/blogg\/wp-json\/wp\/v2\/comments?post=4036"}],"version-history":[{"count":2,"href":"https:\/\/www.ohrlund.se\/blogg\/wp-json\/wp\/v2\/posts\/4036\/revisions"}],"predecessor-version":[{"id":4040,"href":"https:\/\/www.ohrlund.se\/blogg\/wp-json\/wp\/v2\/posts\/4036\/revisions\/4040"}],"wp:attachment":[{"href":"https:\/\/www.ohrlund.se\/blogg\/wp-json\/wp\/v2\/media?parent=4036"}],"wp:term":[{"taxonomy":"category","embeddable":true,"href":"https:\/\/www.ohrlund.se\/blogg\/wp-json\/wp\/v2\/categories?post=4036"},{"taxonomy":"post_tag","embeddable":true,"href":"https:\/\/www.ohrlund.se\/blogg\/wp-json\/wp\/v2\/tags?post=4036"}],"curies":[{"name":"wp","href":"https:\/\/api.w.org\/{rel}","templated":true}]}}