{"id":4076,"date":"2025-05-10T03:38:42","date_gmt":"2025-05-10T01:38:42","guid":{"rendered":"https:\/\/www.ohrlund.se\/blogg\/?p=4076"},"modified":"2025-05-10T03:38:42","modified_gmt":"2025-05-10T01:38:42","slug":"hur-mycket-para-i-mossan","status":"publish","type":"post","link":"https:\/\/www.ohrlund.se\/blogg\/hur-mycket-para-i-mossan\/","title":{"rendered":"Hur mycket para i m\u00f6ssan?"},"content":{"rendered":"En \u00f6verkucku ringde fr\u00e5n Vatikanen f\u00f6r ett tag sedan.<br \/>\u201dEhm, hej Dag, kan du t\u00e4nka dig att bli p\u00e5ve? Vi beh\u00f6ver en ny, pronto.\u201d<br \/>Jag: \u201dMmmm, h\u00f6rde att Franciskus fick bita i gr\u00e4set. Det \u00e4r f\u00f6rhandlingsbart, men jag har fr\u00e5gor.\u201d<br \/>\u00d6verkuckun: \u201dJaha?\u201d<br \/>Jag: \u201dTill att b\u00f6rja med, har ni bara vit och svart r\u00f6k i den d\u00e4r grillen? Jag vill ha typ \u2026 *funderar* \u2026 lila.\u201d<br \/>\u00d6verkuckun: \u201dHerregud!\u201d<br \/>Jag: Inte \u00e4n. Men det kan bli s\u00e5. Och m\u00f6ssan \u2013 f\u00e5r man flera? De m\u00e5ste v\u00e4l tv\u00e4ttas?\u201d<br \/>*djupt andetag i andra \u00e4nden*.<br \/> Sedan:<br \/>\u201dJesus &#8230;\u201d<br \/>Jag: \u201dInte det heller. \u00c4n. Och jag tycker att den d\u00e4r pinnen man ska ha \u00e4r lite f\u00f6r fjolligt dekorerad. F\u00e5r jag ha mina egna k\u00e4ppar? De \u00e4r hopf\u00e4llbara, och allt. Och s\u00e5 vill jag ha elmoppe att k\u00f6ra med inomhus. Med dubbla \u00f6verliggande k\u00e4pph\u00e5llare.\u201d<br \/>\u201dHar du fler fr\u00e5gor?\u201d<br \/>Jag: \u201dDet kan du tro. Kan man jobba lite p\u00e5 distans? Rom verkar ju mest fullt av h\u00f6nstjuvar. Och jag har b\u00e5de Teams och Zoom och allt m\u00f6jligt. Och hur \u00e4r det med arbetstiden, till exempel? Max 40 timmar? Och \u2013 finns det n\u00e5gra f\u00f6rst\u00e5ende m\u00e4nniskor p\u00e5 HR-avdelningen?\u201d<br \/>\u00d6verkuckun: \u201dJag \u00e4r inte s\u00e4ker p\u00e5 att \u2026 \u201d<br \/>Jag: \u201dOK, strunt i det. Vinet, d\u00e5? Fritt vin, v\u00e4l?\u201d<br \/>\u00d6verkuckun: \u201dDet kan vi nog ordna.\u201d<br \/>Jag: \u201dOch det d\u00e4r med celibat \u00e4r v\u00e4l mest snick-snack?\u201d<br \/>\u00d6verkuckun: \u201dIngen kommentar.\u201d<br \/>Jag: \u201dDet tar sig. Mera d\u00e5, hur \u00e4r det med f\u00f6rm\u00e5nerna? Fria resor, traktamenten, tj\u00e4nstebil, mobil, AW, gratis Netflix och s\u00e5nt?\u201d<br \/>\u00d6verkuckun: \u201dAW?\u201d<br \/>Jag: \u201dTja, du vet. Lite skosjigt efter jobbet. Party, party, liksom \u2026\u201d<br \/>*N\u00e5gon ber en b\u00f6n i andra \u00e4nden*<br \/>Jag: \u201dVad g\u00f6r korgossarna, f\u00f6rresten? \u00c4r de tj\u00e4nstefolk eller bara dekoration?\u201d<br \/>\u00d6verkuckun (harklar sig): \u201dNej minsann! Nu tycker jag nog att \u2026 \u201d<br \/>Jag: \u201dTagga ner, Luigi, M\u00e5ste man ta emot en massa statschefer och andra galningar p\u00e5 bes\u00f6k? Kan man inte ha middagar f\u00f6r polare i st\u00e4llet? Har ni jaccuzzi, f\u00f6rresten? En kompis till mig \u00e4r galen i bubbelbad och \u2026 \u201d<br \/>\u00d6verkuckun: \u201dVi har renande badritualer.\u201d<br \/>Jag: \u201dF\u00f6r mig och mina kompisar hj\u00e4lper det inte ens om du har saltsyra i st\u00e4llet f\u00f6r badkulor. Vad s\u00e4gs om lite v\u00e4l kylt bubbel p\u00e5 badkarskanten ist\u00e4llet?\u201d<br \/>\u00d6verkuckun: \u201dJag tror att du har missuppfattat \u2026 \u201d<br \/>Jag: \u201dDet g\u00f6r jag ju som oftast. Men du, har ni inte r\u00e4knat lite fel? Jag har ju inte ens fyllt 70. Har ni b\u00f6rjat ragga sm\u00e5pojkar till posten nu?\u201d<br \/>\u00d6verkuckun: \u201dMen herregud!\u201d<br \/>Jag: \u201dInte nu heller, inte \u00e4n. Men du, en avg\u00f6rande fr\u00e5ga \u2013 hur mycket para \u00e4r det i m\u00f6ssan?\u201d<br \/>\u00d6verkuckun: \u201dPara?\u201d<br \/>Jag: \u201dPengar, st\u00e5lar, cash, guld \u2013 vad du vill. Vad snackar vi om i runda sl\u00e4ngar? Allt vitt eller lite effectivo vid sidan?\u201d<br \/>\u00d6verkuckun (mycket allvarlig r\u00f6st nu): \u201dAtt f\u00e5 bli p\u00e5ve \u00e4r den h\u00f6gsta utm\u00e4rkelsen. Att f\u00e5 tj\u00e4na gud \u00e4r ett privilegium f\u00e5 f\u00f6runnat. Att \u2026 \u201d<br \/>Jag: \u201dJa, ja, ja, detaljerna tar vi sen. Men bottom line, baby \u2013 hur mycket para i m\u00f6ssan?\u201d<br \/>\u00d6verkuckun: \u201dJag tror att vi f\u00e5r avsluta det h\u00e4r nu. Vi f\u00e5r fundera.\u201d<br \/>Jag: \u201dJag ocks\u00e5. En grej till bara \u2013 om jag kommer ner s\u00e5 vill jag ha pizza, tunn och fin, inte den d\u00e4r kladdiga panpizzan. Jag vet att det ligger ett bra st\u00e4lle runt h\u00f6rnet fr\u00e5n er. Men ring inte mig, jag ringer er, ok?\u201d<br \/>Samtalet avslutas. <br \/>N\u00e5gra dagar senare tr\u00e4ffas hela hydet f\u00f6r att r\u00f6sta i Sixtinska kapellet. R\u00f6k stiger fr\u00e5n Vatikanen (\u00e4r den milj\u00f6v\u00e4nlig, by the way?) och den \u00e4r inte lila.<br \/>En kvartsperuansk amerikan \u2013 Jesus! Woke och pk s\u00e5 det sm\u00e4ller om det. Kunde de inte ha tagit i b\u00e4ttre? Vad s\u00e4gs om en kvartskines som ocks\u00e5 hade r\u00f6tter fr\u00e5n Somalia, Bulgarien, Sydney och Sk\u00f6vde? <br \/>Och namnet p\u00e5 den nya killen \u2013 Leo XIV, l\u00e5ter som en tysk, radiostyrd stridsvagn f\u00f6r onda barn.<br \/>Men okej, skyll er sj\u00e4lva. Jag s\u00e4ger som Trump:<br \/>\u201dJag skulle ha blivit en utm\u00e4rkt p\u00e5ve. Ingen vet s\u00e5 mycket om att p\u00e5va som jag.\u201d<br \/>Dag XIV.<br \/>Smaka p\u00e5 det, l\u00e5ter ju bra.<br \/>Men bitter, nejd\u00e5, det \u00e4r jag inte.<br \/>G\u00e5 i frid, h\u00f6r ni. <br \/><br \/><br \/><div id=\"wp_fb_like_button\" style=\"margin:5px 0;float:none;height:100px;\"><script src=\"http:\/\/connect.facebook.net\/en_US\/all.js#xfbml=1\"><\/script><fb:like href=\"https:\/\/www.ohrlund.se\/blogg\/hur-mycket-para-i-mossan\/\" send=\"true\" layout=\"standard\" width=\"450\" show_faces=\"true\" font=\"arial\" action=\"like\" colorscheme=\"light\"><\/fb:like><\/div>","protected":false},"excerpt":{"rendered":"<p>En \u00f6verkucku ringde fr\u00e5n Vatikanen f\u00f6r ett tag sedan.\u201dEhm, hej Dag, kan du t\u00e4nka dig att bli p\u00e5ve? Vi beh\u00f6ver en ny, pronto.\u201dJag: \u201dMmmm, h\u00f6rde att Franciskus fick bita i gr\u00e4set. Det \u00e4r f\u00f6rhandlingsbart, men jag har fr\u00e5gor.\u201d\u00d6verkuckun: \u201dJaha?\u201dJag: \u201dTill &hellip; <a href=\"https:\/\/www.ohrlund.se\/blogg\/hur-mycket-para-i-mossan\/\">Forts\u00e4tt l\u00e4sa <span class=\"meta-nav\">&rarr;<\/span><\/a><\/p>\n","protected":false},"author":2,"featured_media":0,"comment_status":"closed","ping_status":"open","sticky":false,"template":"","format":"standard","meta":{"_jetpack_memberships_contains_paid_content":false,"footnotes":""},"categories":[1],"tags":[],"class_list":["post-4076","post","type-post","status-publish","format-standard","hentry","category-okategoriserade"],"jetpack_featured_media_url":"","jetpack_sharing_enabled":true,"post_mailing_queue_ids":[],"_links":{"self":[{"href":"https:\/\/www.ohrlund.se\/blogg\/wp-json\/wp\/v2\/posts\/4076","targetHints":{"allow":["GET"]}}],"collection":[{"href":"https:\/\/www.ohrlund.se\/blogg\/wp-json\/wp\/v2\/posts"}],"about":[{"href":"https:\/\/www.ohrlund.se\/blogg\/wp-json\/wp\/v2\/types\/post"}],"author":[{"embeddable":true,"href":"https:\/\/www.ohrlund.se\/blogg\/wp-json\/wp\/v2\/users\/2"}],"replies":[{"embeddable":true,"href":"https:\/\/www.ohrlund.se\/blogg\/wp-json\/wp\/v2\/comments?post=4076"}],"version-history":[{"count":1,"href":"https:\/\/www.ohrlund.se\/blogg\/wp-json\/wp\/v2\/posts\/4076\/revisions"}],"predecessor-version":[{"id":4077,"href":"https:\/\/www.ohrlund.se\/blogg\/wp-json\/wp\/v2\/posts\/4076\/revisions\/4077"}],"wp:attachment":[{"href":"https:\/\/www.ohrlund.se\/blogg\/wp-json\/wp\/v2\/media?parent=4076"}],"wp:term":[{"taxonomy":"category","embeddable":true,"href":"https:\/\/www.ohrlund.se\/blogg\/wp-json\/wp\/v2\/categories?post=4076"},{"taxonomy":"post_tag","embeddable":true,"href":"https:\/\/www.ohrlund.se\/blogg\/wp-json\/wp\/v2\/tags?post=4076"}],"curies":[{"name":"wp","href":"https:\/\/api.w.org\/{rel}","templated":true}]}}