{"id":473,"date":"2011-11-03T23:16:34","date_gmt":"2011-11-03T21:16:34","guid":{"rendered":"http:\/\/www.ohrlund.se\/blogg\/?p=473"},"modified":"2011-11-03T23:16:34","modified_gmt":"2011-11-03T21:16:34","slug":"ett-ton-godis-forvandlas-shockholm-till-tjockholm-pa-lordag","status":"publish","type":"post","link":"https:\/\/www.ohrlund.se\/blogg\/ett-ton-godis-forvandlas-shockholm-till-tjockholm-pa-lordag\/","title":{"rendered":"Ett TON godis &#8211; f\u00f6rvandlas Shockholm till Tjockholm p\u00e5 l\u00f6rdag?"},"content":{"rendered":"<p>Kanske har du\u00a0lagt m\u00e4rke till att en del av Stockholms byggnader varit dekorerade med j\u00e4ttespindlar och andra hemskheter under den senaste veckan? En del av Halloweenprojektet <em>Shockholm<\/em>, som n\u00e5r sin topp nu\u00a0p\u00e5 l\u00f6rdag!<\/p>\n<p>Mellan 14.00 och 16.00 samlas 800 utkl\u00e4dda ungdomar f\u00f6r att f\u00f6rfesta vid Slussen. Klockan 16.00 startar Halloweenparaden som g\u00e5r fr\u00e5n Slussen via Skeppsbron till Kungstr\u00e4dg\u00e5rden, ledd av min stolta,\u00a0h\u00e5rt arbetande dotter Bella som <em>Jack Skellington<\/em>. Kom, titta och ta med kameran!<\/p>\n<p><a href=\"https:\/\/www.ohrlund.se\/blogg\/wp-content\/uploads\/2011\/11\/Mitt-liv-som-Jack-042.jpg\"><img loading=\"lazy\" decoding=\"async\" class=\"alignleft size-medium wp-image-476\" title=\"Mitt liv som Jack 04\" src=\"https:\/\/www.ohrlund.se\/blogg\/wp-content\/uploads\/2011\/11\/Mitt-liv-som-Jack-042-300x199.jpg\" alt=\"\" width=\"300\" height=\"199\" srcset=\"https:\/\/www.ohrlund.se\/blogg\/wp-content\/uploads\/2011\/11\/Mitt-liv-som-Jack-042-300x199.jpg 300w, https:\/\/www.ohrlund.se\/blogg\/wp-content\/uploads\/2011\/11\/Mitt-liv-som-Jack-042-450x300.jpg 450w, https:\/\/www.ohrlund.se\/blogg\/wp-content\/uploads\/2011\/11\/Mitt-liv-som-Jack-042.jpg 500w\" sizes=\"auto, (max-width: 300px) 100vw, 300px\" \/><\/a><em><\/em><\/p>\n<p>&nbsp;<\/p>\n<p><em>(Och till alla er som under \u00e5ren slagit Bella fysiskt och psykiskt &#8211; kom med p\u00e5 l\u00f6rdag, s\u00e5 ska vi bjuda p\u00e5 allt det d\u00e4r era f\u00f6r\u00e4ldrar aldrig f\u00f6rmedlade &#8211; empati, f\u00f6rst\u00e5else och respekt. V\u00e4lkomna till en m\u00e4nsklig gemenskap.)<\/em><\/p>\n<p>&nbsp;<\/p>\n<p>Halloweenfesten forts\u00e4tter i ett t\u00e4lt i Kungstr\u00e4dg\u00e5rden. Bland annat kommer det att delas ut ett ton (!) godis &#8211; en g\u00e5va fr\u00e5n <em>Karamellkungen<\/em> &#8211; som undertecknad har varit med och packat i 800\u00a0p\u00e5sar!<\/p>\n<p><a href=\"https:\/\/www.ohrlund.se\/blogg\/wp-content\/uploads\/2011\/11\/Chokladkung-02-DSC08951.jpg\"><img loading=\"lazy\" decoding=\"async\" class=\"alignleft size-medium wp-image-477\" title=\"Chokladkung 02 DSC08951\" src=\"https:\/\/www.ohrlund.se\/blogg\/wp-content\/uploads\/2011\/11\/Chokladkung-02-DSC08951-184x300.jpg\" alt=\"\" width=\"184\" height=\"300\" srcset=\"https:\/\/www.ohrlund.se\/blogg\/wp-content\/uploads\/2011\/11\/Chokladkung-02-DSC08951-184x300.jpg 184w, https:\/\/www.ohrlund.se\/blogg\/wp-content\/uploads\/2011\/11\/Chokladkung-02-DSC08951-628x1024.jpg 628w, https:\/\/www.ohrlund.se\/blogg\/wp-content\/uploads\/2011\/11\/Chokladkung-02-DSC08951.jpg 1520w\" sizes=\"auto, (max-width: 184px) 100vw, 184px\" \/><\/a><\/p>\n<p><a href=\"https:\/\/www.ohrlund.se\/blogg\/wp-content\/uploads\/2011\/11\/Chokladkung-01-DSC08950.jpg\"><img loading=\"lazy\" decoding=\"async\" class=\"alignleft size-medium wp-image-478\" title=\"Chokladkung 01 DSC08950\" src=\"https:\/\/www.ohrlund.se\/blogg\/wp-content\/uploads\/2011\/11\/Chokladkung-01-DSC08950-300x257.jpg\" alt=\"\" width=\"300\" height=\"257\" srcset=\"https:\/\/www.ohrlund.se\/blogg\/wp-content\/uploads\/2011\/11\/Chokladkung-01-DSC08950-300x257.jpg 300w, https:\/\/www.ohrlund.se\/blogg\/wp-content\/uploads\/2011\/11\/Chokladkung-01-DSC08950-1024x879.jpg 1024w, https:\/\/www.ohrlund.se\/blogg\/wp-content\/uploads\/2011\/11\/Chokladkung-01-DSC08950-349x300.jpg 349w, https:\/\/www.ohrlund.se\/blogg\/wp-content\/uploads\/2011\/11\/Chokladkung-01-DSC08950.jpg 1788w\" sizes=\"auto, (max-width: 300px) 100vw, 300px\" \/><\/a><\/p>\n<p><em>Chokladpengar i all \u00e4ra, men efter n\u00e5gra hundra p\u00e5sars packande blir fingrarna lite styva&#8230;<\/em><\/p>\n<p>L\u00e5t Shockholmfesten p\u00e5 l\u00f6rdag g\u00e5 i gl\u00e4djens, fridens och respektens tecken.<\/p>\n<p>Alla f\u00e5r vara med.<\/p>\n<p>Alla \u00e4r v\u00e4lkomna.<\/p>\n<p>Inte minst f\u00f6r\u00e4ldrar som ibland borde ta sig tid att vara &#8211; f\u00f6r\u00e4ldrar.<\/p>\n<p>&nbsp;<\/p>\n<p>&nbsp;<\/p>\n<p>&nbsp;<\/p>\n<p>&nbsp;<\/p>\n<p>&nbsp;<\/p>\n<p>&nbsp;<\/p>\n<p>&nbsp;<\/p>\n<p>&nbsp;<\/p>\n<p>&nbsp;<\/p>\n<p>&nbsp;<\/p>\n<p>&nbsp;<\/p>\n<div id=\"wp_fb_like_button\" style=\"margin:5px 0;float:none;height:100px;\"><script src=\"http:\/\/connect.facebook.net\/en_US\/all.js#xfbml=1\"><\/script><fb:like href=\"https:\/\/www.ohrlund.se\/blogg\/ett-ton-godis-forvandlas-shockholm-till-tjockholm-pa-lordag\/\" send=\"true\" layout=\"standard\" width=\"450\" show_faces=\"true\" font=\"arial\" action=\"like\" colorscheme=\"light\"><\/fb:like><\/div>","protected":false},"excerpt":{"rendered":"<p>Kanske har du\u00a0lagt m\u00e4rke till att en del av Stockholms byggnader varit dekorerade med j\u00e4ttespindlar och andra hemskheter under den senaste veckan? En del av Halloweenprojektet Shockholm, som n\u00e5r sin topp nu\u00a0p\u00e5 l\u00f6rdag! Mellan 14.00 och 16.00 samlas 800 utkl\u00e4dda &hellip; <a href=\"https:\/\/www.ohrlund.se\/blogg\/ett-ton-godis-forvandlas-shockholm-till-tjockholm-pa-lordag\/\">Forts\u00e4tt l\u00e4sa <span class=\"meta-nav\">&rarr;<\/span><\/a><\/p>\n","protected":false},"author":2,"featured_media":0,"comment_status":"open","ping_status":"open","sticky":false,"template":"","format":"standard","meta":{"_jetpack_memberships_contains_paid_content":false,"footnotes":""},"categories":[1],"tags":[],"class_list":["post-473","post","type-post","status-publish","format-standard","hentry","category-okategoriserade"],"jetpack_featured_media_url":"","jetpack_sharing_enabled":true,"post_mailing_queue_ids":[],"_links":{"self":[{"href":"https:\/\/www.ohrlund.se\/blogg\/wp-json\/wp\/v2\/posts\/473","targetHints":{"allow":["GET"]}}],"collection":[{"href":"https:\/\/www.ohrlund.se\/blogg\/wp-json\/wp\/v2\/posts"}],"about":[{"href":"https:\/\/www.ohrlund.se\/blogg\/wp-json\/wp\/v2\/types\/post"}],"author":[{"embeddable":true,"href":"https:\/\/www.ohrlund.se\/blogg\/wp-json\/wp\/v2\/users\/2"}],"replies":[{"embeddable":true,"href":"https:\/\/www.ohrlund.se\/blogg\/wp-json\/wp\/v2\/comments?post=473"}],"version-history":[{"count":6,"href":"https:\/\/www.ohrlund.se\/blogg\/wp-json\/wp\/v2\/posts\/473\/revisions"}],"predecessor-version":[{"id":484,"href":"https:\/\/www.ohrlund.se\/blogg\/wp-json\/wp\/v2\/posts\/473\/revisions\/484"}],"wp:attachment":[{"href":"https:\/\/www.ohrlund.se\/blogg\/wp-json\/wp\/v2\/media?parent=473"}],"wp:term":[{"taxonomy":"category","embeddable":true,"href":"https:\/\/www.ohrlund.se\/blogg\/wp-json\/wp\/v2\/categories?post=473"},{"taxonomy":"post_tag","embeddable":true,"href":"https:\/\/www.ohrlund.se\/blogg\/wp-json\/wp\/v2\/tags?post=473"}],"curies":[{"name":"wp","href":"https:\/\/api.w.org\/{rel}","templated":true}]}}