{"id":542,"date":"2011-11-16T01:58:11","date_gmt":"2011-11-15T23:58:11","guid":{"rendered":"http:\/\/www.ohrlund.se\/blogg\/?p=542"},"modified":"2011-11-16T01:58:11","modified_gmt":"2011-11-15T23:58:11","slug":"dvargen-dummer-ringer-pa-morgonen","status":"publish","type":"post","link":"https:\/\/www.ohrlund.se\/blogg\/dvargen-dummer-ringer-pa-morgonen\/","title":{"rendered":"Dv\u00e4rgen Dummer ringer p\u00e5 morgonen"},"content":{"rendered":"<p>Dv\u00e4rgen Dummer ringer p\u00e5 morgonen.<\/p>\n<p>En dag. Tv\u00e5, fyra, sex. Trots att Dummer inte f\u00e5r svar &#8211; vilket m\u00f6jligen borde vara en signal f\u00f6r de flesta f\u00f6rst\u00e5ndsutvecklade &#8211; forts\u00e4tter\u00a0ringandet.<\/p>\n<p>Om man\u00a0vanligtvis jobbar till tv\u00e5 eller tre p\u00e5 natten \u00e4r det t\u00e4mligen jobbigt att bli v\u00e4ckt vid \u00e5tta. V\u00e4nner och kolleger skulle aldrig komma p\u00e5 tanken.<\/p>\n<p>Men Dummer ringer lyckligt.<\/p>\n<p>Jag f\u00f6rs\u00f6ker ringa tillbaka. Numret g\u00e5r till <strong>SIFO<\/strong> i Kallinge (Blekinge) och en \u00e4nnu dummare telefonsvarare meddelar\u00a0det och inget annat. Jag nosar upp f\u00f6retagets v\u00e4xelnummer och ringer det f\u00f6r att f\u00e5 stopp p\u00e5 idiotin, men ingen svarar.<\/p>\n<p>I g\u00e5r morse reste jag mig och svarade n\u00e4r Dummer ringde. Dummer hade formen av en ytterst arrogant kvinnor\u00f6st. Hon pekade med hela r\u00f6sten och f\u00f6rs\u00f6kte \u00e5terge den statliga \u00f6verhet som fanns f\u00f6rr, n\u00e4r hon <em>kr\u00e4vde<\/em> att f\u00e5 tala med &#8221;f\u00f6retagets chef&#8221;.<\/p>\n<p>Jag kr\u00e4vde att f\u00e5 tala med hennes chef, f\u00f6r att f\u00e5 slut p\u00e5 dumheterna.<\/p>\n<p>D\u00e5 kom det vanliga skitsnacket. &#8221;Vi har inga ing\u00e5ende linjer. Vi kan inte koppla. Det finns ingen chef h\u00e4r. <em><strong>F\u00f6rresten har vi skickat ut ett fr\u00e5geformul\u00e4r till dig och du har inte svarat!!!&#8221;<\/strong><\/em><\/p>\n<p>Anklagelser. Statens vakande \u00f6ga. F\u00f6rebr\u00e5ende finger.<\/p>\n<p>Jag talar om f\u00f6r den skrikande kvinnan, att om hon inte slutar terrorisera mig i hemmet s\u00e5 ska jag personligen s\u00e4tta mig i bilen, k\u00f6ra till Kallinge och leka cirkus med henne och SIFO-folket.<\/p>\n<p>Hon br\u00f6star sig fortfarande p\u00e5 gammalt \u00f6ststatsman\u00e9r, vilket f\u00e5r mig att sl\u00e4nga p\u00e5 luren.<\/p>\n<p>Jag mailar till SIFO:s huvudkontor och ber dem upph\u00f6ra med terrorn samt bekr\u00e4fta detta. H\u00e4r \u00e4r svaret fr\u00e5n Martin Axelsson p\u00e5 SIFO (<span style=\"color: #ff0000;\">mina \u00f6dmjuka kommentarer inspr\u00e4ngda i r\u00f6tt<\/span>):<\/p>\n<p>Hej Dag,<\/p>\n<p>Jag \u00e4r ledsen att vi st\u00f6rt dig! <span style=\"color: #ff0000;\">Det \u00e4r du inte alls. Hade du haft <em>n\u00e5gon<\/em>\u00a0skam i kroppen s\u00e5 hade ni inte st\u00f6rt mig alls. Du vaknar varje morgon och vet att hela din inkomst best\u00e5r av att du tr\u00e4nger dig p\u00e5 folk!<\/span><\/p>\n<p>Hela v\u00e5r verksamhet bygger p\u00e5 \u00f6ppenhet och en bra dialog med allm\u00e4nheten som vi ju \u00e4r mycket beroende av f\u00f6r att kunna genomf\u00f6ra v\u00e5ra unders\u00f6kningar. <span style=\"color: #ff0000;\">Inte alls. Hela er verksamhet bygger p\u00e5 att tj\u00e4na grova pengar p\u00e5 att telefonterrorisera folk med fr\u00e5gor, under hotet att vi som medborgare har n\u00e5got slags skyldighet att svara, vilket naturligtvis \u00e4r en lodr\u00e4t l\u00f6gn.<\/span><\/p>\n<p>Med anledning av det visar vi alltid vilket nummer vi ringer fr\u00e5n (0457-28005). <span style=\"color: #ff0000;\">Och det ska vi allts\u00e5\u00a0vara tacksamma \u00f6ver? Ett nummer som man inte kan ringa tillbaka p\u00e5 f\u00f6r att f\u00e5 tag p\u00e5 en enda m\u00e4nniska. Vilken \u00e4r vitsen med det?<\/span><\/p>\n<p>Vi har \u00e4ven 020 \u2013nummer p\u00e5 v\u00e5r hemsida som man kan n\u00e5 oss via. (se <a href=\"http:\/\/www.tns-sifo.se\/for-undersokningsdeltagare-\">http:\/\/www.tns-sifo.se\/for-undersokningsdeltagare-<\/a>)<\/p>\n<p><span style=\"color: #ff0000;\">Nu \u00e4r det pl\u00f6tsligt allts\u00e5 MIN skyldighet att sp\u00e5ra upp er, sedan ni f\u00f6rst\u00f6rt min natts\u00f6mn i n\u00e5gra veckor.\u00a0Kretiner.<\/span><\/p>\n<p>Vi har system som sk\u00f6ter uppringningen med automatik och tyv\u00e4rr inneb\u00e4r det att<br \/>\nv\u00e5ra intervjuare inte kan koppla vidare samtal.<span style=\"color: #ff0000;\"> Det d\u00e4r skitpratet har jag h\u00f6rt i \u00e5ratal fr\u00e5n oseri\u00f6sa telefons\u00e4ljf\u00f6retag. Det \u00e4r 2011 nu.\u00a0Byt system om du f\u00f6r en sekund menar allvar med det du s\u00e4ger.<\/span><\/p>\n<p>Jag har g\u00e5tt igenom v\u00e5r logg och kan konstatera att vi s\u00f6kt dig b\u00e5de i torsdag, fredags och i g\u00e5r morse utan att f\u00e5 svar och d\u00e4refter fick vi ett svar fr\u00e5n dig i g\u00e5r eftermiddag. <span style=\"color: #ff0000;\">Din &#8221;logg&#8221; \u00e4r \u00e5t helvete. Ni har terroriserat mig betydligt fler g\u00e5nger \u00e4n s\u00e5. Byt system. Och stryk mig fr\u00e5n det ocks\u00e5.<\/span><\/p>\n<p>Jag har ocks\u00e5 talat med Ann-Britt som intervjuade dig och f\u00f6rs\u00e4krat mig om att ditt nummer\u00a0stryks fr\u00e5n v\u00e5ra unders\u00f6kningar fram\u00f6ver.<\/p>\n<p><span style=\"color: #ff0000;\">&#8221;Ann-Britt&#8221; borde skaffa sig ett jobb hon trivs med, ist\u00e4llet f\u00f6r att vara otrevlig mot folk i telefon klockan \u00e5tta p\u00e5 morgonen. OK?<\/span><\/p>\n<p><span style=\"color: #ff0000;\">Mitt l\u00f6fte st\u00e5r kvar, Martin: ETT samtal till fr\u00e5n er, och jag riktar kylaren mot Kallinge f\u00f6r att personligen l\u00e4ra dina medarbetare b\u00e5de samba och rumba. Och n\u00e4r jag bjuder upp till dans blir det \u00e5ka av, jag lovar. Jag hoppas att du den dagen har en l\u00e5da med annat \u00e4n politiskt korrekta f\u00f6rklaringar, och stake nog att \u00e5ka med i bilen.<\/span><\/p>\n<p><span style=\"color: #ff0000;\">Till Ann-Britt: All lycka till ett annat arbete. Snart.<\/span><\/p>\n<p><strong><span style=\"color: #ff0000;\">Till alla mina l\u00e4sare: Jag f\u00f6resl\u00e5r att ni ringer\/mailar ner SIFO (uppgifter nedan) med alla t\u00e4nkbara fr\u00e5gor om <em>allt<\/em>, och med \u00f6ststatens h\u00f6jda pekfinger. Gl\u00f6m inte den h\u00e5rda tonen. De j\u00e4vla medborgarna ska buga och l\u00e4ra sig att svara!<\/span><\/strong><\/p>\n<p>Med v\u00e4nlig h\u00e4lsning,<\/p>\n<p>Martin <strong>Martin Axelsson\u00a0 |\u00a0 <\/strong><strong>Produktionschef <\/strong><strong>TNS SIFO <\/strong><strong>Produktion<\/strong><\/p>\n<p>tel: +46 (0)31 727 39 00\u00a0 |\u00a0 direkt: +46 (0)31 727 39 29<br \/>\nmoobil: +46 (0)733 14 95 30<\/p>\n<p><a href=\"mailto:martin.axelsson@tns-gallup.se\">martin.axelsson@tns-sifo.se<\/a><\/p>\n<div id=\"wp_fb_like_button\" style=\"margin:5px 0;float:none;height:100px;\"><script src=\"http:\/\/connect.facebook.net\/en_US\/all.js#xfbml=1\"><\/script><fb:like href=\"https:\/\/www.ohrlund.se\/blogg\/dvargen-dummer-ringer-pa-morgonen\/\" send=\"true\" layout=\"standard\" width=\"450\" show_faces=\"true\" font=\"arial\" action=\"like\" colorscheme=\"light\"><\/fb:like><\/div>","protected":false},"excerpt":{"rendered":"<p>Dv\u00e4rgen Dummer ringer p\u00e5 morgonen. En dag. Tv\u00e5, fyra, sex. Trots att Dummer inte f\u00e5r svar &#8211; vilket m\u00f6jligen borde vara en signal f\u00f6r de flesta f\u00f6rst\u00e5ndsutvecklade &#8211; forts\u00e4tter\u00a0ringandet. Om man\u00a0vanligtvis jobbar till tv\u00e5 eller tre p\u00e5 natten \u00e4r det &hellip; <a href=\"https:\/\/www.ohrlund.se\/blogg\/dvargen-dummer-ringer-pa-morgonen\/\">Forts\u00e4tt l\u00e4sa <span class=\"meta-nav\">&rarr;<\/span><\/a><\/p>\n","protected":false},"author":2,"featured_media":0,"comment_status":"open","ping_status":"open","sticky":false,"template":"","format":"standard","meta":{"_jetpack_memberships_contains_paid_content":false,"footnotes":""},"categories":[1],"tags":[],"class_list":["post-542","post","type-post","status-publish","format-standard","hentry","category-okategoriserade"],"jetpack_featured_media_url":"","jetpack_sharing_enabled":true,"post_mailing_queue_ids":[],"_links":{"self":[{"href":"https:\/\/www.ohrlund.se\/blogg\/wp-json\/wp\/v2\/posts\/542","targetHints":{"allow":["GET"]}}],"collection":[{"href":"https:\/\/www.ohrlund.se\/blogg\/wp-json\/wp\/v2\/posts"}],"about":[{"href":"https:\/\/www.ohrlund.se\/blogg\/wp-json\/wp\/v2\/types\/post"}],"author":[{"embeddable":true,"href":"https:\/\/www.ohrlund.se\/blogg\/wp-json\/wp\/v2\/users\/2"}],"replies":[{"embeddable":true,"href":"https:\/\/www.ohrlund.se\/blogg\/wp-json\/wp\/v2\/comments?post=542"}],"version-history":[{"count":4,"href":"https:\/\/www.ohrlund.se\/blogg\/wp-json\/wp\/v2\/posts\/542\/revisions"}],"predecessor-version":[{"id":546,"href":"https:\/\/www.ohrlund.se\/blogg\/wp-json\/wp\/v2\/posts\/542\/revisions\/546"}],"wp:attachment":[{"href":"https:\/\/www.ohrlund.se\/blogg\/wp-json\/wp\/v2\/media?parent=542"}],"wp:term":[{"taxonomy":"category","embeddable":true,"href":"https:\/\/www.ohrlund.se\/blogg\/wp-json\/wp\/v2\/categories?post=542"},{"taxonomy":"post_tag","embeddable":true,"href":"https:\/\/www.ohrlund.se\/blogg\/wp-json\/wp\/v2\/tags?post=542"}],"curies":[{"name":"wp","href":"https:\/\/api.w.org\/{rel}","templated":true}]}}