{"id":552,"date":"2011-11-18T03:19:01","date_gmt":"2011-11-18T01:19:01","guid":{"rendered":"http:\/\/www.ohrlund.se\/blogg\/?p=552"},"modified":"2011-11-18T03:19:01","modified_gmt":"2011-11-18T01:19:01","slug":"frost-och-mod","status":"publish","type":"post","link":"https:\/\/www.ohrlund.se\/blogg\/frost-och-mod\/","title":{"rendered":"Frost och &#8211; mod"},"content":{"rendered":"<p>Tittar ut, mitt i natten, och inser med fasa att det \u00e4r frost p\u00e5 bilen.<\/p>\n<p>Jo, jo, jag vet. Vi ska vara tacksamma f\u00f6r att h\u00f6sten har varit s\u00e5 mild, och allt det d\u00e4r.<\/p>\n<p>Men nu \u00e4r festen uppenbarligen \u00f6ver. Det \u00e4r minusgrader och jag r\u00e4knar dagarna tills det \u00e4r dags att l\u00e4mna f\u00e4derneslandet f\u00f6r betydligt varmare breddgrader, \u00e5tminstone tills det allra v\u00e4rsta \u00e4r \u00f6ver. Inte ens som barn uppskattade jag sn\u00f6n, kylan och\u00a0m\u00f6rkret, och med \u00e5ren har det bara blivit v\u00e4rre.<\/p>\n<p>Jag vill ha ljus och barmark. Punkt.<\/p>\n<p>Med skr\u00e4ckblandad f\u00f6rtjusning inser jag att det finns gott om svenskar som vill <em>betala<\/em> f\u00f6r att f\u00e5 det \u00e4nnu j\u00e4vligare. De h\u00e5rdbelastar kreditkorten, k\u00f6per skidboxar till bilen och k\u00f6ar till svindyra orter d\u00e4r de ska tr\u00e4ngas med andra perverterade f\u00f6r att rulla runt i m\u00f6rker och iskyla under n\u00e5gon vecka. Jag \u00f6nskar f\u00f6rst\u00e5s lycka till och fan vet om de inte \u00e5tminstone borde slippa momsen f\u00f6r att de skapar arbetstillf\u00e4llen d\u00e4r ingen vettigt funtad m\u00e4nniska vill bo.<\/p>\n<p>Jag inser ocks\u00e5\u00a0att vi ska betala priset f\u00f6r att n\u00e5gra packade vikingar seglade fel en g\u00e5ng i tiden. Det betyder ocks\u00e5 att vi kan sl\u00e4ppa alkoholen fri, ty den allra v\u00e4rsta skadan skedde ju redan f\u00f6r tusen \u00e5r sedan eller s\u00e5. Och \u00e4r det konstigt att folk vill v\u00e4rma sig med ett glas vin eller tv\u00e5\u00a0n\u00e4r isen l\u00e4gger sig kring skorna?<\/p>\n<p>S\u00e5 &#8211; till ett helt annat och betydligt varmare \u00e4mne &#8211; <em>mod<\/em>.<\/p>\n<p>I\u00a0kv\u00e4ll lyssnade jag p\u00e5 ett intressant f\u00f6redrag. Den f\u00f6re detta milit\u00e4ren, numera psykologen, socionomen och terapeuten <strong>Fredric Bohm<\/strong> har just kommit ut med sin bok <em>T\u00e4nk om<\/em>.<\/p>\n<p><a href=\"https:\/\/www.ohrlund.se\/blogg\/wp-content\/uploads\/2011\/11\/T\u00e4nk-om.jpg\"><img loading=\"lazy\" decoding=\"async\" class=\"alignleft size-full wp-image-553\" title=\"T\u00e4nk om\" src=\"https:\/\/www.ohrlund.se\/blogg\/wp-content\/uploads\/2011\/11\/T\u00e4nk-om.jpg\" alt=\"\" width=\"136\" height=\"184\" \/><\/a><\/p>\n<p>&nbsp;<\/p>\n<p>&nbsp;<\/p>\n<p>&nbsp;<\/p>\n<p>&nbsp;<\/p>\n<p>Fredric ber\u00e4ttade kort, p\u00e5 ett intressant och l\u00e4ttfattligt s\u00e4tt, om hur just mod kan hj\u00e4lpa oss att skapa och f\u00f6r\u00e4ndra v\u00e5ra liv, oavsett om det r\u00f6r karri\u00e4r, relationer eller personliga ambitioner.<\/p>\n<p>Jag tror att han har alldeles r\u00e4tt. Och att vi i v\u00e4ldigt m\u00e5nga fall \u00e4r alldeles f\u00f6r f\u00f6rsiktiga, r\u00e4dda &#8211; direkt fega &#8211; n\u00e4r det g\u00e4ller att v\u00e4rdera och omf\u00f6rhandla v\u00e5ra liv, och handla d\u00e4refter.<\/p>\n<p>Fundera \u00f6ver ditt liv. V\u00e4rdera det. Omv\u00e4rdera. Och var nyfiken &#8211; l\u00e4s mer p\u00e5\u00a0 <a href=\"http:\/\/www.konstenattvaramodig.se\">www.konstenattvaramodig.se<\/a><\/p>\n<div id=\"wp_fb_like_button\" style=\"margin:5px 0;float:none;height:100px;\"><script src=\"http:\/\/connect.facebook.net\/en_US\/all.js#xfbml=1\"><\/script><fb:like href=\"https:\/\/www.ohrlund.se\/blogg\/frost-och-mod\/\" send=\"true\" layout=\"standard\" width=\"450\" show_faces=\"true\" font=\"arial\" action=\"like\" colorscheme=\"light\"><\/fb:like><\/div>","protected":false},"excerpt":{"rendered":"<p>Tittar ut, mitt i natten, och inser med fasa att det \u00e4r frost p\u00e5 bilen. Jo, jo, jag vet. Vi ska vara tacksamma f\u00f6r att h\u00f6sten har varit s\u00e5 mild, och allt det d\u00e4r. Men nu \u00e4r festen uppenbarligen \u00f6ver. &hellip; <a href=\"https:\/\/www.ohrlund.se\/blogg\/frost-och-mod\/\">Forts\u00e4tt l\u00e4sa <span class=\"meta-nav\">&rarr;<\/span><\/a><\/p>\n","protected":false},"author":2,"featured_media":0,"comment_status":"open","ping_status":"open","sticky":false,"template":"","format":"standard","meta":{"_jetpack_memberships_contains_paid_content":false,"footnotes":""},"categories":[1],"tags":[],"class_list":["post-552","post","type-post","status-publish","format-standard","hentry","category-okategoriserade"],"jetpack_featured_media_url":"","jetpack_sharing_enabled":true,"post_mailing_queue_ids":[],"_links":{"self":[{"href":"https:\/\/www.ohrlund.se\/blogg\/wp-json\/wp\/v2\/posts\/552","targetHints":{"allow":["GET"]}}],"collection":[{"href":"https:\/\/www.ohrlund.se\/blogg\/wp-json\/wp\/v2\/posts"}],"about":[{"href":"https:\/\/www.ohrlund.se\/blogg\/wp-json\/wp\/v2\/types\/post"}],"author":[{"embeddable":true,"href":"https:\/\/www.ohrlund.se\/blogg\/wp-json\/wp\/v2\/users\/2"}],"replies":[{"embeddable":true,"href":"https:\/\/www.ohrlund.se\/blogg\/wp-json\/wp\/v2\/comments?post=552"}],"version-history":[{"count":4,"href":"https:\/\/www.ohrlund.se\/blogg\/wp-json\/wp\/v2\/posts\/552\/revisions"}],"predecessor-version":[{"id":557,"href":"https:\/\/www.ohrlund.se\/blogg\/wp-json\/wp\/v2\/posts\/552\/revisions\/557"}],"wp:attachment":[{"href":"https:\/\/www.ohrlund.se\/blogg\/wp-json\/wp\/v2\/media?parent=552"}],"wp:term":[{"taxonomy":"category","embeddable":true,"href":"https:\/\/www.ohrlund.se\/blogg\/wp-json\/wp\/v2\/categories?post=552"},{"taxonomy":"post_tag","embeddable":true,"href":"https:\/\/www.ohrlund.se\/blogg\/wp-json\/wp\/v2\/tags?post=552"}],"curies":[{"name":"wp","href":"https:\/\/api.w.org\/{rel}","templated":true}]}}