{"id":558,"date":"2011-11-23T00:09:40","date_gmt":"2011-11-22T22:09:40","guid":{"rendered":"http:\/\/www.ohrlund.se\/blogg\/?p=558"},"modified":"2011-11-23T00:09:40","modified_gmt":"2011-11-22T22:09:40","slug":"vi-ar-daliga-pa-att-stada","status":"publish","type":"post","link":"https:\/\/www.ohrlund.se\/blogg\/vi-ar-daliga-pa-att-stada\/","title":{"rendered":"Vi \u00e4r d\u00e5liga p\u00e5 att st\u00e4da"},"content":{"rendered":"<p>Jahaja. Juholt klarade sig. Inte helt ov\u00e4ntat. Han hade ju &#8221;beg\u00e5tt ett misstag&#8221;.<\/p>\n<p>I ett privat f\u00f6retag hade &#8221;misstaget&#8221; sannolikt lett till att han f\u00e5tt tjugo minuter p\u00e5 sig att pallra sig ut genom d\u00f6rren.<\/p>\n<p>Utan avg\u00e5ngsvederlag.<\/p>\n<p>Men vi svenskar \u00e4r f\u00f6rst\u00e5ende. Vi l\u00e5ter en man &#8211; som sagt att han vill leda landet &#8211; beg\u00e5 misstag p\u00e5 v\u00e5r bekostnad, och sitta kvar.<\/p>\n<p>Vi \u00e4r d\u00e5liga p\u00e5 att st\u00e4da.<\/p>\n<p>Veckan efter var det n\u00e5gon allianspolitiker, med 55 000 i m\u00e5nadsl\u00f6n,\u00a0som hade beg\u00e5tt ett &#8221;misstag&#8221; och sedan kom den unga, lovande, kvinnliga socialdemokraten som hade snattat\u00a0f\u00f6r 160 kronor i en bokhandel!<\/p>\n<p>Snatteri. 160 kronor. Hj\u00e4lp! Vi pratar om n\u00e5gon som utgett sig f\u00f6r att ha intelligens nog f\u00f6r att str\u00e4va efter en topplats i Sveriges n\u00e4st st\u00f6rsta parti.<\/p>\n<p>Dumhet \u00e4r inte olagligt, men farligt. Inte minst i trafiken och politiken. Allts\u00e5 bryr jag mig inte om ifall den dumme k\u00f6r Toyota eller Volvo, inte heller om den dumma \u00e4r moderat eller sosse. Bort ska de, ty farliga f\u00f6r oss \u00e4r de.<\/p>\n<p>Men vi svenskar\u00a0\u00e4r d\u00e5liga p\u00e5 att st\u00e4da.<\/p>\n<p>Jag t\u00e4nker p\u00e5 mina favoriter, de franska b\u00f6nderna. De som kopplar sl\u00e4pet efter traktorn, lastar det med g\u00f6dsel, sakta puttrar till Paris och lossar 40 ton stinkande koskit p\u00e5 trappan till regeringsbyggnaden n\u00e4r politikerna gjort n\u00e5got som inte passar.<\/p>\n<p>De flesta m\u00e4nniskor f\u00f6rst\u00e5r sm\u00e4rta. Men nu f\u00e5r man ju inte sl\u00e5 folk. Det franska alternativet \u00e4r allts\u00e5 att de flesta f\u00f6rst\u00e5r stanken fr\u00e5n g\u00f6dsel.<\/p>\n<p>En taktik som funkar.<\/p>\n<p>Carema l\u00e5ter en ensam farbror &#8211; n\u00e5gons pappa, kanske n\u00e5gons farfar &#8211; d\u00f6 ensam\u00a0i en rullstol framf\u00f6r tv:n i dagrummet. Billigare s\u00e5, \u00e4n att hyra n\u00e5gon som h\u00e5ller honom i handen n\u00e4r d\u00f6ds\u00e5ngesten s\u00e4tter in. De Caremapatienter som har oturen att \u00f6verleva f\u00e5r ist\u00e4llet uppleva f\u00f6rnedring i kilotunga, nerkissade bl\u00f6jor. H\u00e4r har du ditt liv, moster Elsa. Vi \u00e4lskar dig &#8211; p\u00e5 distans &#8211; men Carema tycker att du kan bada i piss. Hoppas att n\u00e5gon skjuter<em> mig<\/em> innan jag blir en Caremapizza.<\/p>\n<p>Vi l\u00e5ter Caremas vd uttala sig i tv, sedan \u00e4r det mesta f\u00f6rl\u00e5tet och gl\u00f6mt. Sverige 2011. Vara stolt?<\/p>\n<p>H\u00e4r handlar det f\u00f6rst\u00e5s inte bara om dumhet, utan om girighetens fulaste ansiktsuttryck. Och om v\u00e5r egen sansl\u00f6sa flathet, jag inte b\u00e4ttre \u00e4n n\u00e5gon annan.<\/p>\n<p>Jag sk\u00e4ms.<\/p>\n<p>Jag t\u00e4nker Chile, Bolivia, Peru. Bortsett fr\u00e5n att folk d\u00e4r tar hand om sina mammor och pappor efter b\u00e4sta f\u00f6rm\u00e5ga ist\u00e4llet f\u00f6r att parkera dem i Carema-lador, har de nog aningen mindre tolerans mot den h\u00e4r typen av missbruk. N\u00e5got s\u00e4ger mig att om en motsvarande skandal utspelat sig i Chile, hade tusentals m\u00e4nniskor samlats utanf\u00f6r Caremas huvudkontor. Folk hade tagit ledigt fr\u00e5n sina fattiga jobb f\u00f6r att kr\u00e4va vd:ns huvud p\u00e5 ett fat och inte gett upp f\u00f6rr\u00e4n n\u00e5gon form av\u00a0r\u00e4ttvisa skipats.<\/p>\n<p>Men det har vi varken tid eller ork med h\u00e4r. Vi ska ju g\u00f6ra karri\u00e4r och f\u00f6rresten var det ju inte just<em> min<\/em> pappa som dog i den d\u00e4r rullstolen. Och <em>s\u00e5<\/em> hemskt som det visas i kv\u00e4llstidningarna, kan det v\u00e4l \u00e4nd\u00e5 inte vara? Sn\u00e4lla. Jag har ju br\u00e5ttom, m\u00e5ste best\u00e4lla hem en matkasse till d\u00f6rren.<\/p>\n<p>Jag konstaterar \u00e5ter att vi \u00e4r d\u00e5liga p\u00e5 att st\u00e4da. V\u00e4rdel\u00f6sa p\u00e5 att protestera. I b\u00e4sta fall knyter vi handen i fickan &#8211; om det inte handlar om n\u00e5got nosh\u00f6ringsbarn p\u00e5 Kolm\u00e5rden som vi villigt samlar in hundra tusen kronor till &#8211; och l\u00e5ter saken bero.<\/p>\n<p>Allts\u00e5. Vi har oss sj\u00e4lva att skylla.<\/p>\n<p>Om vi inte g\u00f6r n\u00e5got, b\u00f6r vi h\u00e5lla k\u00e4ften.<\/p>\n<p>Allt annat \u00e4r spel.<\/p>\n<p>&nbsp;<\/p>\n<div id=\"wp_fb_like_button\" style=\"margin:5px 0;float:none;height:100px;\"><script src=\"http:\/\/connect.facebook.net\/en_US\/all.js#xfbml=1\"><\/script><fb:like href=\"https:\/\/www.ohrlund.se\/blogg\/vi-ar-daliga-pa-att-stada\/\" send=\"true\" layout=\"standard\" width=\"450\" show_faces=\"true\" font=\"arial\" action=\"like\" colorscheme=\"light\"><\/fb:like><\/div>","protected":false},"excerpt":{"rendered":"<p>Jahaja. Juholt klarade sig. Inte helt ov\u00e4ntat. Han hade ju &#8221;beg\u00e5tt ett misstag&#8221;. I ett privat f\u00f6retag hade &#8221;misstaget&#8221; sannolikt lett till att han f\u00e5tt tjugo minuter p\u00e5 sig att pallra sig ut genom d\u00f6rren. Utan avg\u00e5ngsvederlag. Men vi svenskar &hellip; <a href=\"https:\/\/www.ohrlund.se\/blogg\/vi-ar-daliga-pa-att-stada\/\">Forts\u00e4tt l\u00e4sa <span class=\"meta-nav\">&rarr;<\/span><\/a><\/p>\n","protected":false},"author":2,"featured_media":0,"comment_status":"open","ping_status":"open","sticky":false,"template":"","format":"standard","meta":{"_jetpack_memberships_contains_paid_content":false,"footnotes":""},"categories":[1],"tags":[],"class_list":["post-558","post","type-post","status-publish","format-standard","hentry","category-okategoriserade"],"jetpack_featured_media_url":"","jetpack_sharing_enabled":true,"post_mailing_queue_ids":[],"_links":{"self":[{"href":"https:\/\/www.ohrlund.se\/blogg\/wp-json\/wp\/v2\/posts\/558","targetHints":{"allow":["GET"]}}],"collection":[{"href":"https:\/\/www.ohrlund.se\/blogg\/wp-json\/wp\/v2\/posts"}],"about":[{"href":"https:\/\/www.ohrlund.se\/blogg\/wp-json\/wp\/v2\/types\/post"}],"author":[{"embeddable":true,"href":"https:\/\/www.ohrlund.se\/blogg\/wp-json\/wp\/v2\/users\/2"}],"replies":[{"embeddable":true,"href":"https:\/\/www.ohrlund.se\/blogg\/wp-json\/wp\/v2\/comments?post=558"}],"version-history":[{"count":7,"href":"https:\/\/www.ohrlund.se\/blogg\/wp-json\/wp\/v2\/posts\/558\/revisions"}],"predecessor-version":[{"id":565,"href":"https:\/\/www.ohrlund.se\/blogg\/wp-json\/wp\/v2\/posts\/558\/revisions\/565"}],"wp:attachment":[{"href":"https:\/\/www.ohrlund.se\/blogg\/wp-json\/wp\/v2\/media?parent=558"}],"wp:term":[{"taxonomy":"category","embeddable":true,"href":"https:\/\/www.ohrlund.se\/blogg\/wp-json\/wp\/v2\/categories?post=558"},{"taxonomy":"post_tag","embeddable":true,"href":"https:\/\/www.ohrlund.se\/blogg\/wp-json\/wp\/v2\/tags?post=558"}],"curies":[{"name":"wp","href":"https:\/\/api.w.org\/{rel}","templated":true}]}}