{"id":566,"date":"2011-11-23T12:50:58","date_gmt":"2011-11-23T10:50:58","guid":{"rendered":"http:\/\/www.ohrlund.se\/blogg\/?p=566"},"modified":"2011-11-23T12:50:58","modified_gmt":"2011-11-23T10:50:58","slug":"odjup","status":"publish","type":"post","link":"https:\/\/www.ohrlund.se\/blogg\/odjup\/","title":{"rendered":"Odjup"},"content":{"rendered":"<p>Jag l\u00e4ser n\u00e5gra intervjuer med k\u00e4nda och ok\u00e4nda f\u00f6rfattare. F\u00f6rst\u00e5r inte mycket av det som s\u00e4gs. Sedan tittar jag p\u00e5 ett par kulturprogram d\u00e4r k\u00e4nda f\u00f6rfattare och debutanter intervjuas. Jag f\u00f6rst\u00e5r ungef\u00e4r lika lite.<\/p>\n<p>Pl\u00f6tsligt g\u00e5r det upp f\u00f6r mig att jag som f\u00f6rfattare beg\u00e5tt det st\u00f6rsta misstag man kan.<\/p>\n<p>Jag \u00e4r <strong><em>odjup<\/em><\/strong>.<\/p>\n<p>N\u00e4r jag har blivit intervjuad har jag alltid p\u00e5 ett enkelt s\u00e4tt f\u00f6rs\u00f6kt f\u00f6rklara vad jag menat. Raka svar p\u00e5 raka fr\u00e5gor.<\/p>\n<p>Ointressant. Vilken jubelidiot jag varit som missat hela kulturt\u00e5get!<\/p>\n<p>Men det \u00e4r inte f\u00f6r sent att reparera skadan. D\u00e4rf\u00f6r bjuder jag h\u00e4r p\u00e5 ett f\u00e4rdigt presskit \u2013 fritt f\u00f6r publicering \u2013 som alla journalister f\u00e5r lyfta och publicera rakt av, gratis och franko:<\/p>\n<p><strong>Intervjuaren: Hur k\u00e4nns det nu d\u00e5, Dag, n\u00e4r din nya roman har kommit ut?<\/strong><\/p>\n<p>\u00c4hmmm \u2026 k\u00e4nns \u2026 jag vet inte \u2026 det \u00e4r ju inte bara en k\u00e4nsla, det \u00e4r ett v\u00e5gspel av \u00a0\u2026 ehm \u2026 som en symfoni av tv\u00e5ngssjukdomar \u2026 du fattar \u2026 jag menar \u2026 ass\u00e5 det g\u00f6r ont men samtidigt \u2026 ja, som ett avslut liksom.<\/p>\n<p><strong>Avslut? Hur menar du d\u00e5?<\/strong><\/p>\n<p>(river mig i h\u00e5ret): Eller som en b\u00f6rjan. Fast \u2026 kanske mer som \u2026 \u00e4hhh \u2026 en tv\u00e4tt av sj\u00e4len. Rannsakande, just det \u2026. som att f\u00f6rl\u00f6sa gr\u00e5sten \u2026 (petar mig i \u00f6rat)<\/p>\n<p><strong>Det \u00e4r tio \u00e5r sedan din f\u00f6rra roman <\/strong><strong>kom ut. Varf\u00f6r tog det s\u00e5 l\u00e5ng tid att skriva tv\u00e5an?<\/strong><\/p>\n<p>\u00c4hh \u2026 det v\u00e4rkte \u2026 allts\u00e5 det fanns saker jag inte bara kunde g\u00e5 f\u00f6rbi \u2026 det h\u00e4nde \u2026 mina karakt\u00e4rer \u2026 ett slags evig sm\u00e4rta som tidvis f\u00f6rbyttes i fj\u00e4rilsl\u00e4tta euforier som blev allts\u00e5 \u2026 ibland n\u00e4stan om\u00f6jliga att beskriva och \u2026 ehmm \u2026 det h\u00e4nde mycket i mitt liv i den h\u00e4r perioden \u2026 (drar mig i sk\u00e4gget) \u00a0jag drack en hel del och det var ett par separationer och \u2026ehmmm \u2026 jag m\u00f6tte en dv\u00e4rg och \u2026<\/p>\n<p><strong>En dv\u00e4rg?<\/strong><\/p>\n<p>Ja. Jag m\u00f6tte en dv\u00e4rg, gjorde jag. Det var \u2026ehmmm \u2026. <em>berusande<\/em>, kan man s\u00e4ga. S\u00e5 stort, s\u00e5 litet. Fast sorgligt. Och &#8230; \u00e4hmm \u2026 en \u2026 \u00e4hmm \u2026 symbios. Ett kontrakt kan man \u2026 \u00e4hmm \u2026 fast jag vet inte \u2026<\/p>\n<p><strong>M\u00e5nga tycker att det \u00e4r lite sv\u00e5rt <\/strong><strong>att se den konkreta handlingen i din roman. (skrattar nerv\u00f6st) S\u00e5\u00e5\u00e5 \u2026 kan du <\/strong><strong>ber\u00e4tta vad den egentligen handlar om?<\/strong><\/p>\n<p>Ahmenvafa-an \u2026 ass\u00e5 s\u00e5 l\u00e4tt \u00e4r det inte \u2026 (muttrar) kretiner \u2026 handling och handling, ass\u00e5 varje mikrosekund \u00e4r en handling f\u00f6r n\u00e5gra \u2026 \u00e4hmm \u2026 andra sitter still i b\u00e5ten. Och vad \u00e4r en handling egentligen? (kliar mig i h\u00e5ret, rufsar lite) Ass\u00e5 \u2026 \u00e4hmm \u2026 mina karakt\u00e4rer vistas i ett slags ICA-kosmos \u2026 det \u00e4r som att korsa l\u00e4ttmj\u00f6lk med Saddam och raketflyg \u2026 \u00e4hmmm \u2026 man kan inte bara snacka handling. Det vore som &#8230;\u00a0\u00e4hh &#8230; att s\u00e4tta en handbroms i en kanot.\u00a0Det h\u00e4r \u00e4r s\u00e5 mycket st\u00f6rre. <em>Jag<\/em> \u00e4r s\u00e5 mycket st\u00f6rre. Och \u2026 \u00e4hmm \u2026 det g\u00f6r ont ibland. Ofta, faktiskt. Som Palmemordet.<\/p>\n<p><strong>Palmemordet?<\/strong><\/p>\n<p>Ja \u2026 (muttrar) metafor \u2026 det var ju en \u00e4hmm \u2026 sm\u00e4rta.<\/p>\n<p><strong>Intervjuaren: Jag f\u00f6rst\u00e5r, tror jag. Hur lever du <\/strong><strong>och dina karakt\u00e4rer tillsammans? \u00c4r det den symbios s\u00e5 m\u00e5nga f\u00f6rfattare beskriver? \u00a0Kan man s\u00e4ga att ni \u2026 ehmm \u2026 umg\u00e5s \u00e4ven n\u00e4r du <\/strong><strong>inte skriver?<\/strong><\/p>\n<p>(river mig i h\u00e5ret igen): Har du n\u00e5got att dricka?<\/p>\n<p><strong>Vi har lite bubbelvatten h\u00e4r, vi ska <\/strong><strong>se om studiomannen kan \u2026<\/strong><\/p>\n<p>Bubbelvatten. Pyttsan!<\/p>\n<p><strong>Ja, i alla fall, karakt\u00e4rerna \u2026<\/strong><\/p>\n<p>Jomens\u00e5d\u00e4rkanmanjuintebaras\u00e4gautanvidare. Ass\u00e5 \u2026 \u00e4hmm \u2026 karakt\u00e4rerna \u00e4r ju som filmj\u00f6lk \u2026 \u00e4hh \u2026 transparanta och \u00e4nd\u00e5 inte \u2026 inget man kan ta p\u00e5 d\u00e5r\u00e5 \u2026 jag tycker att varje l\u00e4sare f\u00e5r skapa sin karakt\u00e4r \u2026 \u00e4hm \u2026 det blir som lingon och mj\u00f6lk, liksom. K\u00e4rlek och hat. Stenar och moln. Regn och asfalt. Fattar du? (betraktar pekfingertoppen l\u00e4nge)<\/p>\n<p><strong>(Intervjuaren harklar sig): Jo, jag tror det. Det <\/strong><strong>s\u00e4gs att du l\u00e4t h\u00e5ret v\u00e4xa och odlade sk\u00e4gg inf\u00f6r sl\u00e4ppet av din bok. St\u00e4mmer <\/strong><strong>det?<\/strong><\/p>\n<p>Ja.<\/p>\n<p><strong>Varf\u00f6r gjorde du det?<\/strong><\/p>\n<p>Var ett stejtment, kan man s\u00e4ga. Rakningen blir ju en antiklimax. Ett antiklimax. Heter det en eller ett? Kanske (drar mig i sk\u00e4gget igen).<\/p>\n<p><strong>Du har aldrig f\u00e5tt n\u00e5gra priser f\u00f6r <\/strong><strong>dina b\u00f6cker. Hur k\u00e4nns det?<\/strong><\/p>\n<p>Bitter is my middle name (skrattar st\u00f6tvis). \u00c4hmen \u2026 du fattar \u2026 dom har inte fattat \u2026 det \u00e4hmm \u2026 kommer. Man f\u00e5r \u2026 f\u00f6rl\u00e5ta, ett slags f\u00f6rl\u00e5telse. Du vet va Jesus sa om att dom inte visste vad dom gjorde (skrattar) \u00e5 allt det d\u00e4r. Det blir \u2026 \u00e4hmmm \u2026 (muttrar) typ metafor.<\/p>\n<p><strong>Hur ser du p\u00e5 recensioner och <\/strong><strong>recensenter?<\/strong><\/p>\n<p>Kosmiskt. Ehmm \u2026 det blir n\u00e4stan \u2026 \u00e4hhh \u2026 sexuellt. Som Tomas di Leva fast tv\u00e4rtom. Lill-Babs i en pricesst\u00e5rta. Slam.<\/p>\n<p><strong>Sexuellt?! Mellan dig och <\/strong><strong>recensenterna?<\/strong><\/p>\n<p>\u00c4hhm \u2026 n\u00e4 \u2026 n\u00e4, mellan ass\u00e5 \u2026 andra \u2026 m\u00f6ten \u2026 betong &#8230; m\u00f6ten i parkeringsgarage och s\u00e5 \u2026 k\u00e4nslom\u00e4ssig lera &#8230; kroppar&#8230;<\/p>\n<p>Intervjun forts\u00e4tter h\u00e4r i drygt tv\u00e5 och en halv timme till. Alla journalister som vill ha tillg\u00e5ng till hela materialet \u00e4r v\u00e4lkomna att maila till <a href=\"mailto:jagvillhaenjattelangintervjufullav@bullshit.nu\">jagvillhaenjattelangintervjufullav@bullshit.nu<\/a><\/p>\n<div id=\"wp_fb_like_button\" style=\"margin:5px 0;float:none;height:100px;\"><script src=\"http:\/\/connect.facebook.net\/en_US\/all.js#xfbml=1\"><\/script><fb:like href=\"https:\/\/www.ohrlund.se\/blogg\/odjup\/\" send=\"true\" layout=\"standard\" width=\"450\" show_faces=\"true\" font=\"arial\" action=\"like\" colorscheme=\"light\"><\/fb:like><\/div>","protected":false},"excerpt":{"rendered":"<p>Jag l\u00e4ser n\u00e5gra intervjuer med k\u00e4nda och ok\u00e4nda f\u00f6rfattare. F\u00f6rst\u00e5r inte mycket av det som s\u00e4gs. Sedan tittar jag p\u00e5 ett par kulturprogram d\u00e4r k\u00e4nda f\u00f6rfattare och debutanter intervjuas. Jag f\u00f6rst\u00e5r ungef\u00e4r lika lite. Pl\u00f6tsligt g\u00e5r det upp f\u00f6r mig &hellip; <a href=\"https:\/\/www.ohrlund.se\/blogg\/odjup\/\">Forts\u00e4tt l\u00e4sa <span class=\"meta-nav\">&rarr;<\/span><\/a><\/p>\n","protected":false},"author":2,"featured_media":0,"comment_status":"open","ping_status":"open","sticky":false,"template":"","format":"standard","meta":{"_jetpack_memberships_contains_paid_content":false,"footnotes":""},"categories":[1],"tags":[],"class_list":["post-566","post","type-post","status-publish","format-standard","hentry","category-okategoriserade"],"jetpack_featured_media_url":"","jetpack_sharing_enabled":true,"post_mailing_queue_ids":[],"_links":{"self":[{"href":"https:\/\/www.ohrlund.se\/blogg\/wp-json\/wp\/v2\/posts\/566","targetHints":{"allow":["GET"]}}],"collection":[{"href":"https:\/\/www.ohrlund.se\/blogg\/wp-json\/wp\/v2\/posts"}],"about":[{"href":"https:\/\/www.ohrlund.se\/blogg\/wp-json\/wp\/v2\/types\/post"}],"author":[{"embeddable":true,"href":"https:\/\/www.ohrlund.se\/blogg\/wp-json\/wp\/v2\/users\/2"}],"replies":[{"embeddable":true,"href":"https:\/\/www.ohrlund.se\/blogg\/wp-json\/wp\/v2\/comments?post=566"}],"version-history":[{"count":4,"href":"https:\/\/www.ohrlund.se\/blogg\/wp-json\/wp\/v2\/posts\/566\/revisions"}],"predecessor-version":[{"id":570,"href":"https:\/\/www.ohrlund.se\/blogg\/wp-json\/wp\/v2\/posts\/566\/revisions\/570"}],"wp:attachment":[{"href":"https:\/\/www.ohrlund.se\/blogg\/wp-json\/wp\/v2\/media?parent=566"}],"wp:term":[{"taxonomy":"category","embeddable":true,"href":"https:\/\/www.ohrlund.se\/blogg\/wp-json\/wp\/v2\/categories?post=566"},{"taxonomy":"post_tag","embeddable":true,"href":"https:\/\/www.ohrlund.se\/blogg\/wp-json\/wp\/v2\/tags?post=566"}],"curies":[{"name":"wp","href":"https:\/\/api.w.org\/{rel}","templated":true}]}}