{"id":571,"date":"2011-11-24T12:32:40","date_gmt":"2011-11-24T10:32:40","guid":{"rendered":"http:\/\/www.ohrlund.se\/blogg\/?p=571"},"modified":"2011-11-24T12:32:40","modified_gmt":"2011-11-24T10:32:40","slug":"magiska-mantran-blir-nagons-dod","status":"publish","type":"post","link":"https:\/\/www.ohrlund.se\/blogg\/magiska-mantran-blir-nagons-dod\/","title":{"rendered":"Magiska mantran blir n\u00e5gons d\u00f6d"},"content":{"rendered":"<p>Vi kanske skulle ha t\u00e4nkt oss f\u00f6r.<\/p>\n<p>Det l\u00e4t ju bra det d\u00e4r med bolagisering och privatisering.<\/p>\n<p>Facit \u00e4r inte lika vackert.<\/p>\n<p>En gammal man &#8211; n\u00e5gons far och farfar &#8211; f\u00e5r d\u00f6 ensam i en rullstol framf\u00f6r tv:n i dagrummet, f\u00f6r att det blev billigast s\u00e5. Medan Caremas ekonomer gnuggade h\u00e4nderna fick han ensam sl\u00e5ss med sin d\u00f6ds\u00e5ngest. Jag har sett m\u00e4nniskor i d\u00f6ds\u00e5ngest tillr\u00e4ckligt m\u00e5nga g\u00e5nger f\u00f6r att f\u00f6rst\u00e5, att man inte vill vara ensam n\u00e4r den s\u00e4tter in.<\/p>\n<p>50 allvarliga anm\u00e4lningar mot SOS Alarm talar f\u00f6r att du l\u00e5ngtifr\u00e5n s\u00e4kert kan r\u00e4kna med en ambulans om du \u00e4r d\u00f6ende. Anst\u00e4llda vittnar om underbemanning, om hur de g\u00e5r p\u00e5 kn\u00e4na i ett f\u00f6retag d\u00e4r varje litet misstag kan bli fatalt. Och p\u00e5 SOS Alarms ekonomiavdelning r\u00e4knar man &#8211; vinst. N\u00e4r en p\u00e5k\u00f6rd baby d\u00f6r &#8211; kanske just f\u00f6r att ambulansen inte kom i tid &#8211; konstaterar vd:n i tv att det \u00e4r &#8221;tragiskt&#8221;.<\/p>\n<p>Min ton\u00e5rsdotter b\u00f6rjar i en privat gymnasieskola som inte, trots anvisningar, har bibliotek och inte serverar skolmat. I reklamen h\u00e4vdas att skolan vill att eleverna ska \u00f6ka sin sociala kompetens genom att &#8221;umg\u00e5s i restaurangmilj\u00f6&#8221;. D\u00e4rf\u00f6r f\u00e5r eleverna ett kort vars v\u00e4rde \u00e4r 47 kronor om dagen. Alla som bes\u00f6kt en lunchrestaurang i Stockholm vet att den summan inte ens\u00a0tar en f\u00f6rbi salladsbordet. Skolan ger dessutom eleverna &#8221;\u00f6kat eget ansvar&#8221; genom att ha l\u00e4rarledda lektioner enbart halva dagarna. Under resten av tiden ska eleverna sk\u00f6ta studierna p\u00e5 eget ansvar. Skolan klarar sig d\u00e4rmed\u00a0med att anst\u00e4lla h\u00e4lften s\u00e5 m\u00e5nga l\u00e4rare, som man annars skulle ha beh\u00f6vt. P\u00e5 en ekonomiavdelning, sitter n\u00e5gon och ler.<\/p>\n<p>I storst\u00e4derna \u00e4r lokaltrafiken till och fr\u00e5n i kaos. Bussar, sp\u00e5rvagnar, tunnelbanor och lokalt\u00e5g k\u00f6rs av utl\u00e4ndska f\u00f6retag som vunnit upphandlingar genom att dumpa priserna. Bussf\u00f6rarna vittnar om h\u00e5rd stress, att de inte hinner g\u00e5 p\u00e5 toaletten och att de tvingas k\u00f6ra p\u00e5 blankslitna d\u00e4ck.<\/p>\n<p>Staten har sparat pengar, s\u00e4ger man. Men vill du ha ditt barn i en buss som k\u00f6rs av en stressad, kissn\u00f6dig chauff\u00f6r som inte vet om d\u00e4cken h\u00e5ller?<\/p>\n<p>V\u00e4lf\u00e4rd, Sverige 2011. Den ensamme farbrorn kvider ut sin d\u00f6ds\u00e5ngest framf\u00f6r tv-sk\u00e4rmen, utan att kunna h\u00e5lla n\u00e5gon annans hand. P\u00e5 trottoaren sv\u00e4var den lilla babyn mellan liv och d\u00f6d. N\u00e4r brandm\u00e4nnen p\u00e5 platsen ringer SOS Alarm, svarar ingen. Utanf\u00f6r en skola i Stockholm samlas 16-\u00e5ringar med b\u00f6jda huvuden i grupper, f\u00f6r att f\u00f6rs\u00f6ka lista ut hur de ska bli m\u00e4tta p\u00e5 47 kronor.<\/p>\n<p>Ovanf\u00f6r dem alla sv\u00e4var n\u00e5gra magiska mantran som heter <em>Tillv\u00e4xt, Effektivisering, L\u00f6nsamhet &#8211; Vinst!<\/em><\/p>\n<p>Jag \u00e4r inte helt s\u00e4ker p\u00e5 att din sjuke farfar, en liten baby eller min dotter ska vara vinstgenererande.<\/p>\n<p>Vi skulle nog ha t\u00e4nkt oss f\u00f6r.<\/p>\n<p>Och \u00e4n \u00e4r det inte f\u00f6r sent.<\/p>\n<div id=\"wp_fb_like_button\" style=\"margin:5px 0;float:none;height:100px;\"><script src=\"http:\/\/connect.facebook.net\/en_US\/all.js#xfbml=1\"><\/script><fb:like href=\"https:\/\/www.ohrlund.se\/blogg\/magiska-mantran-blir-nagons-dod\/\" send=\"true\" layout=\"standard\" width=\"450\" show_faces=\"true\" font=\"arial\" action=\"like\" colorscheme=\"light\"><\/fb:like><\/div>","protected":false},"excerpt":{"rendered":"<p>Vi kanske skulle ha t\u00e4nkt oss f\u00f6r. Det l\u00e4t ju bra det d\u00e4r med bolagisering och privatisering. Facit \u00e4r inte lika vackert. En gammal man &#8211; n\u00e5gons far och farfar &#8211; f\u00e5r d\u00f6 ensam i en rullstol framf\u00f6r tv:n i &hellip; <a href=\"https:\/\/www.ohrlund.se\/blogg\/magiska-mantran-blir-nagons-dod\/\">Forts\u00e4tt l\u00e4sa <span class=\"meta-nav\">&rarr;<\/span><\/a><\/p>\n","protected":false},"author":2,"featured_media":0,"comment_status":"open","ping_status":"open","sticky":false,"template":"","format":"standard","meta":{"_jetpack_memberships_contains_paid_content":false,"footnotes":""},"categories":[1],"tags":[],"class_list":["post-571","post","type-post","status-publish","format-standard","hentry","category-okategoriserade"],"jetpack_featured_media_url":"","jetpack_sharing_enabled":true,"post_mailing_queue_ids":[],"_links":{"self":[{"href":"https:\/\/www.ohrlund.se\/blogg\/wp-json\/wp\/v2\/posts\/571","targetHints":{"allow":["GET"]}}],"collection":[{"href":"https:\/\/www.ohrlund.se\/blogg\/wp-json\/wp\/v2\/posts"}],"about":[{"href":"https:\/\/www.ohrlund.se\/blogg\/wp-json\/wp\/v2\/types\/post"}],"author":[{"embeddable":true,"href":"https:\/\/www.ohrlund.se\/blogg\/wp-json\/wp\/v2\/users\/2"}],"replies":[{"embeddable":true,"href":"https:\/\/www.ohrlund.se\/blogg\/wp-json\/wp\/v2\/comments?post=571"}],"version-history":[{"count":3,"href":"https:\/\/www.ohrlund.se\/blogg\/wp-json\/wp\/v2\/posts\/571\/revisions"}],"predecessor-version":[{"id":574,"href":"https:\/\/www.ohrlund.se\/blogg\/wp-json\/wp\/v2\/posts\/571\/revisions\/574"}],"wp:attachment":[{"href":"https:\/\/www.ohrlund.se\/blogg\/wp-json\/wp\/v2\/media?parent=571"}],"wp:term":[{"taxonomy":"category","embeddable":true,"href":"https:\/\/www.ohrlund.se\/blogg\/wp-json\/wp\/v2\/categories?post=571"},{"taxonomy":"post_tag","embeddable":true,"href":"https:\/\/www.ohrlund.se\/blogg\/wp-json\/wp\/v2\/tags?post=571"}],"curies":[{"name":"wp","href":"https:\/\/api.w.org\/{rel}","templated":true}]}}