{"id":592,"date":"2011-11-30T16:40:17","date_gmt":"2011-11-30T14:40:17","guid":{"rendered":"http:\/\/www.ohrlund.se\/blogg\/?p=592"},"modified":"2011-11-30T16:40:17","modified_gmt":"2011-11-30T14:40:17","slug":"unga-och-delvis-arga","status":"publish","type":"post","link":"https:\/\/www.ohrlund.se\/blogg\/unga-och-delvis-arga\/","title":{"rendered":"Unga och delvis arga"},"content":{"rendered":"<p>Jag kliver upp tidigt f\u00f6r att hinna ta mig igenom morgonrusningen och komma fram till Stockholms Stadshus till klockan 09.00.<\/p>\n<p><strong>&#8221;\u00c5rets viktigaste m\u00f6te i det h\u00e4r huset&#8221; s\u00e4ger Milj\u00f6partiets spr\u00e5kr\u00f6r Gustav Fridolin<\/strong> n\u00e4r han inledningstalar p\u00e5 Ungdomsparlamentet 2011.<\/p>\n<p><a href=\"https:\/\/www.ohrlund.se\/blogg\/wp-content\/uploads\/2011\/11\/IMG_3784.jpg\"><img loading=\"lazy\" decoding=\"async\" class=\"alignleft size-medium wp-image-593\" title=\"IMG_3784\" src=\"https:\/\/www.ohrlund.se\/blogg\/wp-content\/uploads\/2011\/11\/IMG_3784-300x225.jpg\" alt=\"\" width=\"383\" height=\"259\" \/><\/a><\/p>\n<p>&nbsp;<\/p>\n<p><em>Fridolin talar om nyfikenhet, mod och engagemang.<\/em><\/p>\n<p>&nbsp;<\/p>\n<p>&nbsp;<\/p>\n<p>&nbsp;<\/p>\n<p>&nbsp;<\/p>\n<p><strong>Fridolin talar om att vara ung och bitvis arg.<\/strong> Argumentera och agera. Ge sig in i politiken. Visa vad man tycker och st\u00e5 f\u00f6r det. Han ber\u00e4ttar om hur han och hans kamrater vid tolv \u00e5rs \u00e5lder borstade t\u00e4nderna i en friskvattenfont\u00e4n som politikerna i hans hemstad k\u00f6pt ist\u00e4llet f\u00f6r att investera i sn\u00e5lspolande toaletter till skolorna. Fridolin \u00e4r bra och drar appl\u00e5der fr\u00e5n de 700 ungdomar fr\u00e5n tio gymnasieskolor som r\u00f6stats fram till Ungdomsparlamentet i Stockholm.<\/p>\n<p><a href=\"https:\/\/www.ohrlund.se\/blogg\/wp-content\/uploads\/2011\/11\/IMG_3801.jpg\"><img loading=\"lazy\" decoding=\"async\" class=\"alignleft size-medium wp-image-595\" title=\"IMG_3801\" src=\"https:\/\/www.ohrlund.se\/blogg\/wp-content\/uploads\/2011\/11\/IMG_3801-300x225.jpg\" alt=\"\" width=\"343\" height=\"274\" \/><\/a><\/p>\n<p>&nbsp;<\/p>\n<p><em>H\u00e4r sitter Framtiden. Synd att v\u00e5ra riksdagsm\u00e4n inte verkar f\u00f6rst\u00e5 det.<\/em><\/p>\n<p>&nbsp;<\/p>\n<p>&nbsp;<\/p>\n<p>&nbsp;<\/p>\n<p>&nbsp;<\/p>\n<p>&nbsp;<\/p>\n<p><strong>Han talar till de ungdomar som visat ett djupare engagemang \u00e4n m\u00e5nga andra<\/strong>, i samh\u00e4llsfr\u00e5gor. En av dem \u00e4r min dotter, och jag \u00e4r stolt att se henne som en av medlemmarna i Socialutskottet. Bland dessa 16-\u00e5ringar sitter n\u00e5gra av framtidens riksdagsm\u00e4n.<\/p>\n<p>Kanske \u00e4r hon en av dem.<\/p>\n<p><a href=\"https:\/\/www.ohrlund.se\/blogg\/wp-content\/uploads\/2011\/11\/IMG_3767.jpg\"><img loading=\"lazy\" decoding=\"async\" class=\"alignleft size-medium wp-image-594\" title=\"IMG_3767\" src=\"https:\/\/www.ohrlund.se\/blogg\/wp-content\/uploads\/2011\/11\/IMG_3767-300x225.jpg\" alt=\"\" width=\"376\" height=\"285\" \/><\/a><\/p>\n<p>&nbsp;<\/p>\n<p><em>Isabell Alison &#8211; i Riksdagen om tio \u00e5r?<\/em><\/p>\n<p>&nbsp;<\/p>\n<p>&nbsp;<\/p>\n<p>&nbsp;<\/p>\n<p>&nbsp;<\/p>\n<p>&nbsp;<\/p>\n<p><strong>Ledam\u00f6terna i Ungdomsparlamentet har f\u00e5tt stora och viktiga fr\u00e5gor<\/strong> som r\u00f6r Stockholms kommun. Det handlar om att minska avfallet i miljonstaden, att skapa arbete \u00e5t ungdomar, att verka f\u00f6r en r\u00e4ttvis betygs\u00e4ttning i gymnasiet, bek\u00e4mpa heml\u00f6sheten och var vi ska bygga bost\u00e4der f\u00f6r en framtida befolkning.<\/p>\n<p><strong>Ungdomarna har skrivit motioner med f\u00f6rslag till l\u00f6sningar<\/strong> och parlamentet ska r\u00f6sta f\u00f6r eller emot f\u00f6rslagen. Arbetet har\u00a0p\u00e5g\u00e5tt i 13 veckor.<\/p>\n<p><a href=\"https:\/\/www.ohrlund.se\/blogg\/wp-content\/uploads\/2011\/11\/IMG_38381.jpg\"><img loading=\"lazy\" decoding=\"async\" class=\"alignleft size-medium wp-image-597\" title=\"IMG_3838\" src=\"https:\/\/www.ohrlund.se\/blogg\/wp-content\/uploads\/2011\/11\/IMG_38381-300x293.jpg\" alt=\"\" width=\"300\" height=\"293\" srcset=\"https:\/\/www.ohrlund.se\/blogg\/wp-content\/uploads\/2011\/11\/IMG_38381-300x293.jpg 300w, https:\/\/www.ohrlund.se\/blogg\/wp-content\/uploads\/2011\/11\/IMG_38381-306x300.jpg 306w, https:\/\/www.ohrlund.se\/blogg\/wp-content\/uploads\/2011\/11\/IMG_38381.jpg 869w\" sizes=\"auto, (max-width: 300px) 100vw, 300px\" \/><\/a><\/p>\n<p>&nbsp;<\/p>\n<p><em>Det gick inte s\u00e5 bra f\u00f6r Milj\u00f6utskottet n\u00e4r deras motion behandlades av parlamentet.<\/em><\/p>\n<p>&nbsp;<\/p>\n<p>&nbsp;<\/p>\n<p>&nbsp;<\/p>\n<p>&nbsp;<\/p>\n<p>&nbsp;<\/p>\n<p><strong>S\u00e5 sm\u00e5ningom ska ungdomarna och Stockholms politiker tr\u00e4ffas<\/strong> f\u00f6r att diskutera inneh\u00e5llet i motionerna. S\u00e5 l\u00e5ngt allt v\u00e4l.<\/p>\n<p><strong>Det som g\u00f6r mig delvis bekymrad, delvis irriterad<\/strong> \u00e4r att &#8211; f\u00f6rutom den anlitade Fridolin &#8211; ingen av v\u00e5ra 349 riksdagsm\u00e4n har orkat masa sig dit f\u00f6r att lyssna n\u00e4r Framtiden talar om sin oro och f\u00f6resl\u00e5r f\u00f6rb\u00e4ttringar.<\/p>\n<p><strong>Ty dessa 700 ton\u00e5ringar \u00e4r <em>Framtiden<\/em><\/strong>, till skillnad fr\u00e5n m\u00e5nga av dem som sitter i Riksdagen. Och de fr\u00e5gor som\u00a0h\u00e4r behandlas under Stockholmsflagg\u00a0\u00e4r allt annat \u00e4n kommunala problem. Arbetsl\u00f6shet, heml\u00f6shet, milj\u00f6problem och bostadsbrist \u00e4r knappast ok\u00e4nda begrepp i andra delar av landet.<\/p>\n<p><strong>De d\u00e4r 349 folkvalda kostar oss \u00f6ver 25 miljoner kronor i m\u00e5naden<\/strong> enbart i l\u00f6ner och sociala avgifter. Till detta kommer h\u00f6ga pensioner, mobiltelefoner, datorer, sekreterare, arvode f\u00f6r utskottsarbete, traktamenten, ers\u00e4ttning f\u00f6r dubbel bos\u00e4ttning och mycket mer. Det \u00e4r s\u00e4kert ocks\u00e5 riskfritt att p\u00e5st\u00e5 att en och annan Toblerone och paraplydrink passerar genom redovisningarna.<\/p>\n<p><strong>Vore det f\u00f6r mycket beg\u00e4rt att en enda av dem tog en tiominuters promenad \u00f6ver till Stockholms Stadshus och lyssnade?<\/strong><\/p>\n<p>Partierna oroar sig\u00a0f\u00f6r att allt f\u00e4rre ungdomar s\u00f6ker sig till politiken och st\u00e4ller fr\u00e5gan &#8211; varf\u00f6r?<\/p>\n<p>Gissa tre g\u00e5nger.<\/p>\n<p><strong>Kanske &#8211; f\u00f6r att ingen vill lyssna p\u00e5 dem.<\/strong><\/p>\n<div id=\"wp_fb_like_button\" style=\"margin:5px 0;float:none;height:100px;\"><script src=\"http:\/\/connect.facebook.net\/en_US\/all.js#xfbml=1\"><\/script><fb:like href=\"https:\/\/www.ohrlund.se\/blogg\/unga-och-delvis-arga\/\" send=\"true\" layout=\"standard\" width=\"450\" show_faces=\"true\" font=\"arial\" action=\"like\" colorscheme=\"light\"><\/fb:like><\/div>","protected":false},"excerpt":{"rendered":"<p>Jag kliver upp tidigt f\u00f6r att hinna ta mig igenom morgonrusningen och komma fram till Stockholms Stadshus till klockan 09.00. &#8221;\u00c5rets viktigaste m\u00f6te i det h\u00e4r huset&#8221; s\u00e4ger Milj\u00f6partiets spr\u00e5kr\u00f6r Gustav Fridolin n\u00e4r han inledningstalar p\u00e5 Ungdomsparlamentet 2011. &nbsp; Fridolin &hellip; <a href=\"https:\/\/www.ohrlund.se\/blogg\/unga-och-delvis-arga\/\">Forts\u00e4tt l\u00e4sa <span class=\"meta-nav\">&rarr;<\/span><\/a><\/p>\n","protected":false},"author":2,"featured_media":593,"comment_status":"open","ping_status":"open","sticky":false,"template":"","format":"standard","meta":{"_jetpack_memberships_contains_paid_content":false,"footnotes":""},"categories":[1],"tags":[],"class_list":["post-592","post","type-post","status-publish","format-standard","has-post-thumbnail","hentry","category-okategoriserade"],"jetpack_featured_media_url":"https:\/\/www.ohrlund.se\/blogg\/wp-content\/uploads\/2011\/11\/IMG_3784.jpg","jetpack_sharing_enabled":true,"post_mailing_queue_ids":[],"_links":{"self":[{"href":"https:\/\/www.ohrlund.se\/blogg\/wp-json\/wp\/v2\/posts\/592","targetHints":{"allow":["GET"]}}],"collection":[{"href":"https:\/\/www.ohrlund.se\/blogg\/wp-json\/wp\/v2\/posts"}],"about":[{"href":"https:\/\/www.ohrlund.se\/blogg\/wp-json\/wp\/v2\/types\/post"}],"author":[{"embeddable":true,"href":"https:\/\/www.ohrlund.se\/blogg\/wp-json\/wp\/v2\/users\/2"}],"replies":[{"embeddable":true,"href":"https:\/\/www.ohrlund.se\/blogg\/wp-json\/wp\/v2\/comments?post=592"}],"version-history":[{"count":12,"href":"https:\/\/www.ohrlund.se\/blogg\/wp-json\/wp\/v2\/posts\/592\/revisions"}],"predecessor-version":[{"id":609,"href":"https:\/\/www.ohrlund.se\/blogg\/wp-json\/wp\/v2\/posts\/592\/revisions\/609"}],"wp:featuredmedia":[{"embeddable":true,"href":"https:\/\/www.ohrlund.se\/blogg\/wp-json\/wp\/v2\/media\/593"}],"wp:attachment":[{"href":"https:\/\/www.ohrlund.se\/blogg\/wp-json\/wp\/v2\/media?parent=592"}],"wp:term":[{"taxonomy":"category","embeddable":true,"href":"https:\/\/www.ohrlund.se\/blogg\/wp-json\/wp\/v2\/categories?post=592"},{"taxonomy":"post_tag","embeddable":true,"href":"https:\/\/www.ohrlund.se\/blogg\/wp-json\/wp\/v2\/tags?post=592"}],"curies":[{"name":"wp","href":"https:\/\/api.w.org\/{rel}","templated":true}]}}