{"id":610,"date":"2011-12-03T02:00:59","date_gmt":"2011-12-03T00:00:59","guid":{"rendered":"http:\/\/www.ohrlund.se\/blogg\/?p=610"},"modified":"2011-12-03T02:00:59","modified_gmt":"2011-12-03T00:00:59","slug":"strafftankar","status":"publish","type":"post","link":"https:\/\/www.ohrlund.se\/blogg\/strafftankar\/","title":{"rendered":"Strafftankar"},"content":{"rendered":"<p>Min hj\u00e4rna har tillf\u00e4lligtvis hakat upp sig vid brott och straff.<\/p>\n<p>Kanske \u00e4r det inte s\u00e5 m\u00e4rkligt.<\/p>\n<p>I norsk domstol br\u00f6star sig galningen som avr\u00e4ttade en hel koloni med\u00a0ungdomar. I S\u00f6dert\u00e4lje avg\u00f6rs en av de viktigaste r\u00e4tteg\u00e5ngarna p\u00e5 l\u00e4nge, mot m\u00e4nniskor i de kriminella n\u00e4tverk som krigar och f\u00f6rs\u00f6ker utrota varandra med alla medel och utan att ta den minsta h\u00e4nsyn till att vanliga m\u00e4nniskor kan komma emellan. I dag inleddes dessutom\u00a0r\u00e4tteg\u00e5ngen mot den 28-\u00e5ring som besinningsl\u00f6st slog ihj\u00e4l den 24-\u00e5riga v\u00e5rdaren Karen Gebreab p\u00e5 ett av Stockholms\u00a0h\u00e4kten.<\/p>\n<p>Jag j\u00e4mf\u00f6r de h\u00e4r h\u00e4ndelserna med andra brott jag studerat och finner att vare sig den norske galningen eller de sj\u00e4lvutn\u00e4mnda\u00a0S\u00f6dert\u00e4ljegangstrarna handlat i affekt. Det handlar om kall planering och total brist p\u00e5 respekt f\u00f6r andras liv. 28-\u00e5ringen som slog ihj\u00e4l Karen Begreab v\u00e4grade s\u00e4ga n\u00e5got i domstolen, tittade aldrig upp och m\u00f6tte inte blickarna fr\u00e5n offrets anh\u00f6riga.<\/p>\n<p>Kyla. Empatibrist. F\u00f6rakt.<\/p>\n<p>Jag t\u00e4nker igen att vi kanske inte ska uppeh\u00e5lla oss f\u00f6r mycket vid strafftanken utan bara logiskt \u00f6verv\u00e4ga faran med att ha de h\u00e4r m\u00e4nniskorna springande l\u00f6sa p\u00e5 gatorna bland vanliga, hyggliga m\u00e4nniskor.<\/p>\n<p>Jag k\u00e4nner inget\u00a0behov av att ha dem bland oss, varken nu eller senare.<\/p>\n<p>Allts\u00e5, f\u00f6r allas skull: L\u00e5s in dem.<\/p>\n<p>L\u00e4nge.<\/p>\n<div id=\"wp_fb_like_button\" style=\"margin:5px 0;float:none;height:100px;\"><script src=\"http:\/\/connect.facebook.net\/en_US\/all.js#xfbml=1\"><\/script><fb:like href=\"https:\/\/www.ohrlund.se\/blogg\/strafftankar\/\" send=\"true\" layout=\"standard\" width=\"450\" show_faces=\"true\" font=\"arial\" action=\"like\" colorscheme=\"light\"><\/fb:like><\/div>","protected":false},"excerpt":{"rendered":"<p>Min hj\u00e4rna har tillf\u00e4lligtvis hakat upp sig vid brott och straff. Kanske \u00e4r det inte s\u00e5 m\u00e4rkligt. I norsk domstol br\u00f6star sig galningen som avr\u00e4ttade en hel koloni med\u00a0ungdomar. I S\u00f6dert\u00e4lje avg\u00f6rs en av de viktigaste r\u00e4tteg\u00e5ngarna p\u00e5 l\u00e4nge, mot &hellip; <a href=\"https:\/\/www.ohrlund.se\/blogg\/strafftankar\/\">Forts\u00e4tt l\u00e4sa <span class=\"meta-nav\">&rarr;<\/span><\/a><\/p>\n","protected":false},"author":2,"featured_media":0,"comment_status":"open","ping_status":"open","sticky":false,"template":"","format":"standard","meta":{"_jetpack_memberships_contains_paid_content":false,"footnotes":""},"categories":[1],"tags":[],"class_list":["post-610","post","type-post","status-publish","format-standard","hentry","category-okategoriserade"],"jetpack_featured_media_url":"","jetpack_sharing_enabled":true,"post_mailing_queue_ids":[],"_links":{"self":[{"href":"https:\/\/www.ohrlund.se\/blogg\/wp-json\/wp\/v2\/posts\/610","targetHints":{"allow":["GET"]}}],"collection":[{"href":"https:\/\/www.ohrlund.se\/blogg\/wp-json\/wp\/v2\/posts"}],"about":[{"href":"https:\/\/www.ohrlund.se\/blogg\/wp-json\/wp\/v2\/types\/post"}],"author":[{"embeddable":true,"href":"https:\/\/www.ohrlund.se\/blogg\/wp-json\/wp\/v2\/users\/2"}],"replies":[{"embeddable":true,"href":"https:\/\/www.ohrlund.se\/blogg\/wp-json\/wp\/v2\/comments?post=610"}],"version-history":[{"count":3,"href":"https:\/\/www.ohrlund.se\/blogg\/wp-json\/wp\/v2\/posts\/610\/revisions"}],"predecessor-version":[{"id":613,"href":"https:\/\/www.ohrlund.se\/blogg\/wp-json\/wp\/v2\/posts\/610\/revisions\/613"}],"wp:attachment":[{"href":"https:\/\/www.ohrlund.se\/blogg\/wp-json\/wp\/v2\/media?parent=610"}],"wp:term":[{"taxonomy":"category","embeddable":true,"href":"https:\/\/www.ohrlund.se\/blogg\/wp-json\/wp\/v2\/categories?post=610"},{"taxonomy":"post_tag","embeddable":true,"href":"https:\/\/www.ohrlund.se\/blogg\/wp-json\/wp\/v2\/tags?post=610"}],"curies":[{"name":"wp","href":"https:\/\/api.w.org\/{rel}","templated":true}]}}