{"id":631,"date":"2011-12-05T14:12:54","date_gmt":"2011-12-05T12:12:54","guid":{"rendered":"http:\/\/www.ohrlund.se\/blogg\/?p=631"},"modified":"2011-12-05T14:12:54","modified_gmt":"2011-12-05T12:12:54","slug":"och-rattvisa-at-alla","status":"publish","type":"post","link":"https:\/\/www.ohrlund.se\/blogg\/och-rattvisa-at-alla\/","title":{"rendered":"&#8230; och r\u00e4ttvisa \u00e5t alla?"},"content":{"rendered":"<p><strong>S\u00e5d\u00e4rja. Galningen Anders Behring Breivik<\/strong> slapp f\u00e4ngelse och ska ist\u00e4llet underkastas psykiatrisk v\u00e5rd, inte minst f\u00f6r sin <em>paranoida schizofreni<\/em>.<\/p>\n<p><strong>Det var v\u00e4l inte helt ov\u00e4ntat. Och Norge andas ut.<\/strong> I det norska r\u00e4ttsv\u00e4sendet existerar inga livstidsstraff men under v\u00e5rdflagga kan man l\u00e5sa in Breivik och kasta bort nyckeln, vilket ocks\u00e5 \u00e4r exakt vad nittio procent av norrm\u00e4nnen anser b\u00f6r g\u00f6ras, enligt en opinionsunders\u00f6kning.<\/p>\n<p><strong>Det d\u00e4r med r\u00e4ttvisa \u00e4r inte l\u00e4tt.<\/strong> Det finns de som slaktat betydligt v\u00e4rre \u00e4n Breivik och kommit undan med det, till och med blivit hyllade. Men det \u00e4r m\u00e4n som kallas statschefer, presidenter och diktatorer.<\/p>\n<p><strong>Andra m\u00f6rdar och kommer inte undan.<\/strong> Mijailo Mijailovic slaktade Anna Lindh och p\u00e5stod att han hade h\u00f6rt r\u00f6ster. Det var r\u00e4tten mindre intresserad av och d\u00f6mde honom till livstids f\u00e4ngelse, vilket man ocks\u00e5 en g\u00e5ng gjorde med Mattias Flinck. Om den sistn\u00e4mnde svarat och betett sig besynnerligt nog,\u00a0hade han m\u00f6jligen haft en chans att hamna i v\u00e5rdsv\u00e4ngen ist\u00e4llet f\u00f6r att sitta i f\u00e4ngelse i tjugo \u00e5r eller mer.<\/p>\n<p><strong>Att m\u00f6rda en annan, eller hundra, eller tiotusen, verkar vara lite av ett lotteri<\/strong> n\u00e4r det g\u00e4ller f\u00f6ljden. Vissa f\u00e5r medalj, andra f\u00e5r\u00a0mediciner och s\u00e5 finns det de som bel\u00f6nas med att bli homosexuellt gruppv\u00e5ldtagna i ett f\u00e4ngelse.<\/p>\n<p><strong>Jag kan lista ut vilket straff Breivik hade f\u00e5tt i Texas<\/strong> eller Florida. I m\u00e5nga andra l\u00e4nder hade det g\u00e5tt \u00e4nnu snabbare och bestraffningen hade varit \u00f6ver p\u00e5 ett par minuter, med hj\u00e4lp av en grupp gubbar med gev\u00e4r.<\/p>\n<p><strong>Fr\u00e5gan \u00e4r ju om vi ska skjuta p\u00e5 dem som \u00e4r sjuka, eller ej.<\/strong> Och vem som kan ta sig r\u00e4tten att avg\u00f6ra om en Breivik fejkar eller verkligen \u00e4r sjuk. Och vem som kan avg\u00f6ra att Breivik \u00e4r sjuk men att Mijailovic inte var det.<\/p>\n<p><strong>S\u00e5 l\u00e4nge det handlar om m\u00e4nniskor<\/strong> som bed\u00f6mer m\u00e4nniskor, blir allt det d\u00e4r v\u00e4ldigt sv\u00e5rt.<\/p>\n<div id=\"wp_fb_like_button\" style=\"margin:5px 0;float:none;height:100px;\"><script src=\"http:\/\/connect.facebook.net\/en_US\/all.js#xfbml=1\"><\/script><fb:like href=\"https:\/\/www.ohrlund.se\/blogg\/och-rattvisa-at-alla\/\" send=\"true\" layout=\"standard\" width=\"450\" show_faces=\"true\" font=\"arial\" action=\"like\" colorscheme=\"light\"><\/fb:like><\/div>","protected":false},"excerpt":{"rendered":"<p>S\u00e5d\u00e4rja. Galningen Anders Behring Breivik slapp f\u00e4ngelse och ska ist\u00e4llet underkastas psykiatrisk v\u00e5rd, inte minst f\u00f6r sin paranoida schizofreni. Det var v\u00e4l inte helt ov\u00e4ntat. Och Norge andas ut. I det norska r\u00e4ttsv\u00e4sendet existerar inga livstidsstraff men under v\u00e5rdflagga kan &hellip; <a href=\"https:\/\/www.ohrlund.se\/blogg\/och-rattvisa-at-alla\/\">Forts\u00e4tt l\u00e4sa <span class=\"meta-nav\">&rarr;<\/span><\/a><\/p>\n","protected":false},"author":2,"featured_media":0,"comment_status":"open","ping_status":"open","sticky":false,"template":"","format":"standard","meta":{"_jetpack_memberships_contains_paid_content":false,"footnotes":""},"categories":[1],"tags":[],"class_list":["post-631","post","type-post","status-publish","format-standard","hentry","category-okategoriserade"],"jetpack_featured_media_url":"","jetpack_sharing_enabled":true,"post_mailing_queue_ids":[],"_links":{"self":[{"href":"https:\/\/www.ohrlund.se\/blogg\/wp-json\/wp\/v2\/posts\/631","targetHints":{"allow":["GET"]}}],"collection":[{"href":"https:\/\/www.ohrlund.se\/blogg\/wp-json\/wp\/v2\/posts"}],"about":[{"href":"https:\/\/www.ohrlund.se\/blogg\/wp-json\/wp\/v2\/types\/post"}],"author":[{"embeddable":true,"href":"https:\/\/www.ohrlund.se\/blogg\/wp-json\/wp\/v2\/users\/2"}],"replies":[{"embeddable":true,"href":"https:\/\/www.ohrlund.se\/blogg\/wp-json\/wp\/v2\/comments?post=631"}],"version-history":[{"count":2,"href":"https:\/\/www.ohrlund.se\/blogg\/wp-json\/wp\/v2\/posts\/631\/revisions"}],"predecessor-version":[{"id":633,"href":"https:\/\/www.ohrlund.se\/blogg\/wp-json\/wp\/v2\/posts\/631\/revisions\/633"}],"wp:attachment":[{"href":"https:\/\/www.ohrlund.se\/blogg\/wp-json\/wp\/v2\/media?parent=631"}],"wp:term":[{"taxonomy":"category","embeddable":true,"href":"https:\/\/www.ohrlund.se\/blogg\/wp-json\/wp\/v2\/categories?post=631"},{"taxonomy":"post_tag","embeddable":true,"href":"https:\/\/www.ohrlund.se\/blogg\/wp-json\/wp\/v2\/tags?post=631"}],"curies":[{"name":"wp","href":"https:\/\/api.w.org\/{rel}","templated":true}]}}