{"id":657,"date":"2011-12-09T17:44:24","date_gmt":"2011-12-09T15:44:24","guid":{"rendered":"http:\/\/www.ohrlund.se\/blogg\/?p=657"},"modified":"2011-12-09T17:44:24","modified_gmt":"2011-12-09T15:44:24","slug":"asnemossa-at-horace-engdahl","status":"publish","type":"post","link":"https:\/\/www.ohrlund.se\/blogg\/asnemossa-at-horace-engdahl\/","title":{"rendered":"\u00c5snem\u00f6ssa \u00e5t Horace Engdahl?"},"content":{"rendered":"<p>Kan du t\u00e4nka dig att k\u00f6pa en begagnad Opel (18 000 mil p\u00e5 m\u00e4taren,\u00a0oljel\u00e4ckage och lite rost i d\u00f6rrarna) av den h\u00e4r killen? \u00c4r hans utseende \u00e4rligt om han s\u00e4ger att han <em>&#8221;t\u00e4nkt beh\u00e5lla bilen till frugan, men &#8230; \u00e4hmm &#8230;. bissniss is bissniss &#8230;&#8221;?<\/em><\/p>\n<p><a href=\"https:\/\/www.ohrlund.se\/blogg\/wp-content\/uploads\/2011\/12\/Horace.jpg\"><img loading=\"lazy\" decoding=\"async\" class=\"alignleft size-full wp-image-658\" title=\"Horace\" src=\"https:\/\/www.ohrlund.se\/blogg\/wp-content\/uploads\/2011\/12\/Horace.jpg\" alt=\"\" width=\"226\" height=\"223\" \/><\/a><\/p>\n<p>&nbsp;<\/p>\n<p><em>P\u00e5litlig begbil-s\u00e4ljare?<\/em><\/p>\n<p>&nbsp;<\/p>\n<p>&nbsp;<\/p>\n<p>&nbsp;<\/p>\n<p>&nbsp;<\/p>\n<p>Jaha. S\u00e5 jag var elak nu igen?<\/p>\n<p>Men ibland \u00e4r\u00a0f\u00f6rakt v\u00e4rre \u00e4n elakhet och det var just vad <strong>Horace Engdahl<\/strong> visade i <em>Gomorron Sverige<\/em>, n\u00e4r han blev intervjuad om b\u00f6cker och ombads ge l\u00e4stips:<\/p>\n<p><a href=\"http:\/\/svtplay.se\/v\/2632833\/gomorron_sverige\/mera_med_horace_engdahl\">http:\/\/svtplay.se\/v\/2632833\/gomorron_sverige\/mera_med_horace_engdahl<\/a><\/p>\n<p>N\u00e4r programledaren fr\u00e5gade vilka b\u00f6cker &#8221;vanligt folk&#8221; borde ha i sin bokhylla gav Engdahl\u00a0fina och viktiga tips som &#8221;Den heliga Birgittas uppenbarelse&#8221;, &#8221;Fredmans epistlar&#8221; av Bellman, &#8221;G\u00f6sta Berlings saga&#8221; och\u00a0&#8221;Ekel\u00f6fs samlade dikter&#8221;.<\/p>\n<p>Engdahl pratade om fler\u00a0b\u00f6cker vars titlar kr\u00e4ver tungvridning,\u00a0p\u00e5pekar att &#8221;bildade m\u00e4nniskor har h\u00f6rt talas om dem&#8221; och r\u00e5kar namedroppa <em>Proust<\/em> (f\u00f6r dig som inte vet lika mycket som Engdahl: Fransk f\u00f6rfattare f\u00f6dd 1871, d\u00f6d 1922 i Paris).<\/p>\n<p>Sedan blir det riktigt pinsamt. Programledaren ber Engdahl ge pockettips som kan tilltala tio kvinnor, tjejer.<\/p>\n<p>Engdahl ser besv\u00e4rad ut och s\u00e4ger att han blir &#8221;svarsl\u00f6s&#8221;. P\u00e5 fr\u00e5gan om han\u00a0l\u00e4ser pocketb\u00f6cker svarar han att &#8221;jag \u00e4r s\u00e5 v\u00e4l f\u00f6rsedd med biblioteksresurser&#8221; och att det \u00e4r en &#8221;slump&#8221; om han &#8221;plockar upp&#8221; en pocket. N\u00e4r det handlar om pocketbokhandlar ber\u00e4ttar han\u00a0att det \u00e4r &#8221;inte st\u00e4llen jag spontant bes\u00f6ker&#8221;.<\/p>\n<p>Sedan kommer diskussionen in p\u00e5 butikskedjan Pocket Shop och\u00a0Engdahl l\u00e5ter\u00a0de sista resterna av nyans bytas ut\u00a0mot en kombination av f\u00f6rakt och okunnighet: &#8221;Jag har intrycket av att det \u00e4r ganska dystra platser fulla av kriminallitteratur och g\u00f6r-det-sj\u00e4lv-r\u00e5d&#8221;.<\/p>\n<p>D\u00e4refter kommer en l\u00e5ng utl\u00e4ggning s\u00e5 djup att jag m\u00e5ste ha syrgas f\u00f6r att orka igenom den. Engdahl pratar om att &#8221;den r\u00f6st som tr\u00e4nger in \u00e4r den som n\u00e4rmar sig l\u00e4sarens inre r\u00f6st&#8221; och att en bra f\u00f6rfattare &#8221;inbjuder l\u00e4saren till att bli ens andra jag&#8221;. Navelsk\u00e5dandet forts\u00e4tter tills programledaren\u00a0tack och lov avbryter med att p\u00e5peka att Engdahls egen bok snart borde komma i pocket, och undrar om det inte blir s\u00e5.<\/p>\n<p>Den f\u00f6re detta\u00a0st\u00e4ndige (!)\u00a0sekreteraren i Svenska Akademien och danskritikern (!) Horace Engdahl blir \u00e5terigen mycket besv\u00e4rad och svarar:<\/p>\n<p>&#8221;Det f\u00e5r du prata med min f\u00f6rl\u00e4ggare om&#8221;.<\/p>\n<p>Von oben-attityd \u00e4r illa, f\u00f6rakt \u00e4r v\u00e4rre.<\/p>\n<p>Jag tror att den s\u00e5 insatte litteraturexperten Engdahl m\u00f6jligen kan ha missat en po\u00e4ng eller tv\u00e5. Dels \u00e4r Pocket Shop-butikerna trevliga och kan aldrig &#8211; ens om de sl\u00e4cker ner helt &#8211; bli lika dystra som Engdahl sj\u00e4lv. Dels har de ett betydligt bredare sortiment \u00e4n hans fantasi f\u00f6rm\u00e5r uppb\u00e5da och s\u00e4ljer n\u00e4stan tv\u00e5 miljoner b\u00f6cker om \u00e5ret, vilket s\u00e4ger en del.<\/p>\n<p>F\u00f6r m\u00e5nga &#8211; inte minst barn och ungdomar &#8211; \u00e4r pocketb\u00f6cker ink\u00f6rsporten till\u00a0livsl\u00e5ng l\u00e4sning. I en tid d\u00e4r staten slaktar\u00a0bibliotek och\u00a0m\u00e4nniskor med begr\u00e4nsade ekonomiska tillg\u00e5ngar f\u00e5r allt sv\u00e5rare att komma \u00e5t ny litteratur, \u00e4r pocketb\u00f6ckerna och deras ambassad\u00f6rer ett viktigt ljus i m\u00f6rkret.<\/p>\n<p>Det har Engdahl r\u00e5d att strunta i. Men inte vi andra. Ty boken \u00e4r alltid lika viktig, oavsett vilken form den uppenbarar sig i. L\u00e4sning \u00e4r inte alltid enbart bildning utan ocks\u00e5 njutning. B\u00f6cker \u00e4r n\u00e5got att samlas kring.<\/p>\n<p>P\u00e5 ren svenska &#8211; en bra bok blir en\u00a0<em>snackis<\/em> vid kaffebordet p\u00e5 jobbet. Och d\u00e5 pratar vi inte i f\u00f6rsta hand om Proust eller Ekel\u00f6fs samlade dikter.<\/p>\n<p>Bortsett fr\u00e5n rent vatten \u00e4r f\u00e5 saker s\u00e5 viktiga f\u00f6r ett samh\u00e4lle och dess inv\u00e5nare, som m\u00f6jligheten och r\u00e4tten att l\u00e4sa.<\/p>\n<p>Och att v\u00e4lja <em>vad<\/em> man vill l\u00e4sa.<\/p>\n<p>Engdahls f\u00f6rakt skr\u00e4mmer mig. Tack och lov beh\u00f6ver jag hans r\u00e5d lika lite som jag beh\u00f6ver hans begagnade bil den dag det \u00e4r dags.<\/p>\n<p>&nbsp;<\/p>\n<div id=\"wp_fb_like_button\" style=\"margin:5px 0;float:none;height:100px;\"><script src=\"http:\/\/connect.facebook.net\/en_US\/all.js#xfbml=1\"><\/script><fb:like href=\"https:\/\/www.ohrlund.se\/blogg\/asnemossa-at-horace-engdahl\/\" send=\"true\" layout=\"standard\" width=\"450\" show_faces=\"true\" font=\"arial\" action=\"like\" colorscheme=\"light\"><\/fb:like><\/div>","protected":false},"excerpt":{"rendered":"<p>Kan du t\u00e4nka dig att k\u00f6pa en begagnad Opel (18 000 mil p\u00e5 m\u00e4taren,\u00a0oljel\u00e4ckage och lite rost i d\u00f6rrarna) av den h\u00e4r killen? \u00c4r hans utseende \u00e4rligt om han s\u00e4ger att han &#8221;t\u00e4nkt beh\u00e5lla bilen till frugan, men &#8230; \u00e4hmm &hellip; <a href=\"https:\/\/www.ohrlund.se\/blogg\/asnemossa-at-horace-engdahl\/\">Forts\u00e4tt l\u00e4sa <span class=\"meta-nav\">&rarr;<\/span><\/a><\/p>\n","protected":false},"author":2,"featured_media":0,"comment_status":"open","ping_status":"open","sticky":false,"template":"","format":"standard","meta":{"_jetpack_memberships_contains_paid_content":false,"footnotes":""},"categories":[1],"tags":[],"class_list":["post-657","post","type-post","status-publish","format-standard","hentry","category-okategoriserade"],"jetpack_featured_media_url":"","jetpack_sharing_enabled":true,"post_mailing_queue_ids":[],"_links":{"self":[{"href":"https:\/\/www.ohrlund.se\/blogg\/wp-json\/wp\/v2\/posts\/657","targetHints":{"allow":["GET"]}}],"collection":[{"href":"https:\/\/www.ohrlund.se\/blogg\/wp-json\/wp\/v2\/posts"}],"about":[{"href":"https:\/\/www.ohrlund.se\/blogg\/wp-json\/wp\/v2\/types\/post"}],"author":[{"embeddable":true,"href":"https:\/\/www.ohrlund.se\/blogg\/wp-json\/wp\/v2\/users\/2"}],"replies":[{"embeddable":true,"href":"https:\/\/www.ohrlund.se\/blogg\/wp-json\/wp\/v2\/comments?post=657"}],"version-history":[{"count":12,"href":"https:\/\/www.ohrlund.se\/blogg\/wp-json\/wp\/v2\/posts\/657\/revisions"}],"predecessor-version":[{"id":670,"href":"https:\/\/www.ohrlund.se\/blogg\/wp-json\/wp\/v2\/posts\/657\/revisions\/670"}],"wp:attachment":[{"href":"https:\/\/www.ohrlund.se\/blogg\/wp-json\/wp\/v2\/media?parent=657"}],"wp:term":[{"taxonomy":"category","embeddable":true,"href":"https:\/\/www.ohrlund.se\/blogg\/wp-json\/wp\/v2\/categories?post=657"},{"taxonomy":"post_tag","embeddable":true,"href":"https:\/\/www.ohrlund.se\/blogg\/wp-json\/wp\/v2\/tags?post=657"}],"curies":[{"name":"wp","href":"https:\/\/api.w.org\/{rel}","templated":true}]}}