{"id":693,"date":"2011-12-24T06:42:35","date_gmt":"2011-12-24T04:42:35","guid":{"rendered":"http:\/\/www.ohrlund.se\/blogg\/?p=693"},"modified":"2011-12-24T06:42:35","modified_gmt":"2011-12-24T04:42:35","slug":"fran-oss-alla","status":"publish","type":"post","link":"https:\/\/www.ohrlund.se\/blogg\/fran-oss-alla\/","title":{"rendered":"Fr\u00e5n oss alla &#8230;"},"content":{"rendered":"<p>N\u00e4r detta skrivs \u00e4r det tjugosju minuter tills julafton 2011 infaller i Sverige.<\/p>\n<p>Jag sitter i en tidszon som ligger sex timmar efter. Eftersom jag inte tillh\u00f6r dem som blir \u00f6verlyckliga av vinter, m\u00f6rker, sn\u00f6, kyla &#8211; eller jul f\u00f6r den delen &#8211; k\u00e4nner jag mig lycklig och priviligierad som f\u00e5r tillbringa den tiden i solsken och bland palmer ist\u00e4llet.<\/p>\n<p>Icke desto mindre vill jag f\u00f6rst\u00e5s passa p\u00e5 att \u00f6nska alla v\u00e4nner, arbetskamrater, bokl\u00e4sare och inte minst l\u00e4sare av den h\u00e4r bloggen, en riktigt god jul. Jag hoppas ocks\u00e5 att ni f\u00e5r en riktigt bra start p\u00e5 2012 och att det blir ett bra bok\u00e5r f\u00f6r oss alla.<\/p>\n<p>I januari 2012 blir jag regelbunden kr\u00f6nik\u00f6r i den nya, fantastiska tidningen <em><strong>Skriva<\/strong><\/em>. V\u00e5ren 2012 kommer min egen deckare <em>Till minne av Charlie K<\/em> ut p\u00e5 f\u00f6rlaget Bra B\u00f6cker. Till h\u00f6sten kommer jag ut med en bok som handlar om hur man skriver en bok &#8211; och f\u00e5r den s\u00e5ld. Dessutom kommer f\u00f6rhoppningsvis <em>Dan Buthler<\/em> och jag under \u00e5ret med \u00e4nnu en bok om den s\u00e5 omtalade psykopaten <em>Christopher Silfverbielke.<\/em><\/p>\n<p>Sj\u00e4lv l\u00e4ngtar jag efter att f\u00e5 skriva \u00e4nnu mer och i julklapp \u00f6nskar jag mig 30-timmarsdygn och tiodagarsveckor.<\/p>\n<p>M\u00e5 b\u00e4st, alla! :o)<\/p>\n<div id=\"wp_fb_like_button\" style=\"margin:5px 0;float:none;height:100px;\"><script src=\"http:\/\/connect.facebook.net\/en_US\/all.js#xfbml=1\"><\/script><fb:like href=\"https:\/\/www.ohrlund.se\/blogg\/fran-oss-alla\/\" send=\"true\" layout=\"standard\" width=\"450\" show_faces=\"true\" font=\"arial\" action=\"like\" colorscheme=\"light\"><\/fb:like><\/div>","protected":false},"excerpt":{"rendered":"<p>N\u00e4r detta skrivs \u00e4r det tjugosju minuter tills julafton 2011 infaller i Sverige. Jag sitter i en tidszon som ligger sex timmar efter. Eftersom jag inte tillh\u00f6r dem som blir \u00f6verlyckliga av vinter, m\u00f6rker, sn\u00f6, kyla &#8211; eller jul f\u00f6r &hellip; <a href=\"https:\/\/www.ohrlund.se\/blogg\/fran-oss-alla\/\">Forts\u00e4tt l\u00e4sa <span class=\"meta-nav\">&rarr;<\/span><\/a><\/p>\n","protected":false},"author":2,"featured_media":0,"comment_status":"open","ping_status":"open","sticky":false,"template":"","format":"standard","meta":{"_jetpack_memberships_contains_paid_content":false,"footnotes":""},"categories":[1],"tags":[],"class_list":["post-693","post","type-post","status-publish","format-standard","hentry","category-okategoriserade"],"jetpack_featured_media_url":"","jetpack_sharing_enabled":true,"post_mailing_queue_ids":[],"_links":{"self":[{"href":"https:\/\/www.ohrlund.se\/blogg\/wp-json\/wp\/v2\/posts\/693","targetHints":{"allow":["GET"]}}],"collection":[{"href":"https:\/\/www.ohrlund.se\/blogg\/wp-json\/wp\/v2\/posts"}],"about":[{"href":"https:\/\/www.ohrlund.se\/blogg\/wp-json\/wp\/v2\/types\/post"}],"author":[{"embeddable":true,"href":"https:\/\/www.ohrlund.se\/blogg\/wp-json\/wp\/v2\/users\/2"}],"replies":[{"embeddable":true,"href":"https:\/\/www.ohrlund.se\/blogg\/wp-json\/wp\/v2\/comments?post=693"}],"version-history":[{"count":2,"href":"https:\/\/www.ohrlund.se\/blogg\/wp-json\/wp\/v2\/posts\/693\/revisions"}],"predecessor-version":[{"id":695,"href":"https:\/\/www.ohrlund.se\/blogg\/wp-json\/wp\/v2\/posts\/693\/revisions\/695"}],"wp:attachment":[{"href":"https:\/\/www.ohrlund.se\/blogg\/wp-json\/wp\/v2\/media?parent=693"}],"wp:term":[{"taxonomy":"category","embeddable":true,"href":"https:\/\/www.ohrlund.se\/blogg\/wp-json\/wp\/v2\/categories?post=693"},{"taxonomy":"post_tag","embeddable":true,"href":"https:\/\/www.ohrlund.se\/blogg\/wp-json\/wp\/v2\/tags?post=693"}],"curies":[{"name":"wp","href":"https:\/\/api.w.org\/{rel}","templated":true}]}}