{"id":740,"date":"2012-01-12T07:16:14","date_gmt":"2012-01-12T05:16:14","guid":{"rendered":"http:\/\/www.ohrlund.se\/blogg\/?p=740"},"modified":"2012-01-12T07:16:14","modified_gmt":"2012-01-12T05:16:14","slug":"patrioter","status":"publish","type":"post","link":"https:\/\/www.ohrlund.se\/blogg\/patrioter\/","title":{"rendered":"Patrioter"},"content":{"rendered":"<p>Han \u00e4r f\u00f6rv\u00e5nansv\u00e4rt \u00f6ppenhj\u00e4rtig, f\u00f6r att inte kalla det of\u00f6rsiktig, den gamle mannen.<\/p>\n<p>Jag k\u00e4nner honom inte, har bara kommit f\u00f6r att fr\u00e5ga om jag f\u00e5r k\u00f6pa hans bil.<\/p>\n<p>Jag har varit i hans hus i mindre \u00e4n tio minuter n\u00e4r han drar upp pl\u00e5nboken och stolt visar ett medlemskort i <em>The National Rifle Association<\/em>, en sammanslutning av huvudsakligen vita m\u00e4n som hellre skulle d\u00f6 \u00e4n ge upp den urgamla amerikanska r\u00e4tten att b\u00e4ra vapen. Sedan kommer \u00e4nnu ett medlemskort, i en organisation som f\u00e5r Sverigedemokraterna att likna en bunt f\u00f6rvirrade v\u00e4nsterungdomar.<\/p>\n<p>Pl\u00f6tsligt s\u00e4ger han:<\/p>\n<p><em>&#8221;This country is going down the drain. Especially with the nigger we have for president now. Believe me, niggers should be shot for price money.&#8221;<\/em><\/p>\n<p><em>Niggers.<\/em> Inte afroamerikaner eller svarta eller &#8230;.<\/p>\n<p>Sedan kommer en l\u00e5ng utl\u00e4ggning. Den handlar till stora delar om <em>niggers<\/em> men ocks\u00e5 om <em>mexicans<\/em> och <em>other fuckin\u00b4 spics<\/em> som har f\u00f6rst\u00f6rt landet, \u00e4tit ur den amerikanska sj\u00e4len och lever p\u00e5 socialbidrag.<\/p>\n<p>N\u00e4r jag f\u00f6rsiktigt p\u00e5pekar att USA, \u00e5tminstone de s\u00f6dra delarna, f\u00f6rmodligen skulle avstanna helt om alla mexikaner och kubaner v\u00e4grade g\u00e5 till sina (mestadels svarta) jobb en dag, fnyser han f\u00f6raktfullt.<\/p>\n<p>&#8221;Det d\u00e4r \u00e4r en skr\u00f6na. V\u00e5ra amerikanska ungdomar beh\u00f6ver jobben som svartskallarna har tagit ifr\u00e5n dem&#8221;.<\/p>\n<p>En sanning med modifikation. De flesta jag talar med &#8211; b\u00e5de republikaner och demokrater &#8211; \u00e4r \u00f6verens om att amerikanska ungdomar inte har lust att b\u00e4ra kartonger, plocka apelsiner, st\u00e4da toaletter eller klippa gr\u00e4smattor. Framf\u00f6rallt inte att jobba p\u00e5 McDonalds f\u00f6r den absoluta minimil\u00f6nen &#8211; sju dollar och femtio cent i timmen.<\/p>\n<p>Han forts\u00e4tter:<\/p>\n<p>&#8221;De f\u00f6rst\u00e5r inte hur starka vi \u00e4r, hur m\u00e5nga vi \u00e4r i det h\u00e4r landet som har tr\u00f6ttnat. Jag \u00e4r frivillig i US Coast Guard, fr\u00e4mst f\u00f6r att hindra svartingarna att komma in sj\u00f6v\u00e4gen fr\u00e5n Kuba och allt vad det nu heter. Och jag kan ber\u00e4tta f\u00f6r dig, att vi skjuter inte upp all ammunition de ger oss &#8211; vi tar hem den och vi smugglar undan ett och annat vapen. I Coast Guard skjuter vi .50 caliber och den <em>svider<\/em>. Tro mig, vi \u00e4r en grupp med tillr\u00e4ckligt stor arsenal f\u00f6r att g\u00e5 i krig. Och n\u00e4r det \u00e4r dags kommer vi inte &#8211; som <em>presidentniggern<\/em> tror &#8211; att rikta vapnen mot v\u00e5ra egna. Nej, vi kommer att rensa bland dem som inte beh\u00f6vs &#8211; patrasket som har f\u00f6rst\u00f6rt v\u00e5rt land!&#8221;<\/p>\n<p><a href=\"https:\/\/www.ohrlund.se\/blogg\/wp-content\/uploads\/2012\/01\/Patrioter.jpg\"><img loading=\"lazy\" decoding=\"async\" class=\"alignleft size-medium wp-image-741\" title=\"Patrioter\" src=\"https:\/\/www.ohrlund.se\/blogg\/wp-content\/uploads\/2012\/01\/Patrioter-300x279.jpg\" alt=\"\" width=\"300\" height=\"279\" srcset=\"https:\/\/www.ohrlund.se\/blogg\/wp-content\/uploads\/2012\/01\/Patrioter-300x279.jpg 300w, https:\/\/www.ohrlund.se\/blogg\/wp-content\/uploads\/2012\/01\/Patrioter.jpg 304w\" sizes=\"auto, (max-width: 300px) 100vw, 300px\" \/><\/a><\/p>\n<p>&nbsp;<\/p>\n<p>&nbsp;<\/p>\n<p>&nbsp;<\/p>\n<p>&nbsp;<\/p>\n<p>&nbsp;<\/p>\n<p>&nbsp;<\/p>\n<p>&nbsp;<\/p>\n<p>Han forts\u00e4tter. Fr\u00e5gar mig om vi har <em>niggers<\/em> eller <em>mexicans<\/em> i Sverige. Sj\u00e4lv har han aldrig varit utanf\u00f6r USA och ser egentligen ingen anledning att \u00e5ka heller, \u00e4ven om han till\u00e4gger att det kanske kunde vara <em>nice<\/em> att se en del av Europa.<\/p>\n<p>Avslutningsvis s\u00e4ger han tankfullt:<\/p>\n<p>&#8221;Du vet, vi som<em> verkligen<\/em> \u00e4lskar landet kallar oss <em>patrioter<\/em> och vi \u00e4r m\u00e5nga. F\u00f6rmodligen slutar det med en revolution, vi blir helt enkelt tvungna att ta tillbaka landet med v\u00e5ld. De som styr i dag \u00e4r niggers, maffia och advokater &#8211; lika illa alltihop. Vi beh\u00f6ver en \u00e4ndring nu, ett skifte. Och &#8211; vi kommer att se till att det h\u00e4nder.&#8221;<\/p>\n<p>Jag l\u00e4mnar hans hus, utan ny bil, med en kall k\u00e5re l\u00e4ngs ryggen.<\/p>\n<p>Galning? Ja.<\/p>\n<p>Ensam? Inte alls. Den gamle \u00e4r i gott s\u00e4llskap. Och n\u00e4r han talar om f\u00f6r\u00e4ndring menar han inte presidentkampanjen 2012.<\/p>\n<p><em>God bless America.<\/em><\/p>\n<p>&nbsp;<\/p>\n<p>&nbsp;<\/p>\n<div id=\"wp_fb_like_button\" style=\"margin:5px 0;float:none;height:100px;\"><script src=\"http:\/\/connect.facebook.net\/en_US\/all.js#xfbml=1\"><\/script><fb:like href=\"https:\/\/www.ohrlund.se\/blogg\/patrioter\/\" send=\"true\" layout=\"standard\" width=\"450\" show_faces=\"true\" font=\"arial\" action=\"like\" colorscheme=\"light\"><\/fb:like><\/div>","protected":false},"excerpt":{"rendered":"<p>Han \u00e4r f\u00f6rv\u00e5nansv\u00e4rt \u00f6ppenhj\u00e4rtig, f\u00f6r att inte kalla det of\u00f6rsiktig, den gamle mannen. Jag k\u00e4nner honom inte, har bara kommit f\u00f6r att fr\u00e5ga om jag f\u00e5r k\u00f6pa hans bil. Jag har varit i hans hus i mindre \u00e4n tio minuter &hellip; <a href=\"https:\/\/www.ohrlund.se\/blogg\/patrioter\/\">Forts\u00e4tt l\u00e4sa <span class=\"meta-nav\">&rarr;<\/span><\/a><\/p>\n","protected":false},"author":2,"featured_media":0,"comment_status":"open","ping_status":"open","sticky":false,"template":"","format":"standard","meta":{"_jetpack_memberships_contains_paid_content":false,"footnotes":""},"categories":[1],"tags":[],"class_list":["post-740","post","type-post","status-publish","format-standard","hentry","category-okategoriserade"],"jetpack_featured_media_url":"","jetpack_sharing_enabled":true,"post_mailing_queue_ids":[],"_links":{"self":[{"href":"https:\/\/www.ohrlund.se\/blogg\/wp-json\/wp\/v2\/posts\/740","targetHints":{"allow":["GET"]}}],"collection":[{"href":"https:\/\/www.ohrlund.se\/blogg\/wp-json\/wp\/v2\/posts"}],"about":[{"href":"https:\/\/www.ohrlund.se\/blogg\/wp-json\/wp\/v2\/types\/post"}],"author":[{"embeddable":true,"href":"https:\/\/www.ohrlund.se\/blogg\/wp-json\/wp\/v2\/users\/2"}],"replies":[{"embeddable":true,"href":"https:\/\/www.ohrlund.se\/blogg\/wp-json\/wp\/v2\/comments?post=740"}],"version-history":[{"count":3,"href":"https:\/\/www.ohrlund.se\/blogg\/wp-json\/wp\/v2\/posts\/740\/revisions"}],"predecessor-version":[{"id":744,"href":"https:\/\/www.ohrlund.se\/blogg\/wp-json\/wp\/v2\/posts\/740\/revisions\/744"}],"wp:attachment":[{"href":"https:\/\/www.ohrlund.se\/blogg\/wp-json\/wp\/v2\/media?parent=740"}],"wp:term":[{"taxonomy":"category","embeddable":true,"href":"https:\/\/www.ohrlund.se\/blogg\/wp-json\/wp\/v2\/categories?post=740"},{"taxonomy":"post_tag","embeddable":true,"href":"https:\/\/www.ohrlund.se\/blogg\/wp-json\/wp\/v2\/tags?post=740"}],"curies":[{"name":"wp","href":"https:\/\/api.w.org\/{rel}","templated":true}]}}