{"id":745,"date":"2012-01-15T15:18:52","date_gmt":"2012-01-15T13:18:52","guid":{"rendered":"http:\/\/www.ohrlund.se\/blogg\/?p=745"},"modified":"2012-01-15T15:18:52","modified_gmt":"2012-01-15T13:18:52","slug":"press-one-for-spanish","status":"publish","type":"post","link":"https:\/\/www.ohrlund.se\/blogg\/press-one-for-spanish\/","title":{"rendered":"&#8221;Press one f\u00f6r Spanish &#8230; &#8221;"},"content":{"rendered":"<p><strong>Just \u00e5ter efter<\/strong> en l\u00e4ngre tids vistelse i det stora landet reflekterar jag \u00f6ver en hel del intryck.<\/p>\n<p><a href=\"https:\/\/www.ohrlund.se\/blogg\/wp-content\/uploads\/2012\/01\/Obamakredit.jpg\"><img loading=\"lazy\" decoding=\"async\" class=\"alignleft size-large wp-image-746\" title=\"Obamakredit\" src=\"https:\/\/www.ohrlund.se\/blogg\/wp-content\/uploads\/2012\/01\/Obamakredit-1024x655.jpg\" alt=\"\" width=\"584\" height=\"373\" srcset=\"https:\/\/www.ohrlund.se\/blogg\/wp-content\/uploads\/2012\/01\/Obamakredit-1024x655.jpg 1024w, https:\/\/www.ohrlund.se\/blogg\/wp-content\/uploads\/2012\/01\/Obamakredit-300x192.jpg 300w, https:\/\/www.ohrlund.se\/blogg\/wp-content\/uploads\/2012\/01\/Obamakredit-468x300.jpg 468w, https:\/\/www.ohrlund.se\/blogg\/wp-content\/uploads\/2012\/01\/Obamakredit.jpg 1154w\" sizes=\"auto, (max-width: 584px) 100vw, 584px\" \/><\/a><\/p>\n<p><em>Ger Obama alla obegr\u00e4nsad kredit f\u00f6r att f\u00e5 sitta kvar?<\/em><\/p>\n<p><strong>Det &#8221;kreditkort&#8221; jag fick<\/strong> av min gode v\u00e4n &#8211;\u00a0den store sk\u00e4mtaren Kevin &#8211;\u00a0strax efter ankomsten, \u00e4r naturligtvis ett sk\u00e4mt. Kortet ger intryck av att Obama sk\u00e4nker bort pengar till alla, att man kan handla vad man vill p\u00e5 det och att skulden l\u00e4ggs till USA:s redan hysteriskt stora utlandsskuld. Jag testar kortet p\u00e5 ett tjugotal restauranger och i aff\u00e4rer. P\u00e5 alla st\u00e4llen utom fyra tror mottagaren p\u00e5 budskapet trots att kortet inte fungerar i l\u00e4saren och att den ryska hammaren och sk\u00e4ran finns som gl\u00e4nsande symbol p\u00e5 kortets framsida.<\/p>\n<p><strong>Landet \u00e4r till stora delar<\/strong> i ekonomisk kris och naturligtvis ska <em>Barack Obama<\/em> ha skulden f\u00f6r det. Att han tog \u00f6ver en hel kontinent i brant utf\u00f6rsbacke har m\u00e5nga gl\u00f6mt, andra \u00e4r inte sena att sl\u00e5 mynt av situationen. I t-shirtbutikerna flinar <em>George Bush<\/em>s ansikte mot mig fr\u00e5n tv\u00e5 tr\u00f6jor. P\u00e5 den ena st\u00e5r det <em>Do you miss me yet?<\/em> och p\u00e5 den andra <em>Excuse me for screwing up the country and thank you for blaming the black guy<\/em>.<\/p>\n<p><strong>I min stad sitter sydstatsr\u00f6tterna<\/strong> s\u00e5 starkt i jord och asfalt att v\u00e4ldigt m\u00e5nga inte tycker sig beh\u00f6va s\u00e4ga <em>the black guy<\/em> utan r\u00e4tt och sl\u00e4tt n\u00f6jer sig med <em>the nigger<\/em>. Att han inte st\u00e5r h\u00f6gt i kurs tycks inte ha s\u00e5 mycket med ekonomin att g\u00f6ra utan r\u00e4tt och sl\u00e4tt med hudf\u00e4rgen.<\/p>\n<p><strong>Pl\u00f6tsligt k\u00e4nns det<\/strong> inte s\u00e5 stor skillnad mellan 1912 och 2012.<\/p>\n<p><strong>En och annan orkar<\/strong> h\u00f6ja blicken och inse att det kanske finns andra faktorer som p\u00e5verkar den ekonomiska krisen, \u00e4n presidentens hudf\u00e4rg. Min advokat<em> Bob<\/em> som f\u00f6r \u00f6vrigt \u00e4r bekymrad \u00f6ver det mesta, p\u00e5pekar att korruptionen f\u00f6rmodligen \u00e4r USA:s st\u00f6rsta problem. Som exempel n\u00e4mner han att <em>Haley Barbour<\/em> &#8211; en g\u00e5ng hoppfull presidentkandidat som nyligen avg\u00e5tt fr\u00e5n posten som guvern\u00f6r i Missisippi &#8211; strax f\u00f6re sin avg\u00e5ng gav \u00f6ver 200 d\u00f6mda kriminella amnesti (bland annat fyra m\u00f6rdare och en man som satt inne f\u00f6r grovt v\u00e4pnat r\u00e5n). Amnestin, som orsakat folkstorm,\u00a0inneb\u00e4r att de 200 sl\u00e4pps ur f\u00e4ngelset och kan leva som om deras brott aldrig utf\u00f6rts. De f\u00e5r \u00e5ter r\u00f6sta &#8211; och k\u00f6pa vapen. Barbours efterf\u00f6ljare, den nye guvern\u00f6ren <em>Phil Bryant<\/em> har lovat att genast \u00e4ndra p\u00e5 reglerna n\u00e4r det g\u00e4ller amnesti.<\/p>\n<p><strong><a href=\"https:\/\/www.ohrlund.se\/blogg\/wp-content\/uploads\/2012\/01\/Bob.jpg\"><img loading=\"lazy\" decoding=\"async\" class=\"alignleft size-large wp-image-747\" title=\"Bob\" src=\"https:\/\/www.ohrlund.se\/blogg\/wp-content\/uploads\/2012\/01\/Bob-1024x636.jpg\" alt=\"\" width=\"584\" height=\"362\" srcset=\"https:\/\/www.ohrlund.se\/blogg\/wp-content\/uploads\/2012\/01\/Bob-1024x636.jpg 1024w, https:\/\/www.ohrlund.se\/blogg\/wp-content\/uploads\/2012\/01\/Bob-300x186.jpg 300w, https:\/\/www.ohrlund.se\/blogg\/wp-content\/uploads\/2012\/01\/Bob-482x300.jpg 482w\" sizes=\"auto, (max-width: 584px) 100vw, 584px\" \/><\/a><\/strong><\/p>\n<p><em>Advokat Bob. Alltid bekymrad \u00f6ver n\u00e5got.<\/em><\/p>\n<p><strong>Advokaten s\u00e4ger det inte rakt ut,<\/strong> men n\u00e4r jag fr\u00e5gar om anledningen till amnestin \u00e4r mutor, rycker han bara p\u00e5 axlarna och s\u00e4ger:<\/p>\n<p>&#8221;Varf\u00f6r sl\u00e4pper man annars 200 f\u00e5ngar fria under sin sista dag vid \u00e4mbetet?&#8221;<\/p>\n<p><strong>N\u00e5gra egenf\u00f6retagare<\/strong> jag pratar med \u00e4r \u00f6vertygade om att USA snart jobbar sig ur krisen, detta trots att flera billtillverkare st\u00e4nger sina fabriker och att\u00a0stora kedjor som K-Mart och Sears annonserat att de l\u00e4gger ner 1 100 butiker vilket kommer att g\u00f6ra ytterligare hundratusentals amerikaner arbetsl\u00f6sa.<\/p>\n<p><strong>En m\u00e4klare \u00e4r mindre<\/strong> bekymrad. Nu finns det bara drygt \u00e5tta miljoner lediga hus kvar till salu, sedan de som bodde d\u00e4r inte klarat r\u00e4kningarna och f\u00e5tt smyga iv\u00e4g i nattens m\u00f6rker. \u00c5tta miljoner hur \u00e4r inte mycket och innan \u00e5ret \u00e4r slut kommer de att vara s\u00e5lda. Byggandet kommer ig\u00e5ng, bankerna l\u00e5nar ut pengar och hjulen snurrar igen.<\/p>\n<p>Vi f\u00e5r se.<\/p>\n<p><a href=\"https:\/\/www.ohrlund.se\/blogg\/wp-content\/uploads\/2012\/01\/Medborgare.jpg\"><img loading=\"lazy\" decoding=\"async\" class=\"alignleft size-large wp-image-748\" title=\"Medborgare\" src=\"https:\/\/www.ohrlund.se\/blogg\/wp-content\/uploads\/2012\/01\/Medborgare-768x1024.jpg\" alt=\"\" width=\"584\" height=\"778\" srcset=\"https:\/\/www.ohrlund.se\/blogg\/wp-content\/uploads\/2012\/01\/Medborgare-768x1024.jpg 768w, https:\/\/www.ohrlund.se\/blogg\/wp-content\/uploads\/2012\/01\/Medborgare-225x300.jpg 225w, https:\/\/www.ohrlund.se\/blogg\/wp-content\/uploads\/2012\/01\/Medborgare.jpg 1200w\" sizes=\"auto, (max-width: 584px) 100vw, 584px\" \/><\/a><\/p>\n<p><em>Ovanlig syn: Icke bekymrade medborgare, tillika glada Harleyfantaster.<\/em><\/p>\n<p><strong>Desto fler \u00e4r uppr\u00f6rda<\/strong> \u00f6ver det de som vanligt ser som ett hot mot hela USA:<\/p>\n<p><strong>Invandringen.<\/strong> Inte minst den illegala.<\/p>\n<p><strong>Det \u00e4r dessa<\/strong><em> fuckin\u00b4 spics<\/em> som har f\u00f6rst\u00f6rt och f\u00f6rst\u00f6r landet, belastar socialhj\u00e4lpen och orsakar \u00f6kade skatter. Att USA sedan m\u00e5nga \u00e5r tillbaka delar ut 50 000<em> green cards<\/em> om \u00e5ret i ett obegripligt lotteri, talar ingen om. Inte heller att stora delar av landet omedelbart skulle sluta fungera om alla mexikaner, puertoricaner, kubaner och colombianer pl\u00f6tsligt stannade hemma fr\u00e5n jobbet en dag. Ingen soph\u00e4tmning, ingen gr\u00e4sklippning, inga hamburgare p\u00e5 McDonalds, inga &#8230;<\/p>\n<p><a href=\"https:\/\/www.ohrlund.se\/blogg\/wp-content\/uploads\/2012\/01\/Liberty.jpg\"><img loading=\"lazy\" decoding=\"async\" class=\"alignleft size-large wp-image-749\" title=\"Liberty\" src=\"https:\/\/www.ohrlund.se\/blogg\/wp-content\/uploads\/2012\/01\/Liberty-1024x767.jpg\" alt=\"\" width=\"584\" height=\"437\" srcset=\"https:\/\/www.ohrlund.se\/blogg\/wp-content\/uploads\/2012\/01\/Liberty-1024x767.jpg 1024w, https:\/\/www.ohrlund.se\/blogg\/wp-content\/uploads\/2012\/01\/Liberty-300x224.jpg 300w, https:\/\/www.ohrlund.se\/blogg\/wp-content\/uploads\/2012\/01\/Liberty-400x300.jpg 400w, https:\/\/www.ohrlund.se\/blogg\/wp-content\/uploads\/2012\/01\/Liberty.jpg 1134w\" sizes=\"auto, (max-width: 584px) 100vw, 584px\" \/><\/a><\/p>\n<p><em>Ytterst ovanlig syn: Ung, vit amerikan som vill jobba f\u00f6r minimil\u00f6nen &#8211; $ 7:50 i timmen&#8230;<\/em><\/p>\n<p><em><strong>&#8221;Press one for Spanish &#8230; &#8221;<\/strong><\/em> \u00e4r en av meningarna som h\u00e5ller avskyn mot invandrarna vid liv. De spansktalande \u00e4r nu en s\u00e5 stor del av befolkningen att m\u00e5nga banker och f\u00f6retag \u00e4ndrat sina automatiska telefonsystem. Man ska inte l\u00e4ngre trycka ett f\u00f6r engelska och tv\u00e5 f\u00f6r spanska, utan tv\u00e4rtom. Och detta retar gallfeber p\u00e5 folk s\u00e5 till den milda grad att de s\u00e4ger upp abonnemang och byter bank enbart av denna anledning.<\/p>\n<p><strong>N\u00e5gra f\u00e5 har slutat reta sig<\/strong> p\u00e5 de hispaniska immigranterna och fokuserar ist\u00e4llet p\u00e5 muslimerna som det nya hotet. Allt \u00e4r naturligtvis Obamas fel &#8211; han \u00e4r sj\u00e4lv muslim, med st\u00f6rsta s\u00e4kerhet hemligt sl\u00e4kt med Usama bin Ladin och han vr\u00e4ker in muslimer \u00f6ver gr\u00e4nserna s\u00e5 att de s\u00e5 sm\u00e5ningom ska kunna ta \u00f6ver makten i landet.<\/p>\n<p>Fan tro\u00b4t.<\/p>\n<p><a href=\"https:\/\/www.ohrlund.se\/blogg\/wp-content\/uploads\/2012\/01\/bin-Ladin.jpg\"><img loading=\"lazy\" decoding=\"async\" class=\"alignleft size-large wp-image-750\" title=\"bin Ladin\" src=\"https:\/\/www.ohrlund.se\/blogg\/wp-content\/uploads\/2012\/01\/bin-Ladin-1024x429.jpg\" alt=\"\" width=\"584\" height=\"244\" srcset=\"https:\/\/www.ohrlund.se\/blogg\/wp-content\/uploads\/2012\/01\/bin-Ladin-1024x429.jpg 1024w, https:\/\/www.ohrlund.se\/blogg\/wp-content\/uploads\/2012\/01\/bin-Ladin-300x125.jpg 300w, https:\/\/www.ohrlund.se\/blogg\/wp-content\/uploads\/2012\/01\/bin-Ladin-500x209.jpg 500w, https:\/\/www.ohrlund.se\/blogg\/wp-content\/uploads\/2012\/01\/bin-Ladin.jpg 1134w\" sizes=\"auto, (max-width: 584px) 100vw, 584px\" \/><\/a><\/p>\n<p><strong>Sj\u00e4lv ser jag betydligt st\u00f6rre bekymmer<\/strong> i det amerikanska samh\u00e4llet. Det b\u00f6rjar bli l\u00f6gn i helvete att hitta helt vanliga donuts i speceributikerna. Det finns smaksatta och glaserade och choklad\u00f6verdragna och &#8230;<\/p>\n<p><a href=\"https:\/\/www.ohrlund.se\/blogg\/wp-content\/uploads\/2012\/01\/donuts1.jpg\"><img loading=\"lazy\" decoding=\"async\" class=\"alignleft size-full wp-image-753\" title=\"donuts\" src=\"https:\/\/www.ohrlund.se\/blogg\/wp-content\/uploads\/2012\/01\/donuts1.jpg\" alt=\"\" width=\"258\" height=\"196\" \/><\/a><\/p>\n<p>&nbsp;<\/p>\n<p>&nbsp;<\/p>\n<p>&nbsp;<\/p>\n<p>&nbsp;<\/p>\n<p>&nbsp;<\/p>\n<p><em>Vem fan vill \u00e4ta de h\u00e4r?<\/em><\/p>\n<p><strong>Men inga<\/strong> helt <em>vanliga<\/em> donuts, den njutning som helst intas tillsammans med iskall <em>Grade A Milk<\/em>.<\/p>\n<p><strong>DET \u00e4r ett v\u00e4xande problem<\/strong> att h\u00e5lla \u00f6gonen p\u00e5.<\/p>\n<p>Gud bevare Amerika.<\/p>\n<div id=\"wp_fb_like_button\" style=\"margin:5px 0;float:none;height:100px;\"><script src=\"http:\/\/connect.facebook.net\/en_US\/all.js#xfbml=1\"><\/script><fb:like href=\"https:\/\/www.ohrlund.se\/blogg\/press-one-for-spanish\/\" send=\"true\" layout=\"standard\" width=\"450\" show_faces=\"true\" font=\"arial\" action=\"like\" colorscheme=\"light\"><\/fb:like><\/div>","protected":false},"excerpt":{"rendered":"<p>Just \u00e5ter efter en l\u00e4ngre tids vistelse i det stora landet reflekterar jag \u00f6ver en hel del intryck. Ger Obama alla obegr\u00e4nsad kredit f\u00f6r att f\u00e5 sitta kvar? Det &#8221;kreditkort&#8221; jag fick av min gode v\u00e4n &#8211;\u00a0den store sk\u00e4mtaren Kevin &hellip; <a href=\"https:\/\/www.ohrlund.se\/blogg\/press-one-for-spanish\/\">Forts\u00e4tt l\u00e4sa <span class=\"meta-nav\">&rarr;<\/span><\/a><\/p>\n","protected":false},"author":2,"featured_media":0,"comment_status":"open","ping_status":"open","sticky":false,"template":"","format":"standard","meta":{"_jetpack_memberships_contains_paid_content":false,"footnotes":""},"categories":[1],"tags":[],"class_list":["post-745","post","type-post","status-publish","format-standard","hentry","category-okategoriserade"],"jetpack_featured_media_url":"","jetpack_sharing_enabled":true,"post_mailing_queue_ids":[],"_links":{"self":[{"href":"https:\/\/www.ohrlund.se\/blogg\/wp-json\/wp\/v2\/posts\/745","targetHints":{"allow":["GET"]}}],"collection":[{"href":"https:\/\/www.ohrlund.se\/blogg\/wp-json\/wp\/v2\/posts"}],"about":[{"href":"https:\/\/www.ohrlund.se\/blogg\/wp-json\/wp\/v2\/types\/post"}],"author":[{"embeddable":true,"href":"https:\/\/www.ohrlund.se\/blogg\/wp-json\/wp\/v2\/users\/2"}],"replies":[{"embeddable":true,"href":"https:\/\/www.ohrlund.se\/blogg\/wp-json\/wp\/v2\/comments?post=745"}],"version-history":[{"count":5,"href":"https:\/\/www.ohrlund.se\/blogg\/wp-json\/wp\/v2\/posts\/745\/revisions"}],"predecessor-version":[{"id":757,"href":"https:\/\/www.ohrlund.se\/blogg\/wp-json\/wp\/v2\/posts\/745\/revisions\/757"}],"wp:attachment":[{"href":"https:\/\/www.ohrlund.se\/blogg\/wp-json\/wp\/v2\/media?parent=745"}],"wp:term":[{"taxonomy":"category","embeddable":true,"href":"https:\/\/www.ohrlund.se\/blogg\/wp-json\/wp\/v2\/categories?post=745"},{"taxonomy":"post_tag","embeddable":true,"href":"https:\/\/www.ohrlund.se\/blogg\/wp-json\/wp\/v2\/tags?post=745"}],"curies":[{"name":"wp","href":"https:\/\/api.w.org\/{rel}","templated":true}]}}