{"id":800,"date":"2012-01-21T02:02:34","date_gmt":"2012-01-21T00:02:34","guid":{"rendered":"http:\/\/www.ohrlund.se\/blogg\/?p=800"},"modified":"2012-01-21T02:02:34","modified_gmt":"2012-01-21T00:02:34","slug":"professor-kalkyls-felrakning","status":"publish","type":"post","link":"https:\/\/www.ohrlund.se\/blogg\/professor-kalkyls-felrakning\/","title":{"rendered":"Professor Kalkyls felr\u00e4kning"},"content":{"rendered":"<p><strong>Jag f\u00e5r dubbelkolla<\/strong> i kalendern f\u00f6r att se att det inte \u00e4r den 1 april.<\/p>\n<p><strong>I Aftonbladet uttalar sig professorn<\/strong> i histologi och neurobiologi vid Sahlgrenska akademien, G\u00f6teborgs universitet &#8211; <em><strong>Annica Dahlstr\u00f6m,<\/strong><\/em> om hur pappor kan skada sina barn f\u00f6r livet, &#8221;bara genom att vara sig sj\u00e4lva.&#8221;<\/p>\n<p><a href=\"https:\/\/www.ohrlund.se\/blogg\/wp-content\/uploads\/2012\/01\/dahlstr\u00f6m.jpg\"><img loading=\"lazy\" decoding=\"async\" class=\"alignleft size-full wp-image-801\" title=\"dahlstr\u00f6m\" src=\"https:\/\/www.ohrlund.se\/blogg\/wp-content\/uploads\/2012\/01\/dahlstr\u00f6m.jpg\" alt=\"\" width=\"250\" height=\"351\" srcset=\"https:\/\/www.ohrlund.se\/blogg\/wp-content\/uploads\/2012\/01\/dahlstr\u00f6m.jpg 250w, https:\/\/www.ohrlund.se\/blogg\/wp-content\/uploads\/2012\/01\/dahlstr\u00f6m-213x300.jpg 213w\" sizes=\"auto, (max-width: 250px) 100vw, 250px\" \/><\/a><\/p>\n<p>&nbsp;<\/p>\n<p>&nbsp;<\/p>\n<p>&nbsp;<\/p>\n<p><em>N\u00e4r Dahlstr\u00f6m tycker till om m\u00e4n och kvinnor luktar det tysk rasforskning. <\/em><em>Tragiskt.<\/em><\/p>\n<p>&nbsp;<\/p>\n<p>&nbsp;<\/p>\n<p>&nbsp;<\/p>\n<p>&nbsp;<\/p>\n<p>&nbsp;<\/p>\n<p><strong>Hon sl\u00e5r fast<\/strong> att mammor inte b\u00f6r l\u00e4mna ifr\u00e5n sig barnen under de f\u00f6rsta tre \u00e5ren och s\u00e4ger: &#8221;M\u00e4n f\u00f6rst\u00e5r inte hur sk\u00f6ra barn \u00e4r. De rycker axlar ur led. De l\u00e5ter barnens huvud h\u00e4nga och sl\u00e4nga s\u00e5 att de f\u00e5r skador p\u00e5 blodk\u00e4rlen i hj\u00e4rnan.&#8221;<\/p>\n<p><strong>N\u00e4r Aftonbladets reporter fr\u00e5gar<\/strong> vad som h\u00e4nder om pappan trots allt tar \u00f6ver v\u00e5rdnaden om barnet, svarar professorn:<\/p>\n<p>&#8221;Den otryggheten kan i v\u00e4rsta fall leda till kroniska stressymptom n\u00e4r barnen blir \u00e4ldre. Diabetes, hj\u00e4rt- och k\u00e4rlsjukdomar, fetma, m\u00e5nga av de sjukdomar vi ser idag orsakas av kronisk stress. Barnen kanske inte blir lika starka psykiskt som de hade kunnat bli.&#8221;<\/p>\n<p><strong>Hon forts\u00e4tter<\/strong> genom att s\u00e4ga att pappan inte b\u00f6r vara pappaledig det f\u00f6rsta halv\u00e5ret, att m\u00e4n har mindre t\u00e5lamod med dr\u00e4gel och bajsbl\u00f6jor och att m\u00e5nga sm\u00e5barn d\u00e4rf\u00f6r f\u00e5r smisk av sina f\u00e4der. Hon \u00f6ser p\u00e5 med att det \u00e4r b\u00e4ttre med barnflicka \u00e4n med pappa, att det \u00e4r b\u00e4ttre att pappan b\u00f6r &#8221;serva&#8221; mamman p\u00e5 alla vis, k\u00f6pa mat, laga mat, h\u00e5lla rent och se till att &#8221;mor och barn som enhet f\u00e5r lugn och ro&#8221;. Dessutom anser Dahlstr\u00f6m att det vore bra med &#8221;n\u00e5gon oberoende person som kunde verifiera om pappan \u00e4r bra&#8221;. Hon p\u00e5pekar att det finns &#8221;m\u00e5nga urd\u00e5liga pappor som sticker iv\u00e4g till kompisar och kanske super&#8221;.<\/p>\n<p><strong>Jag tror att Annica Dahlstr\u00f6m har\u00a0r\u00e4tt<\/strong> n\u00e4r det g\u00e4ller m\u00e5nga pappor. Problemet \u00e4r att hon gl\u00f6mmer att det d\u00e4r ocks\u00e5 g\u00e4ller m\u00e5nga mammor. Det finns gott om m\u00e4nniskor av b\u00e5da k\u00f6nen som av olika anledningar inte klarar, eller vill, ta hand om sitt barn. En del blir till och med s\u00e5 sjuka eller desperata att de tragiskt nog\u00a0tar livet av sina barn. Senast en mamma norr om Stockholm.<\/p>\n<p><strong>Reaktionerna<\/strong> p\u00e5 Dahlstr\u00f6ms uttalande har inte l\u00e5tit v\u00e4nta p\u00e5 sig. I en blogg skriver n\u00e5gon:<\/p>\n<p><iframe loading=\"lazy\" id=\"twttrHubFrame\" style=\"top: -9999em; width: 10px; height: 10px; position: absolute;\" name=\"twttrHubFrame\" src=\"http:\/\/platform.twitter.com\/widgets\/hub.1326407570.html\" frameborder=\"0\" scrolling=\"no\" width=\"320\" height=\"240\"><\/iframe><em>&#8221;Kan vi inte bara konstatera att tj\u00e4ringen \u00e4r komplett galen?&#8221;<\/em><\/p>\n<p><strong>Jag tror dessv\u00e4rre\u00a0att det allvarligare \u00e4n s\u00e5.<\/strong> Jag befarar att Dahlstr\u00f6m har missat en sis\u00e5d\u00e4r 30 &#8211; 40 \u00e5r av samh\u00e4llsutveckling n\u00e4r det g\u00e4ller\u00a0barnomsorg. Och d\u00e5 pratar jag om f\u00f6r\u00e4ldrarnas omsorg, inte dagis. Det \u00e4r\u00a0mer \u00e4n 18 \u00e5r sedan jag sj\u00e4lv fick en\u00a0noggrann utbildning i hur man ska h\u00e5lla huvudet p\u00e5 en nyf\u00f6dd, och s\u00e5vitt jag vet har jag aldrig slitit s\u00f6nder lemmarna p\u00e5 n\u00e5got av mina barn. Inte heller givit dem hj\u00e4rnskador eller supit s\u00f6nder deras liv.<\/p>\n<p><strong>Jag tror att<\/strong> Dahlstr\u00f6m p\u00e5 sin \u00e5lders h\u00f6st k\u00e4nner desperation och g\u00f6r ett sista f\u00f6rs\u00f6k att provocera eftersom\u00a0pensionsdomen fl\u00e5sar henne i nacken. Och det lyckas hon med, med r\u00e5ge.<\/p>\n<p><strong>Om jag har fel \u00e4r det \u00e4n v\u00e4rre<\/strong>, ty d\u00e5 luktar hennes uttalanden misst\u00e4nkt likt\u00a0tysk rasforskningen fr\u00e5n b\u00f6rjan av f\u00f6rra seklet.<\/p>\n<p><strong>Bekymmersamt <\/strong>eftersom\u00a0n\u00e5gon faktiskt\u00a0kan f\u00e5 f\u00f6r sig att tro p\u00e5 vad hon s\u00e4ger. Tragiskt eftersom\u00a0vi med skattepengar har subventionerat hennes utbildning och &#8211; gud bevare oss &#8211; kanske \u00e4ven hennes l\u00f6n som professor.<\/p>\n<p><strong>Jag \u00e4r varken l\u00e4kare<\/strong> eller professor, men jag tar mig \u00e4nd\u00e5 r\u00e4tten att komma med ett gott r\u00e5d i all v\u00e4nskaplighet.<\/p>\n<p><strong>Annica Dahlstr\u00f6m b\u00f6r g\u00e5 hem och vila sig.<\/strong><\/p>\n<p><strong>L\u00e4nge.<\/strong><\/p>\n<p>Hela el\u00e4ndet kan du l\u00e4sa h\u00e4r:<\/p>\n<p><a href=\"http:\/\/www.aftonbladet.se\/wendela\/barn\/article11038187.ab\">http:\/\/www.aftonbladet.se\/wendela\/barn\/article11038187.ab<\/a><\/p>\n<p>&nbsp;<\/p>\n<div id=\"wp_fb_like_button\" style=\"margin:5px 0;float:none;height:100px;\"><script src=\"http:\/\/connect.facebook.net\/en_US\/all.js#xfbml=1\"><\/script><fb:like href=\"https:\/\/www.ohrlund.se\/blogg\/professor-kalkyls-felrakning\/\" send=\"true\" layout=\"standard\" width=\"450\" show_faces=\"true\" font=\"arial\" action=\"like\" colorscheme=\"light\"><\/fb:like><\/div>","protected":false},"excerpt":{"rendered":"<p>Jag f\u00e5r dubbelkolla i kalendern f\u00f6r att se att det inte \u00e4r den 1 april. I Aftonbladet uttalar sig professorn i histologi och neurobiologi vid Sahlgrenska akademien, G\u00f6teborgs universitet &#8211; Annica Dahlstr\u00f6m, om hur pappor kan skada sina barn f\u00f6r &hellip; <a href=\"https:\/\/www.ohrlund.se\/blogg\/professor-kalkyls-felrakning\/\">Forts\u00e4tt l\u00e4sa <span class=\"meta-nav\">&rarr;<\/span><\/a><\/p>\n","protected":false},"author":2,"featured_media":0,"comment_status":"open","ping_status":"open","sticky":false,"template":"","format":"standard","meta":{"_jetpack_memberships_contains_paid_content":false,"footnotes":""},"categories":[1],"tags":[],"class_list":["post-800","post","type-post","status-publish","format-standard","hentry","category-okategoriserade"],"jetpack_featured_media_url":"","jetpack_sharing_enabled":true,"post_mailing_queue_ids":[],"_links":{"self":[{"href":"https:\/\/www.ohrlund.se\/blogg\/wp-json\/wp\/v2\/posts\/800","targetHints":{"allow":["GET"]}}],"collection":[{"href":"https:\/\/www.ohrlund.se\/blogg\/wp-json\/wp\/v2\/posts"}],"about":[{"href":"https:\/\/www.ohrlund.se\/blogg\/wp-json\/wp\/v2\/types\/post"}],"author":[{"embeddable":true,"href":"https:\/\/www.ohrlund.se\/blogg\/wp-json\/wp\/v2\/users\/2"}],"replies":[{"embeddable":true,"href":"https:\/\/www.ohrlund.se\/blogg\/wp-json\/wp\/v2\/comments?post=800"}],"version-history":[{"count":8,"href":"https:\/\/www.ohrlund.se\/blogg\/wp-json\/wp\/v2\/posts\/800\/revisions"}],"predecessor-version":[{"id":809,"href":"https:\/\/www.ohrlund.se\/blogg\/wp-json\/wp\/v2\/posts\/800\/revisions\/809"}],"wp:attachment":[{"href":"https:\/\/www.ohrlund.se\/blogg\/wp-json\/wp\/v2\/media?parent=800"}],"wp:term":[{"taxonomy":"category","embeddable":true,"href":"https:\/\/www.ohrlund.se\/blogg\/wp-json\/wp\/v2\/categories?post=800"},{"taxonomy":"post_tag","embeddable":true,"href":"https:\/\/www.ohrlund.se\/blogg\/wp-json\/wp\/v2\/tags?post=800"}],"curies":[{"name":"wp","href":"https:\/\/api.w.org\/{rel}","templated":true}]}}