{"id":881,"date":"2012-02-08T01:36:13","date_gmt":"2012-02-07T23:36:13","guid":{"rendered":"http:\/\/www.ohrlund.se\/blogg\/?p=881"},"modified":"2012-02-08T01:36:13","modified_gmt":"2012-02-07T23:36:13","slug":"flickfotografens-pensionsforsakring-en-357-magnum","status":"publish","type":"post","link":"https:\/\/www.ohrlund.se\/blogg\/flickfotografens-pensionsforsakring-en-357-magnum\/","title":{"rendered":"Flickfotografens pensionsf\u00f6rs\u00e4kring &#8211; en .357 Magnum!"},"content":{"rendered":"<p>Redan 1991, n\u00e4r jag f\u00f6rlamad fr\u00e5n midjan och ner\u00e5t l\u00e5g fj\u00e4ttrad i en kommunal sjukhuss\u00e4ng (och f\u00f6r alla som yrar om den svenska v\u00e4lf\u00e4rden ska jag vid tillf\u00e4lle ber\u00e4tta hur den kan yttra sig i ett skarpt l\u00e4ge!) h\u00f6rde jag honom muttra p\u00e5 sk\u00e5nska:<\/p>\n<p><em>&#8221;Dag, du har v\u00e4l en .357 Magnum? N\u00e4r det \u00e4r slut \u00e4r det slut, och d\u00e5 f\u00e5r man g\u00e5 ut i skogen och skjuta skallen av sig, ser du&#8230;&#8221;<\/em><\/p>\n<p>Drygt 20 \u00e5r har g\u00e5tt, men Siwers princip \u00e4r densamma.<\/p>\n<p>D\u00e5 trodde jag att han var galen. Nu inser jag att han sannolikt har r\u00e4tt.<\/p>\n<p>Vi pratar om Siwer Ohlsson, den legendariske fotografen som f\u00f6rsiktigt b\u00f6rjade f\u00e5 svenska flickor att lossa p\u00e5 bh:n i tidningen SE! i slutet av sextio- och b\u00f6rjan av sjuttiotalet.<\/p>\n<p>Vi m\u00f6ttes p\u00e5 FIB-<em>aktuellts<\/em> redaktion 1973 n\u00e4r jag som snorunge fick ihop mina f\u00f6rsta stapplande artiklar medan han reste jorden runt med svenska sk\u00f6nheter f\u00f6r att fotografera dem p\u00e5 exotiska platser.<\/p>\n<p>I dag \u00e4r det mesta av glamouren borta. Siwer, nu 71 \u00e5r\u00a0men still going strong, f\u00f6rs\u00f6rjer sig p\u00e5 att fotografera motorcyklar med l\u00e5nga framgafflar och lackerade med flammor. Jag \u00e4r halt, lytt och nervskadad efter turer med svenska l\u00e4kare, irl\u00e4ndska terrorister, brasilianska knarkkungar och &#8211; senast &#8211; testosteronstinna svenska konstaplar.<\/p>\n<p>Hangin\u00b4 in there, dock.<\/p>\n<p>Jag lyssnar p\u00e5 statsministerns budskap p\u00e5 tv och flinar \u00e5t de nyuppr\u00f6rda, ty det spelar fortfarande ingen som helst roll om budskapet kommer fr\u00e5n h\u00f6ger, v\u00e4nster eller mittemellan i Landet Mellanmj\u00f6lk. Andemeningen \u00e4r densamma:<\/p>\n<p><strong>Jag \u00e4r bl\u00e5st. F\u00f6rmodligen du ocks\u00e5<\/strong>, om du inte tillh\u00f6r de fyrtiotalister som hann t\u00f6mma det sista i skafferiet.<\/p>\n<p>Och det b\u00f6rjade inte i dag. Det b\u00f6rjade n\u00e4r det f\u00e4rgade kuvertet d\u00f6k ner i brevl\u00e5dan.<\/p>\n<p>F\u00f6r att g\u00f6ra det enkelt:<\/p>\n<p>Som 16-\u00e5ring jobbade jag som en d\u00e5re vid sidan av studierna och sov fyra timmar per natt. \u00c4lskade varje minut, betalade 85 procent i marginalskatt men tyckte \u00e4nd\u00e5 att jag fick n\u00e5got f\u00f6r pengarna.<\/p>\n<p>Dessutom hade staten givit mig ett <em><strong>l\u00f6fte.<\/strong><\/em><\/p>\n<p>P\u00e5 det stora hela gick det ut p\u00e5 f\u00f6ljande: Om jag jobbade h\u00e4cken av mig tills jag var 65 \u00e5r skulle man r\u00e4kna samman inkomsterna fr\u00e5n de 15 b\u00e4sta \u00e5ren av mitt liv, ta ett snitt, r\u00e4kna upp det till dagens penningv\u00e4rde och ge mig 75% av det i pension.<\/p>\n<p>Det l\u00e4t som en schysst deal.<\/p>\n<p>S\u00e5 jag jobbade vidare som en galning. Och betalade skatt.<\/p>\n<p>Sis\u00e5d\u00e4r 35 \u00e5r senare kom kuvertet med brevet\u00a0d\u00e4r det stod ungef\u00e4r s\u00e5 h\u00e4r: &#8221;Ledsen Dag, men nu \u00e4r allt f\u00f6r sent och det blev inte riktigt som vi hade t\u00e4nkt oss. Om det g\u00e5r som vi hoppas kommer du att f\u00e5 en pension p\u00e5 6 213 kronor i m\u00e5naden minus skatt och &#8230; &#8221;<\/p>\n<p>V\u00e4nta lite nu. Var <em><strong>fa-an<\/strong><\/em> \u00e4r de pengar jag betalat in under snart 40 \u00e5r?<\/p>\n<p>Se det s\u00e5 h\u00e4r: Hade n\u00e5gon gjort samma cirkustrick i privat verksamhet hade straffet sannolikt blivit 6 &#8211; 8 \u00e5r f\u00f6r grovt bedr\u00e4geri och trol\u00f6shet mot huvudman.<\/p>\n<p>I det h\u00e4r fallet f\u00e5r jag en ny r\u00f6stsedel i handen.<\/p>\n<p>Allts\u00e5 ler jag bara \u00e5t Reinfeldts kommentarer i dagens tv-s\u00e4ndningar. Jag begick ett misstag och jag kommer rekommendera mina barn att inte g\u00f6ra detsamma. Varje privat madrass, kassask\u00e5p eller skum utlandsfond kommer att vara ett b\u00e4ttre alternativ \u00e4n att tro p\u00e5 en politiker som pratar om framtiden.<\/p>\n<p>Och Siwer har r\u00e4tt. F\u00f6rmodligen borde alla ha en .357 Magnum under kudden.<\/p>\n<div id=\"wp_fb_like_button\" style=\"margin:5px 0;float:none;height:100px;\"><script src=\"http:\/\/connect.facebook.net\/en_US\/all.js#xfbml=1\"><\/script><fb:like href=\"https:\/\/www.ohrlund.se\/blogg\/flickfotografens-pensionsforsakring-en-357-magnum\/\" send=\"true\" layout=\"standard\" width=\"450\" show_faces=\"true\" font=\"arial\" action=\"like\" colorscheme=\"light\"><\/fb:like><\/div>","protected":false},"excerpt":{"rendered":"<p>Redan 1991, n\u00e4r jag f\u00f6rlamad fr\u00e5n midjan och ner\u00e5t l\u00e5g fj\u00e4ttrad i en kommunal sjukhuss\u00e4ng (och f\u00f6r alla som yrar om den svenska v\u00e4lf\u00e4rden ska jag vid tillf\u00e4lle ber\u00e4tta hur den kan yttra sig i ett skarpt l\u00e4ge!) h\u00f6rde jag &hellip; <a href=\"https:\/\/www.ohrlund.se\/blogg\/flickfotografens-pensionsforsakring-en-357-magnum\/\">Forts\u00e4tt l\u00e4sa <span class=\"meta-nav\">&rarr;<\/span><\/a><\/p>\n","protected":false},"author":2,"featured_media":0,"comment_status":"open","ping_status":"open","sticky":false,"template":"","format":"standard","meta":{"_jetpack_memberships_contains_paid_content":false,"footnotes":""},"categories":[1],"tags":[],"class_list":["post-881","post","type-post","status-publish","format-standard","hentry","category-okategoriserade"],"jetpack_featured_media_url":"","jetpack_sharing_enabled":true,"post_mailing_queue_ids":[],"_links":{"self":[{"href":"https:\/\/www.ohrlund.se\/blogg\/wp-json\/wp\/v2\/posts\/881","targetHints":{"allow":["GET"]}}],"collection":[{"href":"https:\/\/www.ohrlund.se\/blogg\/wp-json\/wp\/v2\/posts"}],"about":[{"href":"https:\/\/www.ohrlund.se\/blogg\/wp-json\/wp\/v2\/types\/post"}],"author":[{"embeddable":true,"href":"https:\/\/www.ohrlund.se\/blogg\/wp-json\/wp\/v2\/users\/2"}],"replies":[{"embeddable":true,"href":"https:\/\/www.ohrlund.se\/blogg\/wp-json\/wp\/v2\/comments?post=881"}],"version-history":[{"count":6,"href":"https:\/\/www.ohrlund.se\/blogg\/wp-json\/wp\/v2\/posts\/881\/revisions"}],"predecessor-version":[{"id":887,"href":"https:\/\/www.ohrlund.se\/blogg\/wp-json\/wp\/v2\/posts\/881\/revisions\/887"}],"wp:attachment":[{"href":"https:\/\/www.ohrlund.se\/blogg\/wp-json\/wp\/v2\/media?parent=881"}],"wp:term":[{"taxonomy":"category","embeddable":true,"href":"https:\/\/www.ohrlund.se\/blogg\/wp-json\/wp\/v2\/categories?post=881"},{"taxonomy":"post_tag","embeddable":true,"href":"https:\/\/www.ohrlund.se\/blogg\/wp-json\/wp\/v2\/tags?post=881"}],"curies":[{"name":"wp","href":"https:\/\/api.w.org\/{rel}","templated":true}]}}