{"id":890,"date":"2012-02-11T02:19:58","date_gmt":"2012-02-11T00:19:58","guid":{"rendered":"http:\/\/www.ohrlund.se\/blogg\/?p=890"},"modified":"2012-02-11T02:19:58","modified_gmt":"2012-02-11T00:19:58","slug":"reinfeldts-reklambyra","status":"publish","type":"post","link":"https:\/\/www.ohrlund.se\/blogg\/reinfeldts-reklambyra\/","title":{"rendered":"Reinfeldts reklambyr\u00e5"},"content":{"rendered":"<p><strong>Det blev ett v\u00e4ldigt liv<\/strong> om Reinfeldts uttalande. Uppenbarligen uppfattade m\u00e5nga det som att alla nu ska <em>tvingas<\/em> att arbeta tills de faller ihop och d\u00f6r, vilket sannolikt inte var meningen. Om sossarna hade informerat alla &#8211; inklusive mig &#8211; om att v\u00e5ra inbetalda pensionspengar skulle bli stulna, hade vi alla kunnat spara vid sidan om och g\u00e5 hem n\u00e4r vi \u00e4r 60. Men s\u00e5 blev det inte. Pengarna \u00e4r v\u00e4ck och det finns inte en politiker, oavsett f\u00e4rg, som kan eller t\u00f6rs diskutera var de tog v\u00e4gen.<\/p>\n<p><strong>Jag \u00e4r f\u00f6r individens frihet.<\/strong> I den h\u00e4r meningen att alla ska ha en chans att best\u00e4mma om de vill sluta jobba vid 60,\u00a065 eller s\u00e5, eller om de vill forts\u00e4tta. Jag k\u00e4nner gott om m\u00e4nniskor vid god vig\u00f6r som inte har lust att ge upp d\u00e5, och inte heller b\u00f6r g\u00f6ra det.<\/p>\n<p><strong>Men det finns<\/strong> en annan, i sammanhanget\u00a0intressant aspekt som varken Reinfeldt eller n\u00e5gon sosse tar p\u00e5 riktigt\u00a0allvar. I arbetsl\u00f6shetens namn skyfflar man in invandrare i landet, d\u00e4rf\u00f6r att &#8221;arbetskraftsinvandring&#8221; beh\u00f6vs. Samtidigt beh\u00f6vs tydligen en generellt sett mycket h\u00f6gre pensions\u00e5lder.<\/p>\n<p><strong>Samtidigt \u00e4r fler ungdomar<\/strong> \u00e4n n\u00e5gonsin chansl\u00f6sa. Inte bara f\u00f6r att de inte kan f\u00e5 jobb, utan ocks\u00e5 f\u00f6r att de inte kan f\u00e5 en bostad. Och det \u00e4r inte sunt att ungar ska beh\u00f6va bo hemma tills de \u00e4r 30.<\/p>\n<p><strong>Jag minns knappt i hur m\u00e5nga decennier sossarna lj\u00f6g<\/strong> och m\u00f6rkade problemet. Det skulle\u00a0byggas fler hyresl\u00e4genheter och framf\u00f6rallt ungdomsbost\u00e4der med rimliga hyror. Vad som h\u00e4nde var att man sopade upp n\u00e5gra\u00a0fyrkantiga betongspyor under rubriken <em>miljonprogram<\/em> och raskt deporterade en blandning av socialfall och invandrare dit, f\u00f6r att bli av med dem. Och f\u00f6r att senare f\u00f6rv\u00e5nas \u00f6ver att <em>integrationen<\/em> inte fungerade. Hj\u00e4lp.<\/p>\n<p><strong>Det d\u00e4r med ungdomsbost\u00e4der<\/strong> nerprioriterades i samma sekund som valen var \u00f6ver. Eller, som en sosse sa i tv: &#8221;Det \u00e4r olyckligt att v\u00e4ljarna har en tendens att blanda ihop vall\u00f6ften med<strong> riktiga<\/strong> l\u00f6ften.&#8221;<\/p>\n<p><strong>Ja, det \u00e4r det. Och det \u00e4r \u00e4n mer olyckligt att\u00a0korrumperade skith\u00f6gar och l\u00f6gnare\u00a0fr\u00e5n b\u00e5de h\u00f6ger och v\u00e4nster lyckas ta sig in i Riksdagen via allm\u00e4nna val f\u00f6r att styra landet. Faktiskt \u00e4r det ett betydligt st\u00f6rre problem \u00e4n att n\u00e5gra f\u00f6rvirrade Sverigedemokrater blir demokratiskt invalda.<\/strong><\/p>\n<p><strong>Alliansen upprepar nu sossarnas l\u00f6gner<\/strong> i jakten p\u00e5 den politiska korrektheten, r\u00f6ster\u00a0och i ett desperat f\u00f6rs\u00f6k att f\u00e5 sitta kvar en tredje period. Men den som skriver Reinfeldts tal hade otur n\u00e4r han eller hon t\u00e4nkte.<\/p>\n<p><strong>Det gick inte hem<\/strong>, det d\u00e4r. Och jag anar varf\u00f6r.<\/p>\n<p><strong>Om Reinfeldt hade l\u00e5tit den utm\u00e4rkt duktige<\/strong> finansministern f\u00f6rklara saken hade det f\u00f6rmodligen fungerat utm\u00e4rkt. Borg kan f\u00e5 till och med en idiot som mig att f\u00f6rst\u00e5 att saker m\u00e5ste finansieras,\u00a0att det m\u00e5ste finnas en balans mellan plus och minus.<\/p>\n<p><strong>Men n\u00e5gon annan hade skrivit texten<\/strong> och det gick s\u00e5 fel, s\u00e5 fel. F\u00f6rfattaren gl\u00f6mde n\u00e4mligen n\u00e5got oerh\u00f6rt viktigt &#8211; att fler ungdomar \u00e4n n\u00e5gonsin \u00e4r chansl\u00f6sa p\u00e5 b\u00e5de arbets- och bostadsmarknaden.<\/p>\n<p>I\u00b4m all for att de som vill ska f\u00e5 jobba tills de \u00e4r 105 \u00e5r, om de vill.<\/p>\n<p>Men l\u00e5ngt dessf\u00f6rinnan ska det skapas m\u00f6jligheter f\u00f6r v\u00e5ra ungdomar att komma ig\u00e5ng, f\u00e5 en chans till det liv de k\u00e4mpat f\u00f6r, genom att studera.<\/p>\n<p>Och inte ens Borg har f\u00f6rklarat hur det ska g\u00e5 till.<\/p>\n<p><strong>Pension\u00e4rer m\u00e5ste, av naturliga sk\u00e4l, f\u00f6rs\u00f6rjas av dem som jobbar<\/strong>. Men n\u00e4r vi med skattemedel ska b\u00f6rja f\u00f6rs\u00f6rja 25-\u00e5ringar som skriker efter jobb och bostad, \u00e4r vi j\u00e4vligt snett ute.<\/p>\n<p>Ergo, till Reinfeldts textf\u00f6rfattare: G\u00f6r om, g\u00f6r r\u00e4tt.<\/p>\n<p>Vad politikerna &#8211; sossar eller alliansare &#8211; <em>innerst inne<\/em> menar allvar med, t\u00f6rs jag inte ens t\u00e4nka p\u00e5.<\/p>\n<p>&nbsp;<\/p>\n<div id=\"wp_fb_like_button\" style=\"margin:5px 0;float:none;height:100px;\"><script src=\"http:\/\/connect.facebook.net\/en_US\/all.js#xfbml=1\"><\/script><fb:like href=\"https:\/\/www.ohrlund.se\/blogg\/reinfeldts-reklambyra\/\" send=\"true\" layout=\"standard\" width=\"450\" show_faces=\"true\" font=\"arial\" action=\"like\" colorscheme=\"light\"><\/fb:like><\/div>","protected":false},"excerpt":{"rendered":"<p>Det blev ett v\u00e4ldigt liv om Reinfeldts uttalande. Uppenbarligen uppfattade m\u00e5nga det som att alla nu ska tvingas att arbeta tills de faller ihop och d\u00f6r, vilket sannolikt inte var meningen. Om sossarna hade informerat alla &#8211; inklusive mig &#8211; &hellip; <a href=\"https:\/\/www.ohrlund.se\/blogg\/reinfeldts-reklambyra\/\">Forts\u00e4tt l\u00e4sa <span class=\"meta-nav\">&rarr;<\/span><\/a><\/p>\n","protected":false},"author":2,"featured_media":0,"comment_status":"open","ping_status":"open","sticky":false,"template":"","format":"standard","meta":{"_jetpack_memberships_contains_paid_content":false,"footnotes":""},"categories":[1],"tags":[],"class_list":["post-890","post","type-post","status-publish","format-standard","hentry","category-okategoriserade"],"jetpack_featured_media_url":"","jetpack_sharing_enabled":true,"post_mailing_queue_ids":[],"_links":{"self":[{"href":"https:\/\/www.ohrlund.se\/blogg\/wp-json\/wp\/v2\/posts\/890","targetHints":{"allow":["GET"]}}],"collection":[{"href":"https:\/\/www.ohrlund.se\/blogg\/wp-json\/wp\/v2\/posts"}],"about":[{"href":"https:\/\/www.ohrlund.se\/blogg\/wp-json\/wp\/v2\/types\/post"}],"author":[{"embeddable":true,"href":"https:\/\/www.ohrlund.se\/blogg\/wp-json\/wp\/v2\/users\/2"}],"replies":[{"embeddable":true,"href":"https:\/\/www.ohrlund.se\/blogg\/wp-json\/wp\/v2\/comments?post=890"}],"version-history":[{"count":3,"href":"https:\/\/www.ohrlund.se\/blogg\/wp-json\/wp\/v2\/posts\/890\/revisions"}],"predecessor-version":[{"id":893,"href":"https:\/\/www.ohrlund.se\/blogg\/wp-json\/wp\/v2\/posts\/890\/revisions\/893"}],"wp:attachment":[{"href":"https:\/\/www.ohrlund.se\/blogg\/wp-json\/wp\/v2\/media?parent=890"}],"wp:term":[{"taxonomy":"category","embeddable":true,"href":"https:\/\/www.ohrlund.se\/blogg\/wp-json\/wp\/v2\/categories?post=890"},{"taxonomy":"post_tag","embeddable":true,"href":"https:\/\/www.ohrlund.se\/blogg\/wp-json\/wp\/v2\/tags?post=890"}],"curies":[{"name":"wp","href":"https:\/\/api.w.org\/{rel}","templated":true}]}}