{"id":894,"date":"2012-02-13T00:45:32","date_gmt":"2012-02-12T22:45:32","guid":{"rendered":"http:\/\/www.ohrlund.se\/blogg\/?p=894"},"modified":"2012-02-13T00:45:32","modified_gmt":"2012-02-12T22:45:32","slug":"till-minne-av-karle-1","status":"publish","type":"post","link":"https:\/\/www.ohrlund.se\/blogg\/till-minne-av-karle-1\/","title":{"rendered":"Till minne av Karle (1)"},"content":{"rendered":"<p>T\u00e4nker i kv\u00e4ll\u00a0tillbaka p\u00e5 Karle, en god v\u00e4n och \u00e4ventyrare som tog ut maximalt allt av sitt liv, levde sina dr\u00f6mmar, skrattade mer \u00e4n han gr\u00e4t och s\u00e5g, upplevde mer \u00e4n vi andra.<\/p>\n<p>Karle dog &#8211; eller r\u00e4ttare sagt f\u00f6rsvann, eftersom hans kvarlevor aldrig hittades &#8211; alltf\u00f6r ung. Hans \u00f6de f\u00e5r mig att t\u00e4nka en hel del p\u00e5 livet. Hur vi lever det, hur alla vi som inte \u00e4r buddhister borde reagera och leva det f\u00f6r att f\u00e5 ut s\u00e5 mycket som m\u00f6jligt innan det \u00e4r dags.<\/p>\n<p>Att g\u00f6ra det man dr\u00f6mmer om, s\u00e4ga adj\u00f6 till rutin och vad som f\u00f6rv\u00e4ntas av en f\u00f6r att ist\u00e4llet leva som man vill, kr\u00e4ver inte bara pengar utan framf\u00f6rallt mod.<\/p>\n<p>Ett mod som alltf\u00f6r f\u00e5 av oss t\u00f6rs och kan uppbringa.<\/p>\n<p>Om du har en historia att ber\u00e4tta, s\u00e5 &#8211; skriv!<\/p>\n<div id=\"wp_fb_like_button\" style=\"margin:5px 0;float:none;height:100px;\"><script src=\"http:\/\/connect.facebook.net\/en_US\/all.js#xfbml=1\"><\/script><fb:like href=\"https:\/\/www.ohrlund.se\/blogg\/till-minne-av-karle-1\/\" send=\"true\" layout=\"standard\" width=\"450\" show_faces=\"true\" font=\"arial\" action=\"like\" colorscheme=\"light\"><\/fb:like><\/div>","protected":false},"excerpt":{"rendered":"<p>T\u00e4nker i kv\u00e4ll\u00a0tillbaka p\u00e5 Karle, en god v\u00e4n och \u00e4ventyrare som tog ut maximalt allt av sitt liv, levde sina dr\u00f6mmar, skrattade mer \u00e4n han gr\u00e4t och s\u00e5g, upplevde mer \u00e4n vi andra. Karle dog &#8211; eller r\u00e4ttare sagt f\u00f6rsvann, &hellip; <a href=\"https:\/\/www.ohrlund.se\/blogg\/till-minne-av-karle-1\/\">Forts\u00e4tt l\u00e4sa <span class=\"meta-nav\">&rarr;<\/span><\/a><\/p>\n","protected":false},"author":2,"featured_media":0,"comment_status":"open","ping_status":"open","sticky":false,"template":"","format":"standard","meta":{"_jetpack_memberships_contains_paid_content":false,"footnotes":""},"categories":[1],"tags":[],"class_list":["post-894","post","type-post","status-publish","format-standard","hentry","category-okategoriserade"],"jetpack_featured_media_url":"","jetpack_sharing_enabled":true,"post_mailing_queue_ids":[],"_links":{"self":[{"href":"https:\/\/www.ohrlund.se\/blogg\/wp-json\/wp\/v2\/posts\/894","targetHints":{"allow":["GET"]}}],"collection":[{"href":"https:\/\/www.ohrlund.se\/blogg\/wp-json\/wp\/v2\/posts"}],"about":[{"href":"https:\/\/www.ohrlund.se\/blogg\/wp-json\/wp\/v2\/types\/post"}],"author":[{"embeddable":true,"href":"https:\/\/www.ohrlund.se\/blogg\/wp-json\/wp\/v2\/users\/2"}],"replies":[{"embeddable":true,"href":"https:\/\/www.ohrlund.se\/blogg\/wp-json\/wp\/v2\/comments?post=894"}],"version-history":[{"count":2,"href":"https:\/\/www.ohrlund.se\/blogg\/wp-json\/wp\/v2\/posts\/894\/revisions"}],"predecessor-version":[{"id":896,"href":"https:\/\/www.ohrlund.se\/blogg\/wp-json\/wp\/v2\/posts\/894\/revisions\/896"}],"wp:attachment":[{"href":"https:\/\/www.ohrlund.se\/blogg\/wp-json\/wp\/v2\/media?parent=894"}],"wp:term":[{"taxonomy":"category","embeddable":true,"href":"https:\/\/www.ohrlund.se\/blogg\/wp-json\/wp\/v2\/categories?post=894"},{"taxonomy":"post_tag","embeddable":true,"href":"https:\/\/www.ohrlund.se\/blogg\/wp-json\/wp\/v2\/tags?post=894"}],"curies":[{"name":"wp","href":"https:\/\/api.w.org\/{rel}","templated":true}]}}