{"id":898,"date":"2012-02-13T23:12:20","date_gmt":"2012-02-13T21:12:20","guid":{"rendered":"http:\/\/www.ohrlund.se\/blogg\/?p=898"},"modified":"2012-02-13T23:12:20","modified_gmt":"2012-02-13T21:12:20","slug":"opartisk","status":"publish","type":"post","link":"https:\/\/www.ohrlund.se\/blogg\/opartisk\/","title":{"rendered":"Opartisk?"},"content":{"rendered":"<p><strong>I morgon inleds<\/strong> en av de mer intressanta perioderna i mitt liv, n\u00e4r polisens avdelning f\u00f6r interna utredningar f\u00f6rh\u00f6r mig.<\/p>\n<p><strong>Saken g\u00e4ller\u00a0gripandet<\/strong> av mig den 27 januari, n\u00e4r jag utsattes f\u00f6r oproportionellt l\u00e5ngt och\u00a0mycket v\u00e5ld och greps, misst\u00e4nkt f\u00f6r olaga vapeninnehav, f\u00f6r att jag hade fotograferat en kamrat som h\u00f6ll i en pistolattrapp.<\/p>\n<p><a href=\"https:\/\/www.ohrlund.se\/blogg\/wp-content\/uploads\/2012\/02\/AFTONBLADET-NY1.jpg\"><img loading=\"lazy\" decoding=\"async\" class=\"alignleft size-full wp-image-899\" title=\"AFTONBLADET NY\" src=\"https:\/\/www.ohrlund.se\/blogg\/wp-content\/uploads\/2012\/02\/AFTONBLADET-NY1.jpg\" alt=\"\" width=\"639\" height=\"672\" srcset=\"https:\/\/www.ohrlund.se\/blogg\/wp-content\/uploads\/2012\/02\/AFTONBLADET-NY1.jpg 639w, https:\/\/www.ohrlund.se\/blogg\/wp-content\/uploads\/2012\/02\/AFTONBLADET-NY1-285x300.jpg 285w\" sizes=\"auto, (max-width: 639px) 100vw, 639px\" \/><\/a><\/p>\n<p><strong>Samtliga mina polisv\u00e4nner<\/strong> &#8211; och de \u00e4r m\u00e5nga &#8211; har uppmanat mig att anm\u00e4la h\u00e4ndelsen f\u00f6r att f\u00e5 den utredd. Jag har gjort det och \u00e5klagaren har allts\u00e5 beslutat att Interna Utredningar ska granska fallet.<\/p>\n<p><strong>D\u00e4rmed inte sagt att jag f\u00e5r &#8221;r\u00e4tt&#8221;.<\/strong><\/p>\n<p>Lika m\u00e5nga v\u00e4nner har h\u00f6rt av sig med negativa kommentarer:<\/p>\n<p>&#8221;Det \u00e4r ingen id\u00e9, s\u00e5nt d\u00e4r l\u00e4ggs alltid ner.&#8221;<\/p>\n<p>&#8221;Du vet v\u00e4l hur snutarna \u00e4r, de h\u00e5ller varandra om ryggen.&#8221;<\/p>\n<p>&#8221;Gl\u00f6m det, de kommer att snacka ihop sig och du torskar.&#8221;<\/p>\n<p><strong>F\u00f6r min del handlar det inte om att &#8221;torska&#8221;<\/strong> eller ej. Torskat har jag redan gjort, fysiskt. Efter vad jag utsattes f\u00f6r \u00e4r jag sjuskriven, sm\u00e4rtbelastad dygnet runt i rygg, axel, nacke och huvud, och g\u00e5r p\u00e5 piller. Jag har s\u00f6mn- och koncentrationssv\u00e5righeter och livet \u00e4r inte kul.<\/p>\n<p><strong>Vad det handlar om \u00e4r att f\u00e5 klarlagt<\/strong> hur ett gripande f\u00e5r och ska g\u00e5 till, hur mycket v\u00e5ld som \u00e4r rimligt att ut\u00f6va och vilka r\u00e4ttigheter man har som gripen. I det h\u00e4r fallet finns det f\u00f6r mig en mycket l\u00e5ng rad fr\u00e5getecken som m\u00e5ste r\u00e4tas ut, till exempel: <em>Ska inte sex poliser kunna skilja en obrukbar\u00a0attrapp fr\u00e5n ett riktigt vapen?\u00a0Varf\u00f6r fick jag inte f\u00f6rr\u00e4n efter fem timmar i handbojor och\u00a0d\u00e4refter cell,\u00a0veta vad jag var misst\u00e4nkt f\u00f6r? Varf\u00f6r blev jag hindrad att svara i min telefon, och att f\u00e5 ringa ett enda samtal?\u00a0Var det n\u00f6dv\u00e4ndigt f\u00f6r den manlige polisen att st\u00e5 och stirra medan jag satt p\u00e5 toaletten? Varf\u00f6r kontaktades aldrig en \u00e5klagare n\u00e4r &#8221;brottet&#8221; ans\u00e5gs s\u00e5 grovt att man gjorde en husrannsakan i min bostad?<\/em><\/p>\n<p>Och s\u00e5 vidare.<\/p>\n<p><strong>\u00c4n s\u00e5 l\u00e4nge<\/strong> s\u00e4ger jag som jag sagt tidigare: Mitt grundl\u00e4ggande f\u00f6rtroende f\u00f6r polisen \u00e4r orubbat. Jag inser att det i en organisation med 20 000 anst\u00e4llda finns s\u00e5dana som \u00e4r mindre l\u00e4mpliga f\u00f6r sitt jobb och kanske hade jag otur den h\u00e4r dagen.<\/p>\n<p><strong>Jag har tidigare<\/strong> gjort reportage om hur polisens avdelning f\u00f6r interna utredningar fungerar, och jag fick ett stort f\u00f6rtroende f\u00f6r utredarna. Det var l\u00e5ngt ifr\u00e5n n\u00e5gon &#8221;h\u00e5lla om ryggen&#8221;-mentalitet som vilade d\u00e4r.<\/p>\n<p><strong>Men det handlar f\u00f6rst\u00e5s inte bara<\/strong> om hur skickliga utredarna d\u00e4r \u00e4r. Det handlar lika mycket om vilken version ett g\u00e4ng poliser, som nu sannolikt \u00e4r mycket nerv\u00f6sa, t\u00e4nker enas om.<\/p>\n<p>Och <em>det<\/em> ska bli sp\u00e4nnande att se.<\/p>\n<div id=\"wp_fb_like_button\" style=\"margin:5px 0;float:none;height:100px;\"><script src=\"http:\/\/connect.facebook.net\/en_US\/all.js#xfbml=1\"><\/script><fb:like href=\"https:\/\/www.ohrlund.se\/blogg\/opartisk\/\" send=\"true\" layout=\"standard\" width=\"450\" show_faces=\"true\" font=\"arial\" action=\"like\" colorscheme=\"light\"><\/fb:like><\/div>","protected":false},"excerpt":{"rendered":"<p>I morgon inleds en av de mer intressanta perioderna i mitt liv, n\u00e4r polisens avdelning f\u00f6r interna utredningar f\u00f6rh\u00f6r mig. Saken g\u00e4ller\u00a0gripandet av mig den 27 januari, n\u00e4r jag utsattes f\u00f6r oproportionellt l\u00e5ngt och\u00a0mycket v\u00e5ld och greps, misst\u00e4nkt f\u00f6r olaga &hellip; <a href=\"https:\/\/www.ohrlund.se\/blogg\/opartisk\/\">Forts\u00e4tt l\u00e4sa <span class=\"meta-nav\">&rarr;<\/span><\/a><\/p>\n","protected":false},"author":2,"featured_media":0,"comment_status":"open","ping_status":"open","sticky":false,"template":"","format":"standard","meta":{"_jetpack_memberships_contains_paid_content":false,"footnotes":""},"categories":[1],"tags":[],"class_list":["post-898","post","type-post","status-publish","format-standard","hentry","category-okategoriserade"],"jetpack_featured_media_url":"","jetpack_sharing_enabled":true,"post_mailing_queue_ids":[],"_links":{"self":[{"href":"https:\/\/www.ohrlund.se\/blogg\/wp-json\/wp\/v2\/posts\/898","targetHints":{"allow":["GET"]}}],"collection":[{"href":"https:\/\/www.ohrlund.se\/blogg\/wp-json\/wp\/v2\/posts"}],"about":[{"href":"https:\/\/www.ohrlund.se\/blogg\/wp-json\/wp\/v2\/types\/post"}],"author":[{"embeddable":true,"href":"https:\/\/www.ohrlund.se\/blogg\/wp-json\/wp\/v2\/users\/2"}],"replies":[{"embeddable":true,"href":"https:\/\/www.ohrlund.se\/blogg\/wp-json\/wp\/v2\/comments?post=898"}],"version-history":[{"count":3,"href":"https:\/\/www.ohrlund.se\/blogg\/wp-json\/wp\/v2\/posts\/898\/revisions"}],"predecessor-version":[{"id":902,"href":"https:\/\/www.ohrlund.se\/blogg\/wp-json\/wp\/v2\/posts\/898\/revisions\/902"}],"wp:attachment":[{"href":"https:\/\/www.ohrlund.se\/blogg\/wp-json\/wp\/v2\/media?parent=898"}],"wp:term":[{"taxonomy":"category","embeddable":true,"href":"https:\/\/www.ohrlund.se\/blogg\/wp-json\/wp\/v2\/categories?post=898"},{"taxonomy":"post_tag","embeddable":true,"href":"https:\/\/www.ohrlund.se\/blogg\/wp-json\/wp\/v2\/tags?post=898"}],"curies":[{"name":"wp","href":"https:\/\/api.w.org\/{rel}","templated":true}]}}