{"id":903,"date":"2012-02-14T23:52:45","date_gmt":"2012-02-14T21:52:45","guid":{"rendered":"http:\/\/www.ohrlund.se\/blogg\/?p=903"},"modified":"2012-02-14T23:52:45","modified_gmt":"2012-02-14T21:52:45","slug":"till-minne-av-karle-2","status":"publish","type":"post","link":"https:\/\/www.ohrlund.se\/blogg\/till-minne-av-karle-2\/","title":{"rendered":"Till minne av Karle (2)"},"content":{"rendered":"<p><strong>L\u00e4ser att det<\/strong> gjorts en unders\u00f6kning om vad folk p\u00e5 d\u00f6dsb\u00e4dden \u00e5ngrar mest, n\u00e4r det g\u00e4ller hur de levt sina liv.<\/p>\n<p>Tv\u00e5 saker tycks toppa:<\/p>\n<p>Att de inte h\u00e5llit tillr\u00e4ckligt god kontakt med familj, sl\u00e4kt och v\u00e4nner.<\/p>\n<p><strong>Att de inte levt de liv de \u00f6nskade leva<\/strong>, inte f\u00f6rs\u00f6kt uppfylla sina dr\u00f6mmar.<\/p>\n<p><strong>Jag t\u00e4nker p\u00e5 Karle igen.<\/strong> V\u00e4nnen, \u00e4ventyraren, den store, glade och bullrige som tog plats, omtyckt av alla.<\/p>\n<p><strong>Karle var en duktig fotograf<\/strong> men hade andra dr\u00f6mmar. Han k\u00f6rde genom Afrika i fallf\u00e4rdiga Volvobilar utan reservhjul, gjorde resorna andra dr\u00f6mde och pratade om. Efter rader av \u00f6den och \u00e4ventyr k\u00f6pte han en skuta och b\u00f6rjade leta skatter i R\u00f6da Havet.<\/p>\n<p><strong>Det gick bra, det d\u00e4r.<\/strong> P\u00e5 botten fanns lossnade\u00a0fartygspropellrar och tappade laster\u00a0som var v\u00e4rda mindre f\u00f6rm\u00f6genheter sedan Karle dykt, spr\u00e4ngt loss dem och b\u00e4rgat dem. Karle var skeppare p\u00e5 sin skuta, nj\u00f6t av \u00e4ventyret varje dag och fick dessutom mer \u00e4n hyggligt betalt f\u00f6r det.<\/p>\n<p><strong>S\u00e5 kom den \u00f6desdigra dagen<\/strong> n\u00e4r han inte kom tillbaka fr\u00e5n en dykning. En av v\u00e5ra andra v\u00e4nner var ombord, v\u00e4ntade oroligt och f\u00f6rstod till sist att tiden var ute.<\/p>\n<p><strong>L\u00e5ngt senare<\/strong> hittades en simfena och en dykartub.<\/p>\n<p>Inget mer.<\/p>\n<p><strong>Teorierna gick is\u00e4r<\/strong> och snart delades l\u00e4gren i tv\u00e5 grupper. Den ena h\u00e4vdade helt sonika att v\u00e5r v\u00e4n blivit upp\u00e4ten av en haj. Den andra menade att den grupp utl\u00e4ndska aff\u00e4rsm\u00e4n som hyrt Karle f\u00f6r att b\u00e4rga en stor last koppar, helt sonika hade skjutit honom efter\u00e5t ist\u00e4llet f\u00f6r att betala.<\/p>\n<p><strong>Sanningen f\u00e5r jag f\u00f6rmodligen aldrig veta<\/strong>. D\u00e4remot har jag goda sk\u00e4l att tro, att Karle levde sina sista dygn lyckligare \u00e4n de flesta.<\/p>\n<p><strong>Jag har sj\u00e4lv f\u00e5tt leva<\/strong> ett liv som bjudit p\u00e5 resor och upplevelser andra inte kommer i n\u00e4rheten av, och jag minns dem med ett leende, \u00e4ven om de innebar farligheter just d\u00e5. Jag har kolleger som rest betydligt mer och upplevt \u00e4ventyr jag aldrig v\u00e5gat mig i n\u00e4rheten av.<\/p>\n<p><strong>De har alla ett gemensamt<\/strong>: Ingen av dem har \u00e5ngrat att de gav upp tryggheten i det kalla Skandinavien, f\u00f6r att bege sig till andra l\u00e4nder, ok\u00e4nde territorier, utan att ens veta vad de gav sig in p\u00e5.<\/p>\n<p><strong>Jag p\u00e5st\u00e5r inte<\/strong> p\u00e5 n\u00e5got s\u00e4tt att det \u00e4r fel att leva sitt liv i Sverige, i ett f\u00f6rh\u00e5llande, i den relativa trygghet v\u00e5rt samh\u00e4llssystem trots allt erbjuder. En semesterresa till Thailand \u00e4r \u00e4ventyr nog f\u00f6r de flesta, d\u00e4rmed f\u00e5r det f\u00f6rbli.<\/p>\n<p><strong>Men f\u00f6r dig som tvivlar<\/strong> det minsta p\u00e5 ditt liv har jag ett f\u00f6rslag:<\/p>\n<p><strong>H\u00f6j blicken och b\u00f6rja fantisera.<\/strong><\/p>\n<p>Kanske \u00e4r det b\u00f6rjan p\u00e5 n\u00e5got helt nytt.<\/p>\n<p>Och, i alla fall s\u00e5vitt du vet, lever du bara en g\u00e5ng.<\/p>\n<p><strong>Go!<\/strong><\/p>\n<div id=\"wp_fb_like_button\" style=\"margin:5px 0;float:none;height:100px;\"><script src=\"http:\/\/connect.facebook.net\/en_US\/all.js#xfbml=1\"><\/script><fb:like href=\"https:\/\/www.ohrlund.se\/blogg\/till-minne-av-karle-2\/\" send=\"true\" layout=\"standard\" width=\"450\" show_faces=\"true\" font=\"arial\" action=\"like\" colorscheme=\"light\"><\/fb:like><\/div>","protected":false},"excerpt":{"rendered":"<p>L\u00e4ser att det gjorts en unders\u00f6kning om vad folk p\u00e5 d\u00f6dsb\u00e4dden \u00e5ngrar mest, n\u00e4r det g\u00e4ller hur de levt sina liv. Tv\u00e5 saker tycks toppa: Att de inte h\u00e5llit tillr\u00e4ckligt god kontakt med familj, sl\u00e4kt och v\u00e4nner. Att de inte &hellip; <a href=\"https:\/\/www.ohrlund.se\/blogg\/till-minne-av-karle-2\/\">Forts\u00e4tt l\u00e4sa <span class=\"meta-nav\">&rarr;<\/span><\/a><\/p>\n","protected":false},"author":2,"featured_media":0,"comment_status":"open","ping_status":"open","sticky":false,"template":"","format":"standard","meta":{"_jetpack_memberships_contains_paid_content":false,"footnotes":""},"categories":[1],"tags":[],"class_list":["post-903","post","type-post","status-publish","format-standard","hentry","category-okategoriserade"],"jetpack_featured_media_url":"","jetpack_sharing_enabled":true,"post_mailing_queue_ids":[],"_links":{"self":[{"href":"https:\/\/www.ohrlund.se\/blogg\/wp-json\/wp\/v2\/posts\/903","targetHints":{"allow":["GET"]}}],"collection":[{"href":"https:\/\/www.ohrlund.se\/blogg\/wp-json\/wp\/v2\/posts"}],"about":[{"href":"https:\/\/www.ohrlund.se\/blogg\/wp-json\/wp\/v2\/types\/post"}],"author":[{"embeddable":true,"href":"https:\/\/www.ohrlund.se\/blogg\/wp-json\/wp\/v2\/users\/2"}],"replies":[{"embeddable":true,"href":"https:\/\/www.ohrlund.se\/blogg\/wp-json\/wp\/v2\/comments?post=903"}],"version-history":[{"count":2,"href":"https:\/\/www.ohrlund.se\/blogg\/wp-json\/wp\/v2\/posts\/903\/revisions"}],"predecessor-version":[{"id":905,"href":"https:\/\/www.ohrlund.se\/blogg\/wp-json\/wp\/v2\/posts\/903\/revisions\/905"}],"wp:attachment":[{"href":"https:\/\/www.ohrlund.se\/blogg\/wp-json\/wp\/v2\/media?parent=903"}],"wp:term":[{"taxonomy":"category","embeddable":true,"href":"https:\/\/www.ohrlund.se\/blogg\/wp-json\/wp\/v2\/categories?post=903"},{"taxonomy":"post_tag","embeddable":true,"href":"https:\/\/www.ohrlund.se\/blogg\/wp-json\/wp\/v2\/tags?post=903"}],"curies":[{"name":"wp","href":"https:\/\/api.w.org\/{rel}","templated":true}]}}